{"id":61799,"date":"2007-10-12T00:00:00","date_gmt":"2007-10-12T00:00:00","guid":{"rendered":"https:\/\/www.deberes.net\/tesis\/sin-categoria\/madurez-vocacional-de-jovenes-colombianos-con-discapacidad-evaluacion-e-intervencion\/"},"modified":"2007-10-12T00:00:00","modified_gmt":"2007-10-12T00:00:00","slug":"madurez-vocacional-de-jovenes-colombianos-con-discapacidad-evaluacion-e-intervencion","status":"publish","type":"post","link":"https:\/\/www.deberes.net\/tesis\/evaluacion-y-diagnostico-en-psicologia\/madurez-vocacional-de-jovenes-colombianos-con-discapacidad-evaluacion-e-intervencion\/","title":{"rendered":"Madurez vocacional de j\u00f3venes colombianos con discapacidad: evaluaci\u00f3n e intervenci\u00f3n"},"content":{"rendered":"<h2>Tesis doctoral de <strong> Paola Rodr\u00edguez Franco <\/strong><\/h2>\n<p>La presente tesis doctoral ofrece los resultados obtenidos tras evaluar y  poner en marcha un programa para incrementar la madurez vocacional de j\u00f3venes con discapacidad intelectual en bogot\u00e1, colombia. Los objetivos de la investigaci\u00f3n fueron: 1) conocer la madurez vocacional de j\u00f3venes con discapacidad intelectual; 2) comparar la madurez vocacional de j\u00f3venes con o sin discapacidad intelectual; 3) seleccionar y adaptar instrumentos de evaluaci\u00f3n de la madurez vocacional; 4) desarrollar y aplicar un programa de intervenci\u00f3n para incrementar la madurez vocacional de j\u00f3venes con discapacidad intelectual.  el estudio tuvo un dise\u00f1o cuasi-experimental de medidas pre post-tratamiento y seguimiento, con grupo experimental, grupo control no equivalente, y grupo de comparaci\u00f3n. Tras un estudio piloto destinado, la muestra del estudio cuasi-experimental  estuvo constituida por 143 j\u00f3venes, 64 de ellos con discapacidad intelectual y 79 sin limitaciones. Las medidas utilizadas, tras la adaptaci\u00f3n y validaci\u00f3n en los casos necesarios, fueron: cuestionario de madurez para el empleo, el inventario de ajuste laboral, el perfil de personalidad laboral, la valoraci\u00f3n de las habilidades para la presentaci\u00f3n de una  entrevista, y la valoraci\u00f3n del curr\u00edculum vitae.  los resultados del estudio indicaron que: 1) existe un retraso en la madurez vocacional en los j\u00f3venes con discapacidad intelectual frente a sus iguales sin limitaciones; 2) la formaci\u00f3n afecta positivamente al desarrollo vocacional; 3) es posible incrementar la madurez vocacional de j\u00f3venes con discapacidad, con programas de intervenci\u00f3n sistem\u00e1ticos; 4) la severidad de la discapacidad intelectual es un factor de riesgo que incide sobre la madurez vocacional; 5) los beneficios de la intervenci\u00f3n sobre la madurez vocacional se mantienen a lo largo del tiempo; 6) dado que el grupo experimental no consigui\u00f3 equiparar su madurez vocacional con el grupo de comparaci\u00f3n, se propone llevar a cabo intervenciones prolongadas y de corte transversal para reducir diferencias entre personas con y sin discapacidad.<\/p>\n<p>&nbsp;<\/p>\n<h3>Datos acad\u00e9micos de la tesis doctoral \u00ab<strong>Madurez vocacional de j\u00f3venes colombianos con discapacidad: evaluaci\u00f3n e intervenci\u00f3n<\/strong>\u00ab<\/h3>\n<ul>\n<li><strong>T\u00edtulo de la tesis:<\/strong>\u00a0 Madurez vocacional de j\u00f3venes colombianos con discapacidad: evaluaci\u00f3n e intervenci\u00f3n <\/li>\n<li><strong>Autor:<\/strong>\u00a0 Paola Rodr\u00edguez Franco <\/li>\n<li><strong>Universidad:<\/strong>\u00a0 Salamanca<\/li>\n<li><strong>Fecha de lectura de la tesis:<\/strong>\u00a0 10\/12\/2007<\/li>\n<\/ul>\n<p>&nbsp;<\/p>\n<h3>Direcci\u00f3n y tribunal<\/h3>\n<ul>\n<li><strong>Director de la tesis<\/strong>\n<ul>\n<li>Cristina Jenaro R\u00edo<\/li>\n<\/ul>\n<\/li>\n<li><strong>Tribunal<\/strong>\n<ul>\n<li>Presidente del tribunal: isabel Serrano pintado <\/li>\n<li>pilar Sarto martin (vocal)<\/li>\n<li>Miguel \u00e1ngel Carbonero mart\u00edn (vocal)<\/li>\n<li>carmen Moreno rosset (vocal)<\/li>\n<\/ul>\n<\/li>\n<\/ul>\n<p>&nbsp;<\/p>\n","protected":false},"excerpt":{"rendered":"<p>Tesis doctoral de Paola Rodr\u00edguez Franco La presente tesis doctoral ofrece los resultados obtenidos tras evaluar y poner en marcha [&hellip;]<\/p>\n","protected":false},"author":1,"featured_media":0,"comment_status":"open","ping_status":"open","sticky":false,"template":"","format":"standard","meta":{"site-sidebar-layout":"default","site-content-layout":"","ast-site-content-layout":"","site-content-style":"default","site-sidebar-style":"default","ast-global-header-display":"","ast-banner-title-visibility":"","ast-main-header-display":"","ast-hfb-above-header-display":"","ast-hfb-below-header-display":"","ast-hfb-mobile-header-display":"","site-post-title":"","ast-breadcrumbs-content":"","ast-featured-img":"","footer-sml-layout":"","theme-transparent-header-meta":"","adv-header-id-meta":"","stick-header-meta":"","header-above-stick-meta":"","header-main-stick-meta":"","header-below-stick-meta":"","astra-migrate-meta-layouts":"default","ast-page-background-enabled":"default","ast-page-background-meta":{"desktop":{"background-color":"var(--ast-global-color-4)","background-image":"","background-repeat":"repeat","background-position":"center center","background-size":"auto","background-attachment":"scroll","background-type":"","background-media":"","overlay-type":"","overlay-color":"","overlay-gradient":""},"tablet":{"background-color":"","background-image":"","background-repeat":"repeat","background-position":"center center","background-size":"auto","background-attachment":"scroll","background-type":"","background-media":"","overlay-type":"","overlay-color":"","overlay-gradient":""},"mobile":{"background-color":"","background-image":"","background-repeat":"repeat","background-position":"center center","background-size":"auto","background-attachment":"scroll","background-type":"","background-media":"","overlay-type":"","overlay-color":"","overlay-gradient":""}},"ast-content-background-meta":{"desktop":{"background-color":"var(--ast-global-color-5)","background-image":"","background-repeat":"repeat","background-position":"center center","background-size":"auto","background-attachment":"scroll","background-type":"","background-media":"","overlay-type":"","overlay-color":"","overlay-gradient":""},"tablet":{"background-color":"var(--ast-global-color-5)","background-image":"","background-repeat":"repeat","background-position":"center center","background-size":"auto","background-attachment":"scroll","background-type":"","background-media":"","overlay-type":"","overlay-color":"","overlay-gradient":""},"mobile":{"background-color":"var(--ast-global-color-5)","background-image":"","background-repeat":"repeat","background-position":"center center","background-size":"auto","background-attachment":"scroll","background-type":"","background-media":"","overlay-type":"","overlay-color":"","overlay-gradient":""}},"footnotes":""},"categories":[15568,3289,1175,9469,9386],"tags":[68463,46009,9417,9470,136495,6],"class_list":["post-61799","post","type-post","status-publish","format-standard","hentry","category-deficiencia-mental","category-deficiencia-mental-del-nino-y-del-adolescente","category-evaluacion-y-diagnostico-en-psicologia","category-orientacion-vocacional-y-profesional","category-salamanca","tag-carmen-moreno-rosset","tag-cristina-jenaro-rio","tag-isabel-serrano-pintado","tag-miguel-angel-carbonero-martin","tag-paola-rodriguez-franco","tag-pilar-sarto-martin"],"_links":{"self":[{"href":"https:\/\/www.deberes.net\/tesis\/wp-json\/wp\/v2\/posts\/61799","targetHints":{"allow":["GET"]}}],"collection":[{"href":"https:\/\/www.deberes.net\/tesis\/wp-json\/wp\/v2\/posts"}],"about":[{"href":"https:\/\/www.deberes.net\/tesis\/wp-json\/wp\/v2\/types\/post"}],"author":[{"embeddable":true,"href":"https:\/\/www.deberes.net\/tesis\/wp-json\/wp\/v2\/users\/1"}],"replies":[{"embeddable":true,"href":"https:\/\/www.deberes.net\/tesis\/wp-json\/wp\/v2\/comments?post=61799"}],"version-history":[{"count":0,"href":"https:\/\/www.deberes.net\/tesis\/wp-json\/wp\/v2\/posts\/61799\/revisions"}],"wp:attachment":[{"href":"https:\/\/www.deberes.net\/tesis\/wp-json\/wp\/v2\/media?parent=61799"}],"wp:term":[{"taxonomy":"category","embeddable":true,"href":"https:\/\/www.deberes.net\/tesis\/wp-json\/wp\/v2\/categories?post=61799"},{"taxonomy":"post_tag","embeddable":true,"href":"https:\/\/www.deberes.net\/tesis\/wp-json\/wp\/v2\/tags?post=61799"}],"curies":[{"name":"wp","href":"https:\/\/api.w.org\/{rel}","templated":true}]}}