{"id":61810,"date":"2007-11-12T00:00:00","date_gmt":"2007-11-12T00:00:00","guid":{"rendered":"https:\/\/www.deberes.net\/tesis\/sin-categoria\/evaluacion-de-programas-de-educacion-a-distancia-basada-en-redes-estudio-de-caso\/"},"modified":"2007-11-12T00:00:00","modified_gmt":"2007-11-12T00:00:00","slug":"evaluacion-de-programas-de-educacion-a-distancia-basada-en-redes-estudio-de-caso","status":"publish","type":"post","link":"https:\/\/www.deberes.net\/tesis\/pedagogia\/evaluacion-de-programas-de-educacion-a-distancia-basada-en-redes-estudio-de-caso\/","title":{"rendered":"Evaluaci\u00f3n de programas de educaci\u00f3n a distancia basada en redes: estudio de caso"},"content":{"rendered":"<h2>Tesis doctoral de <strong>  Delcastillo-olivares Barber\u00e1n Jos\u00e9 Mar\u00eda <\/strong><\/h2>\n<p>En este trabajo de investigaci\u00f3n se ha dise\u00f1ado y desarrollado una propuesta de evaluaci\u00f3n de programas educativos bajo modalidad e-learning de corte naturalista. Se aborda el cruce de dos campos problem\u00e1ticos: de un lado las expectativas de orden pedag\u00f3gico mostradas por la generaci\u00f3n actual de modelos de ense\u00f1aza a distancia denominada as\u00edncrona r\u00e1pida; y de otro lado la potencialidad para la mejora de las evaluaciones de programas de cuarta generaci\u00f3n denominadas evaluaciones naturalistas, caracterizadas por ser comprensivas, adaptadas y conducidas por la teor\u00eda. El modelo se construye y experimenta en la segunda edici\u00f3n no presencial del t\u00edtulo propio de la universidad de la laguna  denominado master en dise\u00f1o y utilizaci\u00f3n de recursos inform\u00e1ticos en el aula (duria). Dos cursos acad\u00e9micos con 11 m\u00f3dulos. Se trata de la primera titulaci\u00f3n completamente no presencial de esta universidad implementada mediante la plataforma moodle.  El m\u00e9todo de investigaci\u00f3n ha sido trazado desde el car\u00e1cter naturalista de la evaluaci\u00f3n. Hemos utilizado una metodolog\u00eda mixta -cualitativa y cuantitativa-de investigaci\u00f3n con estrategias etnogr\u00e1ficas. Su car\u00e1cter comprensivo nos permite atender a contextos y momentos. Hemos trabajado con 5 dimensiones en tres fases (inicial, desarrollo, final). Como evaluaci\u00f3n adaptada al contexto, al caso y a los n\u00facleos de inter\u00e9s del colectivo, se procedi\u00f3 desde una inmersi\u00f3n en el caso vivenciando el programa formativo como alumno ordinario desde la matr\u00edcula, continuando con las tareas propias de ense\u00f1anza del m\u00f3dulo de tele formaci\u00f3n, y como evaluador formal interno se present\u00f3 el proyecto de evaluaci\u00f3n de la segunda edici\u00f3n del programa. De este modo pudimos acceder de un modo continuado a los agentes informantes e involucrados en la experiencia y concretar la descripci\u00f3n de los procesos de dise\u00f1o y desarrollo entorno 15 subdimensiones de estudio entre los que se destacan la concepci\u00f3n curricular, las<\/p>\n<p>&nbsp;<\/p>\n<h3>Datos acad\u00e9micos de la tesis doctoral \u00ab<strong>Evaluaci\u00f3n de programas de educaci\u00f3n a distancia basada en redes: estudio de caso<\/strong>\u00ab<\/h3>\n<ul>\n<li><strong>T\u00edtulo de la tesis:<\/strong>\u00a0 Evaluaci\u00f3n de programas de educaci\u00f3n a distancia basada en redes: estudio de caso <\/li>\n<li><strong>Autor:<\/strong>\u00a0  Delcastillo-olivares Barber\u00e1n Jos\u00e9 Mar\u00eda <\/li>\n<li><strong>Universidad:<\/strong>\u00a0 La laguna<\/li>\n<li><strong>Fecha de lectura de la tesis:<\/strong>\u00a0 11\/12\/2007<\/li>\n<\/ul>\n<p>&nbsp;<\/p>\n<h3>Direcci\u00f3n y tribunal<\/h3>\n<ul>\n<li><strong>Director de la tesis<\/strong>\n<ul>\n<li>Manuel Area Moreira<\/li>\n<\/ul>\n<\/li>\n<li><strong>Tribunal<\/strong>\n<ul>\n<li>Presidente del tribunal: lorenzo Moreno ruiz <\/li>\n<li>jordi Adell segura (vocal)<\/li>\n<li>amador Guarro pall\u00e1s (vocal)<\/li>\n<li>Jos\u00e9 Juan Castro s\u00e1nchez (vocal)<\/li>\n<\/ul>\n<\/li>\n<\/ul>\n<p>&nbsp;<\/p>\n","protected":false},"excerpt":{"rendered":"<p>Tesis doctoral de Delcastillo-olivares Barber\u00e1n Jos\u00e9 Mar\u00eda En este trabajo de investigaci\u00f3n se ha dise\u00f1ado y desarrollado una propuesta de [&hellip;]<\/p>\n","protected":false},"author":1,"featured_media":0,"comment_status":"open","ping_status":"open","sticky":false,"template":"","format":"standard","meta":{"site-sidebar-layout":"default","site-content-layout":"","ast-site-content-layout":"","site-content-style":"default","site-sidebar-style":"default","ast-global-header-display":"","ast-banner-title-visibility":"","ast-main-header-display":"","ast-hfb-above-header-display":"","ast-hfb-below-header-display":"","ast-hfb-mobile-header-display":"","site-post-title":"","ast-breadcrumbs-content":"","ast-featured-img":"","footer-sml-layout":"","theme-transparent-header-meta":"","adv-header-id-meta":"","stick-header-meta":"","header-above-stick-meta":"","header-main-stick-meta":"","header-below-stick-meta":"","astra-migrate-meta-layouts":"default","ast-page-background-enabled":"default","ast-page-background-meta":{"desktop":{"background-color":"var(--ast-global-color-4)","background-image":"","background-repeat":"repeat","background-position":"center center","background-size":"auto","background-attachment":"scroll","background-type":"","background-media":"","overlay-type":"","overlay-color":"","overlay-gradient":""},"tablet":{"background-color":"","background-image":"","background-repeat":"repeat","background-position":"center center","background-size":"auto","background-attachment":"scroll","background-type":"","background-media":"","overlay-type":"","overlay-color":"","overlay-gradient":""},"mobile":{"background-color":"","background-image":"","background-repeat":"repeat","background-position":"center center","background-size":"auto","background-attachment":"scroll","background-type":"","background-media":"","overlay-type":"","overlay-color":"","overlay-gradient":""}},"ast-content-background-meta":{"desktop":{"background-color":"var(--ast-global-color-5)","background-image":"","background-repeat":"repeat","background-position":"center center","background-size":"auto","background-attachment":"scroll","background-type":"","background-media":"","overlay-type":"","overlay-color":"","overlay-gradient":""},"tablet":{"background-color":"var(--ast-global-color-5)","background-image":"","background-repeat":"repeat","background-position":"center center","background-size":"auto","background-attachment":"scroll","background-type":"","background-media":"","overlay-type":"","overlay-color":"","overlay-gradient":""},"mobile":{"background-color":"var(--ast-global-color-5)","background-image":"","background-repeat":"repeat","background-position":"center center","background-size":"auto","background-attachment":"scroll","background-type":"","background-media":"","overlay-type":"","overlay-color":"","overlay-gradient":""}},"footnotes":""},"categories":[9915,1141,8934,1341],"tags":[10164,136516,34283,37755,10253,10163],"class_list":["post-61810","post","type-post","status-publish","format-standard","hentry","category-la-laguna","category-pedagogia","category-profesion-y-situacion-del-profesorado","category-teoria-y-metodos-educativos","tag-amador-guarro-pallas","tag-delcastillo-olivares-barberan-jose-maria","tag-jordi-adell-segura","tag-jose-juan-castro-sanchez","tag-lorenzo-moreno-ruiz","tag-manuel-area-moreira"],"_links":{"self":[{"href":"https:\/\/www.deberes.net\/tesis\/wp-json\/wp\/v2\/posts\/61810","targetHints":{"allow":["GET"]}}],"collection":[{"href":"https:\/\/www.deberes.net\/tesis\/wp-json\/wp\/v2\/posts"}],"about":[{"href":"https:\/\/www.deberes.net\/tesis\/wp-json\/wp\/v2\/types\/post"}],"author":[{"embeddable":true,"href":"https:\/\/www.deberes.net\/tesis\/wp-json\/wp\/v2\/users\/1"}],"replies":[{"embeddable":true,"href":"https:\/\/www.deberes.net\/tesis\/wp-json\/wp\/v2\/comments?post=61810"}],"version-history":[{"count":0,"href":"https:\/\/www.deberes.net\/tesis\/wp-json\/wp\/v2\/posts\/61810\/revisions"}],"wp:attachment":[{"href":"https:\/\/www.deberes.net\/tesis\/wp-json\/wp\/v2\/media?parent=61810"}],"wp:term":[{"taxonomy":"category","embeddable":true,"href":"https:\/\/www.deberes.net\/tesis\/wp-json\/wp\/v2\/categories?post=61810"},{"taxonomy":"post_tag","embeddable":true,"href":"https:\/\/www.deberes.net\/tesis\/wp-json\/wp\/v2\/tags?post=61810"}],"curies":[{"name":"wp","href":"https:\/\/api.w.org\/{rel}","templated":true}]}}