{"id":61839,"date":"2007-12-12T00:00:00","date_gmt":"2007-12-12T00:00:00","guid":{"rendered":"https:\/\/www.deberes.net\/tesis\/sin-categoria\/va%c2%adnculo-afectivo-y-estres-en-la-maternidad-adolescente-un-estudio-con-metodologa%c2%ada-combinada\/"},"modified":"2007-12-12T00:00:00","modified_gmt":"2007-12-12T00:00:00","slug":"va%c2%adnculo-afectivo-y-estres-en-la-maternidad-adolescente-un-estudio-con-metodologa%c2%ada-combinada","status":"publish","type":"post","link":"https:\/\/www.deberes.net\/tesis\/psicologia\/va%c2%adnculo-afectivo-y-estres-en-la-maternidad-adolescente-un-estudio-con-metodologa%c2%ada-combinada\/","title":{"rendered":"V\u00ednculo afectivo y estr\u00e9s en la maternidad adolescente: un estudio con metodolog\u00eda combinada"},"content":{"rendered":"<h2>Tesis doctoral de <strong> Mar\u00eda na Calesso Moreira <\/strong><\/h2>\n<p>Esta tesis es resultado de una investigaci\u00f3n sobre el patr\u00f3n v\u00edncular afectivo y el estr\u00e9s en la maternidad adolescente. Para tanto, se utiliz\u00f3 una muestra de 80 madres (49 adolescentes &#8211; 12-17 a\u00f1os y 31 j\u00f3venes &#8211; 18-24 a\u00f1os), provenientes de diversos centros socio-sanitarios de la provincia de barcelona. Como instrumentos fueron utilizados una cuestionario sociodemogr\u00e1fico, la entrevista de prototipos del apego adulto (strauss y lobo-drost, 2001) y el parental stress index (abidin, 1990). Se trata de una investigaci\u00f3n con metodolog\u00eda combinada, que se dividi\u00f3 en dos fases. La fase 1 corresponde a los an\u00e1lisis descriptivo y bivariado y la fase 2 al an\u00e1lisis cualitativo realizado sobre la vinculaci\u00f3n de las madres adolescentes con sus padres, pareja e hijos, adem\u00e1s de las percepciones sobre si mismas y los acontecimientos vitales estresantes (ave) por los que han pasado. Los resultados obtenidos no indican relaci\u00f3n significativa entre el patr\u00f3n vincular afectivo de las participantes y sus niveles de estr\u00e9s en la maternidad, entretanto, los ave vividos s\u00ed parecen influenciar su relaci\u00f3n con las figuras parentales y con sus hijos. Las participantes que contaban con sus madres para la crianza de sus hijos y, presentaban patr\u00f3n vincular seguro, obtuvieron niveles m\u00e1s bajos de estr\u00e9s, as\u00ed como las participantes j\u00f3venes y las que resid\u00edan  en casas de acogida. Adem\u00e1s de esto, los sentimientos de las adolescentes sobre el embarazo parecen estar relacionados con la relaci\u00f3n que mantienen con sus padres y la pareja. Tales resultados indican la necesidad de una atenci\u00f3n especializada a las madres adolescentes, debido a complejidad demostrada por el fen\u00f3meno estudiado y sus implicaciones para el desarrollo de las adolescentes y sus hijos.<\/p>\n<p>&nbsp;<\/p>\n<h3>Datos acad\u00e9micos de la tesis doctoral \u00ab<strong>V\u00ednculo afectivo y estr\u00e9s en la maternidad adolescente: un estudio con metodolog\u00eda combinada<\/strong>\u00ab<\/h3>\n<ul>\n<li><strong>T\u00edtulo de la tesis:<\/strong>\u00a0 V\u00ednculo afectivo y estr\u00e9s en la maternidad adolescente: un estudio con metodolog\u00eda combinada <\/li>\n<li><strong>Autor:<\/strong>\u00a0 Mar\u00eda na Calesso Moreira <\/li>\n<li><strong>Universidad:<\/strong>\u00a0 Aut\u00f3noma de barcelona<\/li>\n<li><strong>Fecha de lectura de la tesis:<\/strong>\u00a0 12\/12\/2007<\/li>\n<\/ul>\n<p>&nbsp;<\/p>\n<h3>Direcci\u00f3n y tribunal<\/h3>\n<ul>\n<li><strong>Director de la tesis<\/strong>\n<ul>\n<li>Merc\u00e9 Mitjavila Garcia<\/li>\n<\/ul>\n<\/li>\n<li><strong>Tribunal<\/strong>\n<ul>\n<li>Presidente del tribunal: Edelmira Dom\u00e9nech Llaberia <\/li>\n<li> Pi-sunyer I Peyr\u00ed Mar\u00eda  Teresa (vocal)<\/li>\n<li> Lafuente Benaches Mar\u00eda  Josefa (vocal)<\/li>\n<li>Mar\u00eda  Teresa Garcia-die Mu\u00f1oz (vocal)<\/li>\n<\/ul>\n<\/li>\n<\/ul>\n<p>&nbsp;<\/p>\n","protected":false},"excerpt":{"rendered":"<p>Tesis doctoral de Mar\u00eda na Calesso Moreira Esta tesis es resultado de una investigaci\u00f3n sobre el patr\u00f3n v\u00edncular afectivo y [&hellip;]<\/p>\n","protected":false},"author":1,"featured_media":0,"comment_status":"open","ping_status":"open","sticky":false,"template":"","format":"standard","meta":{"site-sidebar-layout":"default","site-content-layout":"","ast-site-content-layout":"","site-content-style":"default","site-sidebar-style":"default","ast-global-header-display":"","ast-banner-title-visibility":"","ast-main-header-display":"","ast-hfb-above-header-display":"","ast-hfb-below-header-display":"","ast-hfb-mobile-header-display":"","site-post-title":"","ast-breadcrumbs-content":"","ast-featured-img":"","footer-sml-layout":"","theme-transparent-header-meta":"","adv-header-id-meta":"","stick-header-meta":"","header-above-stick-meta":"","header-main-stick-meta":"","header-below-stick-meta":"","astra-migrate-meta-layouts":"default","ast-page-background-enabled":"default","ast-page-background-meta":{"desktop":{"background-color":"var(--ast-global-color-4)","background-image":"","background-repeat":"repeat","background-position":"center center","background-size":"auto","background-attachment":"scroll","background-type":"","background-media":"","overlay-type":"","overlay-color":"","overlay-gradient":""},"tablet":{"background-color":"","background-image":"","background-repeat":"repeat","background-position":"center center","background-size":"auto","background-attachment":"scroll","background-type":"","background-media":"","overlay-type":"","overlay-color":"","overlay-gradient":""},"mobile":{"background-color":"","background-image":"","background-repeat":"repeat","background-position":"center center","background-size":"auto","background-attachment":"scroll","background-type":"","background-media":"","overlay-type":"","overlay-color":"","overlay-gradient":""}},"ast-content-background-meta":{"desktop":{"background-color":"var(--ast-global-color-5)","background-image":"","background-repeat":"repeat","background-position":"center center","background-size":"auto","background-attachment":"scroll","background-type":"","background-media":"","overlay-type":"","overlay-color":"","overlay-gradient":""},"tablet":{"background-color":"var(--ast-global-color-5)","background-image":"","background-repeat":"repeat","background-position":"center center","background-size":"auto","background-attachment":"scroll","background-type":"","background-media":"","overlay-type":"","overlay-color":"","overlay-gradient":""},"mobile":{"background-color":"var(--ast-global-color-5)","background-image":"","background-repeat":"repeat","background-position":"center center","background-size":"auto","background-attachment":"scroll","background-type":"","background-media":"","overlay-type":"","overlay-color":"","overlay-gradient":""}},"footnotes":""},"categories":[44878,32400,324,2758],"tags":[13749,136579,136577,64742,64740,136578],"class_list":["post-61839","post","type-post","status-publish","format-standard","hentry","category-afrontamiento-de-problemas-personales","category-desarrollo-de-la-personalidad","category-psicologia","category-psicologia-evolutiva","tag-edelmira-domenech-llaberia","tag-lafuente-benaches-maria-josefa","tag-maria-na-calesso-moreira","tag-maria-teresa-garcia-die-munoz","tag-merca-mitjavila-garcia","tag-pi-sunyer-i-peyri-maria-teresa"],"_links":{"self":[{"href":"https:\/\/www.deberes.net\/tesis\/wp-json\/wp\/v2\/posts\/61839","targetHints":{"allow":["GET"]}}],"collection":[{"href":"https:\/\/www.deberes.net\/tesis\/wp-json\/wp\/v2\/posts"}],"about":[{"href":"https:\/\/www.deberes.net\/tesis\/wp-json\/wp\/v2\/types\/post"}],"author":[{"embeddable":true,"href":"https:\/\/www.deberes.net\/tesis\/wp-json\/wp\/v2\/users\/1"}],"replies":[{"embeddable":true,"href":"https:\/\/www.deberes.net\/tesis\/wp-json\/wp\/v2\/comments?post=61839"}],"version-history":[{"count":0,"href":"https:\/\/www.deberes.net\/tesis\/wp-json\/wp\/v2\/posts\/61839\/revisions"}],"wp:attachment":[{"href":"https:\/\/www.deberes.net\/tesis\/wp-json\/wp\/v2\/media?parent=61839"}],"wp:term":[{"taxonomy":"category","embeddable":true,"href":"https:\/\/www.deberes.net\/tesis\/wp-json\/wp\/v2\/categories?post=61839"},{"taxonomy":"post_tag","embeddable":true,"href":"https:\/\/www.deberes.net\/tesis\/wp-json\/wp\/v2\/tags?post=61839"}],"curies":[{"name":"wp","href":"https:\/\/api.w.org\/{rel}","templated":true}]}}