{"id":61861,"date":"2007-12-12T00:00:00","date_gmt":"2007-12-12T00:00:00","guid":{"rendered":"https:\/\/www.deberes.net\/tesis\/sin-categoria\/factores-determinantes-de-la-competitividad-en-la-pequena-y-mediana-empresa\/"},"modified":"2007-12-12T00:00:00","modified_gmt":"2007-12-12T00:00:00","slug":"factores-determinantes-de-la-competitividad-en-la-pequena-y-mediana-empresa","status":"publish","type":"post","link":"https:\/\/www.deberes.net\/tesis\/organizacion-y-gestion-de-empresas\/factores-determinantes-de-la-competitividad-en-la-pequena-y-mediana-empresa\/","title":{"rendered":"Factores determinantes de la competitividad en la peque\u00f1a y mediana empresa"},"content":{"rendered":"<h2>Tesis doctoral de <strong> Mart\u00edn Aubert Hern\u00e1ndez Calzada <\/strong><\/h2>\n<p>El trabajo de investigaci\u00f3n se centra en la competitividad de las peque\u00f1as y medianas empresas (pymes), medida a trav\u00e9s de la cultura organizacional. El objetivo general consiste en exponer la cultura organizacional de las pymes exportadoras o que se encuentran en proceso de internacionalizaci\u00f3n, para establecer si los factores de la cultura organizacional influyen en la competitividad de las mismas. Se desarroll\u00f3 el marco contextual y los instrumentos de identificaci\u00f3n de la empresa y el instrumento de culturo organizacional y competitividad (icoc). Se demuestra que las variables de la dimensi\u00f3n cultura organizacional, calidad, identidad, reconocimientos\/incentivos y comunicaci\u00f3n, son las que tienen mayor influencia en el nivel de competitividad de las empresas, as\u00ed mismo, se encuentran diferencias significativas respecto al tama\u00f1o de las empresas y el grado de internacionalizaci\u00f3n.<\/p>\n<p>&nbsp;<\/p>\n<h3>Datos acad\u00e9micos de la tesis doctoral \u00ab<strong>Factores determinantes de la competitividad en la peque\u00f1a y mediana empresa<\/strong>\u00ab<\/h3>\n<ul>\n<li><strong>T\u00edtulo de la tesis:<\/strong>\u00a0 Factores determinantes de la competitividad en la peque\u00f1a y mediana empresa <\/li>\n<li><strong>Autor:<\/strong>\u00a0 Mart\u00edn Aubert Hern\u00e1ndez Calzada <\/li>\n<li><strong>Universidad:<\/strong>\u00a0 Salamanca<\/li>\n<li><strong>Fecha de lectura de la tesis:<\/strong>\u00a0 12\/12\/2007<\/li>\n<\/ul>\n<p>&nbsp;<\/p>\n<h3>Direcci\u00f3n y tribunal<\/h3>\n<ul>\n<li><strong>Director de la tesis<\/strong>\n<ul>\n<li>Luis Gonz\u00e1lez Fern\u00e1ndez<\/li>\n<\/ul>\n<\/li>\n<li><strong>Tribunal<\/strong>\n<ul>\n<li>Presidente del tribunal: camilo Prado freire <\/li>\n<li>Mar\u00eda del mar Rodr\u00edguez dom\u00ednguez (vocal)<\/li>\n<li>Jos\u00e9 Luis Pariente fragoso (vocal)<\/li>\n<li>Antonio Delgado padial (vocal)<\/li>\n<\/ul>\n<\/li>\n<\/ul>\n<p>&nbsp;<\/p>\n","protected":false},"excerpt":{"rendered":"<p>Tesis doctoral de Mart\u00edn Aubert Hern\u00e1ndez Calzada El trabajo de investigaci\u00f3n se centra en la competitividad de las peque\u00f1as y [&hellip;]<\/p>\n","protected":false},"author":1,"featured_media":0,"comment_status":"open","ping_status":"open","sticky":false,"template":"","format":"standard","meta":{"site-sidebar-layout":"default","site-content-layout":"","ast-site-content-layout":"","site-content-style":"default","site-sidebar-style":"default","ast-global-header-display":"","ast-banner-title-visibility":"","ast-main-header-display":"","ast-hfb-above-header-display":"","ast-hfb-below-header-display":"","ast-hfb-mobile-header-display":"","site-post-title":"","ast-breadcrumbs-content":"","ast-featured-img":"","footer-sml-layout":"","theme-transparent-header-meta":"","adv-header-id-meta":"","stick-header-meta":"","header-above-stick-meta":"","header-main-stick-meta":"","header-below-stick-meta":"","astra-migrate-meta-layouts":"default","ast-page-background-enabled":"default","ast-page-background-meta":{"desktop":{"background-color":"var(--ast-global-color-4)","background-image":"","background-repeat":"repeat","background-position":"center center","background-size":"auto","background-attachment":"scroll","background-type":"","background-media":"","overlay-type":"","overlay-color":"","overlay-gradient":""},"tablet":{"background-color":"","background-image":"","background-repeat":"repeat","background-position":"center center","background-size":"auto","background-attachment":"scroll","background-type":"","background-media":"","overlay-type":"","overlay-color":"","overlay-gradient":""},"mobile":{"background-color":"","background-image":"","background-repeat":"repeat","background-position":"center center","background-size":"auto","background-attachment":"scroll","background-type":"","background-media":"","overlay-type":"","overlay-color":"","overlay-gradient":""}},"ast-content-background-meta":{"desktop":{"background-color":"var(--ast-global-color-5)","background-image":"","background-repeat":"repeat","background-position":"center center","background-size":"auto","background-attachment":"scroll","background-type":"","background-media":"","overlay-type":"","overlay-color":"","overlay-gradient":""},"tablet":{"background-color":"var(--ast-global-color-5)","background-image":"","background-repeat":"repeat","background-position":"center center","background-size":"auto","background-attachment":"scroll","background-type":"","background-media":"","overlay-type":"","overlay-color":"","overlay-gradient":""},"mobile":{"background-color":"var(--ast-global-color-5)","background-image":"","background-repeat":"repeat","background-position":"center center","background-size":"auto","background-attachment":"scroll","background-type":"","background-media":"","overlay-type":"","overlay-color":"","overlay-gradient":""}},"footnotes":""},"categories":[30877,2428,1302,9386],"tags":[75483,7053,136617,42842,136620,136619],"class_list":["post-61861","post","type-post","status-publish","format-standard","hentry","category-direccion-de-ventas","category-investigacion-operativa-en-la-empresa","category-organizacion-y-gestion-de-empresas","category-salamanca","tag-antonio-delgado-padial","tag-camilo-prado-freire","tag-jose-luis-pariente-fragoso","tag-luis-gonzalez-fernandez","tag-maria-del-mar-rodriguez-dominguez","tag-martin-aubert-hernandez-calzada"],"_links":{"self":[{"href":"https:\/\/www.deberes.net\/tesis\/wp-json\/wp\/v2\/posts\/61861","targetHints":{"allow":["GET"]}}],"collection":[{"href":"https:\/\/www.deberes.net\/tesis\/wp-json\/wp\/v2\/posts"}],"about":[{"href":"https:\/\/www.deberes.net\/tesis\/wp-json\/wp\/v2\/types\/post"}],"author":[{"embeddable":true,"href":"https:\/\/www.deberes.net\/tesis\/wp-json\/wp\/v2\/users\/1"}],"replies":[{"embeddable":true,"href":"https:\/\/www.deberes.net\/tesis\/wp-json\/wp\/v2\/comments?post=61861"}],"version-history":[{"count":0,"href":"https:\/\/www.deberes.net\/tesis\/wp-json\/wp\/v2\/posts\/61861\/revisions"}],"wp:attachment":[{"href":"https:\/\/www.deberes.net\/tesis\/wp-json\/wp\/v2\/media?parent=61861"}],"wp:term":[{"taxonomy":"category","embeddable":true,"href":"https:\/\/www.deberes.net\/tesis\/wp-json\/wp\/v2\/categories?post=61861"},{"taxonomy":"post_tag","embeddable":true,"href":"https:\/\/www.deberes.net\/tesis\/wp-json\/wp\/v2\/tags?post=61861"}],"curies":[{"name":"wp","href":"https:\/\/api.w.org\/{rel}","templated":true}]}}