{"id":61875,"date":"2018-03-09T22:49:44","date_gmt":"2018-03-09T22:49:44","guid":{"rendered":"https:\/\/www.deberes.net\/tesis\/sin-categoria\/variables-psicologicas-y-de-automanejo-en-el-asma-de-riesgo-vital\/"},"modified":"2018-03-09T22:49:44","modified_gmt":"2018-03-09T22:49:44","slug":"variables-psicologicas-y-de-automanejo-en-el-asma-de-riesgo-vital","status":"publish","type":"post","link":"https:\/\/www.deberes.net\/tesis\/psicologia\/variables-psicologicas-y-de-automanejo-en-el-asma-de-riesgo-vital\/","title":{"rendered":"Variables psicol\u00f3gicas y de automanejo en el asma de riesgo vital"},"content":{"rendered":"<h2>Tesis doctoral de <strong> Esther Romero Frais <\/strong><\/h2>\n<p>El asma de riesgo vital (arv) es una condici\u00f3n cl\u00ednica que ha despertado un gran inter\u00e9s en la investigaci\u00f3n en los \u00faltimos a\u00f1os debido a los altos \u00edndices de morbilidad y mortalidad que conlleva. Las crisis de arv representan el extremo m\u00e1s peligroso y agresivo del espectro de gravedad de las exacerbaciones asm\u00e1ticas, y los pacientes que las sufren morir\u00edan, casi con total seguridad, en caso de no recibir intervenci\u00f3n m\u00e9dica. La revisi\u00f3n de la literatura especializada coincide en admitir que, en la mayor\u00eda de los casos, para que se desencadene una crisis de riesgo vital es necesario el concurso de factores de distinta naturaleza, tanto sociodemogr\u00e1ficos y cl\u00ednicos como psicol\u00f3gicos y de automanejo del asma, siendo los factores referidos a las caracter\u00edsticas sociodemogr\u00e1ficas y de la enfermedad los que han recibido mayor atenci\u00f3n. Por el contrario, el papel de los factores psicol\u00f3gicos y de automanejo en la aparici\u00f3n de las crisis de riesgo vital permanece en un mayor nivel de indeterminaci\u00f3n, debido principalmente a los escasos estudios con grupo control realizados hasta la fecha, y a las limitaciones metodol\u00f3gicas que comparten, referidas especialmente al peque\u00f1o tama\u00f1o muestral, a las diferencias en el per\u00edodo de tiempo comprendido entre la crisis y la evaluaci\u00f3n de las variables, a la ausencia de control de posibles variables extra\u00f1as, y a la falta de homogeneidad en las caracter\u00edsticas sociodemogr\u00e1ficas y cl\u00ednicas entre los grupos comparados (arv y gc). Los objetivos de la investigaci\u00f3n fueron determinar si los pacientes con crisis de arv difieren en variables psicol\u00f3gicas (s\u00edntomas depresivos, ansiedad-rasgo, alexitimia), y de automanejo (conocimiento pr\u00e1ctico de automanejo y adherencia al tratamiento farmacol\u00f3gico), de pacientes asm\u00e1ticos de similar edad, sexo y gravedad de la enfermedad pero que nunca han experimentado ataques de riesgo vital (asrv), as\u00ed como analizar la relaci\u00f3n entre las variables psicol\u00f3gicas y de<\/p>\n<p>&nbsp;<\/p>\n<h3>Datos acad\u00e9micos de la tesis doctoral \u00ab<strong>Variables psicol\u00f3gicas y de automanejo en el asma de riesgo vital<\/strong>\u00ab<\/h3>\n<ul>\n<li><strong>T\u00edtulo de la tesis:<\/strong>\u00a0 Variables psicol\u00f3gicas y de automanejo en el asma de riesgo vital <\/li>\n<li><strong>Autor:<\/strong>\u00a0 Esther Romero Frais <\/li>\n<li><strong>Universidad:<\/strong>\u00a0 Santiago de compostela<\/li>\n<li><strong>Fecha de lectura de la tesis:<\/strong>\u00a0 13\/12\/2007<\/li>\n<\/ul>\n<p>&nbsp;<\/p>\n<h3>Direcci\u00f3n y tribunal<\/h3>\n<ul>\n<li><strong>Director de la tesis<\/strong>\n<ul>\n<li> V\u00e1zquez Rodr\u00edguez Mar\u00eda Isabel<\/li>\n<\/ul>\n<\/li>\n<li><strong>Tribunal<\/strong>\n<ul>\n<li>Presidente del tribunal: Elisardo Beco\u00f1a Iglesias <\/li>\n<li>Jos\u00e9 Mar\u00eda Buceta Fern\u00e1ndez (vocal)<\/li>\n<li>H\u00e9ctor Verea Hernando (vocal)<\/li>\n<li>Miguel Angel Simon Lopez (vocal)<\/li>\n<\/ul>\n<\/li>\n<\/ul>\n<p>&nbsp;<\/p>\n","protected":false},"excerpt":{"rendered":"<p>Tesis doctoral de Esther Romero Frais El asma de riesgo vital (arv) es una condici\u00f3n cl\u00ednica que ha despertado un [&hellip;]<\/p>\n","protected":false},"author":1,"featured_media":0,"comment_status":"open","ping_status":"open","sticky":false,"template":"","format":"standard","meta":{"site-sidebar-layout":"default","site-content-layout":"","ast-site-content-layout":"","site-content-style":"default","site-sidebar-style":"default","ast-global-header-display":"","ast-banner-title-visibility":"","ast-main-header-display":"","ast-hfb-above-header-display":"","ast-hfb-below-header-display":"","ast-hfb-mobile-header-display":"","site-post-title":"","ast-breadcrumbs-content":"","ast-featured-img":"","footer-sml-layout":"","theme-transparent-header-meta":"","adv-header-id-meta":"","stick-header-meta":"","header-above-stick-meta":"","header-main-stick-meta":"","header-below-stick-meta":"","astra-migrate-meta-layouts":"default","ast-page-background-enabled":"default","ast-page-background-meta":{"desktop":{"background-color":"var(--ast-global-color-4)","background-image":"","background-repeat":"repeat","background-position":"center center","background-size":"auto","background-attachment":"scroll","background-type":"","background-media":"","overlay-type":"","overlay-color":"","overlay-gradient":""},"tablet":{"background-color":"","background-image":"","background-repeat":"repeat","background-position":"center center","background-size":"auto","background-attachment":"scroll","background-type":"","background-media":"","overlay-type":"","overlay-color":"","overlay-gradient":""},"mobile":{"background-color":"","background-image":"","background-repeat":"repeat","background-position":"center center","background-size":"auto","background-attachment":"scroll","background-type":"","background-media":"","overlay-type":"","overlay-color":"","overlay-gradient":""}},"ast-content-background-meta":{"desktop":{"background-color":"var(--ast-global-color-5)","background-image":"","background-repeat":"repeat","background-position":"center center","background-size":"auto","background-attachment":"scroll","background-type":"","background-media":"","overlay-type":"","overlay-color":"","overlay-gradient":""},"tablet":{"background-color":"var(--ast-global-color-5)","background-image":"","background-repeat":"repeat","background-position":"center center","background-size":"auto","background-attachment":"scroll","background-type":"","background-media":"","overlay-type":"","overlay-color":"","overlay-gradient":""},"mobile":{"background-color":"var(--ast-global-color-5)","background-image":"","background-repeat":"repeat","background-position":"center center","background-size":"auto","background-attachment":"scroll","background-type":"","background-media":"","overlay-type":"","overlay-color":"","overlay-gradient":""}},"footnotes":""},"categories":[41497,4264,324,977],"tags":[13523,136646,48931,31491,14936,136647],"class_list":["post-61875","post","type-post","status-publish","format-standard","hentry","category-afrontamiento-de-la-enfermedad","category-asesoramiento-y-orientacion-psicologicas","category-psicologia","category-santiago-de-compostela","tag-elisardo-becona-iglesias","tag-esther-romero-frais","tag-hector-verea-hernando","tag-jose-maria-buceta-fernandez","tag-miguel-angel-simon-lopez","tag-vazquez-rodriguez-maria-isabel"],"_links":{"self":[{"href":"https:\/\/www.deberes.net\/tesis\/wp-json\/wp\/v2\/posts\/61875","targetHints":{"allow":["GET"]}}],"collection":[{"href":"https:\/\/www.deberes.net\/tesis\/wp-json\/wp\/v2\/posts"}],"about":[{"href":"https:\/\/www.deberes.net\/tesis\/wp-json\/wp\/v2\/types\/post"}],"author":[{"embeddable":true,"href":"https:\/\/www.deberes.net\/tesis\/wp-json\/wp\/v2\/users\/1"}],"replies":[{"embeddable":true,"href":"https:\/\/www.deberes.net\/tesis\/wp-json\/wp\/v2\/comments?post=61875"}],"version-history":[{"count":0,"href":"https:\/\/www.deberes.net\/tesis\/wp-json\/wp\/v2\/posts\/61875\/revisions"}],"wp:attachment":[{"href":"https:\/\/www.deberes.net\/tesis\/wp-json\/wp\/v2\/media?parent=61875"}],"wp:term":[{"taxonomy":"category","embeddable":true,"href":"https:\/\/www.deberes.net\/tesis\/wp-json\/wp\/v2\/categories?post=61875"},{"taxonomy":"post_tag","embeddable":true,"href":"https:\/\/www.deberes.net\/tesis\/wp-json\/wp\/v2\/tags?post=61875"}],"curies":[{"name":"wp","href":"https:\/\/api.w.org\/{rel}","templated":true}]}}