{"id":61884,"date":"2018-03-09T22:49:48","date_gmt":"2018-03-09T22:49:48","guid":{"rendered":"https:\/\/www.deberes.net\/tesis\/sin-categoria\/aplicaciones-de-la-edicion-no-lineal-en-el-sistema-de-produccion-audiovisual-tv-y-cine-de-los-informativos-a-la-ficcion\/"},"modified":"2018-03-09T22:49:48","modified_gmt":"2018-03-09T22:49:48","slug":"aplicaciones-de-la-edicion-no-lineal-en-el-sistema-de-produccion-audiovisual-tv-y-cine-de-los-informativos-a-la-ficcion","status":"publish","type":"post","link":"https:\/\/www.deberes.net\/tesis\/cinematografia\/aplicaciones-de-la-edicion-no-lineal-en-el-sistema-de-produccion-audiovisual-tv-y-cine-de-los-informativos-a-la-ficcion\/","title":{"rendered":"Aplicaciones de la edicion no lineal en el sistema de produccion audiovisual (tv y cine): de los informativos a la ficcion."},"content":{"rendered":"<h2>Tesis doctoral de <strong> Fco. Javier Grau Diaz <\/strong><\/h2>\n<p>Desde principios de los a\u00f1os noventa los medios audiovisuales, concretamente el cine y la televisi\u00f3n, han visto como poco a poco la tecnolog\u00eda digital se ha ido introduciendo en su modelo de producci\u00f3n de una forma sigilosa, pero totalmente irreversible, para instaurarse como el principal rasgo tecnol\u00f3gico de su infraestructura. Al principio se trat\u00f3 de los primeros usos de los ordenadores en la creaci\u00f3n de im\u00e1genes de s\u00edntesis para determinados largometrajes, a continuaci\u00f3n estas im\u00e1genes se hicieron cada vez m\u00e1s sofisticadas y elaboradas y los ordenadores se convirtieron en las grandes herramientas en la creaci\u00f3n de efectos visuales. El siguiente paso fue el extender estos recursos al resto de procesos de la postproducci\u00f3n, y superar las labores de generaci\u00f3n de efectos, para convertirse en los equipos id\u00f3neos para el montaje. Aunque el atributo de edici\u00f3n no lineal es una caracter\u00edstica propia del montaje cinematogr\u00e1fico, su origen lo caus\u00f3 la falta de flexibilidad que impon\u00eda el montaje en la cinta de v\u00eddeo. Las restricciones lineales intr\u00ednsecas a este sistema indujeron a la industria tecnol\u00f3gica dedicada al v\u00eddeo y a la televisi\u00f3n a desarrollar diferentes m\u00e1quinas que emular\u00e1n la no linealidad del montaje f\u00edlmico. De este modo, tras varias generaciones, se logr\u00f3 desarrollar lo que hoy conocemos como edici\u00f3n no lineal digital. Las ventajas que ofrece este sistema, basado totalmente en tecnolog\u00eda inform\u00e1tica, hizo que pronto fuera visto como el sustituto incontestable de la edici\u00f3n de v\u00eddeo anal\u00f3gica. En pocos a\u00f1os la gran mayor\u00eda de las empresas dedicadas al audiovisual han abandonado el montaje anal\u00f3gico, de hecho, incluso aquellas especializadas en la postproducci\u00f3n cinematogr\u00e1fica se han decantado por el montaje digital y aunque se conserva el conformado final con pel\u00edcula de 35 mil\u00edmetros la mayor parte del proceso se realiza en digital. Con la implantaci\u00f3n de las ediciones no lineales digitales todas las producto<\/p>\n<p>&nbsp;<\/p>\n<h3>Datos acad\u00e9micos de la tesis doctoral \u00ab<strong>Aplicaciones de la edicion no lineal en el sistema de produccion audiovisual (tv y cine): de los informativos a la ficcion.<\/strong>\u00ab<\/h3>\n<ul>\n<li><strong>T\u00edtulo de la tesis:<\/strong>\u00a0 Aplicaciones de la edicion no lineal en el sistema de produccion audiovisual (tv y cine): de los informativos a la ficcion. <\/li>\n<li><strong>Autor:<\/strong>\u00a0 Fco. Javier Grau Diaz <\/li>\n<li><strong>Universidad:<\/strong>\u00a0 Universitat de val\u00e9ncia (estudi general)<\/li>\n<li><strong>Fecha de lectura de la tesis:<\/strong>\u00a0 13\/12\/2007<\/li>\n<\/ul>\n<p>&nbsp;<\/p>\n<h3>Direcci\u00f3n y tribunal<\/h3>\n<ul>\n<li><strong>Director de la tesis<\/strong>\n<ul>\n<li>Miquel Franc\u00e9s Domenec<\/li>\n<\/ul>\n<\/li>\n<li><strong>Tribunal<\/strong>\n<ul>\n<li>Presidente del tribunal:  Gavalda roca josep vicent <\/li>\n<li>josep Prosper ribes (vocal)<\/li>\n<li>Santiago Felici castell (vocal)<\/li>\n<li>claudia Rausell k\u00ed\u00b6lscer (vocal)<\/li>\n<\/ul>\n<\/li>\n<\/ul>\n<p>&nbsp;<\/p>\n","protected":false},"excerpt":{"rendered":"<p>Tesis doctoral de Fco. Javier Grau Diaz Desde principios de los a\u00f1os noventa los medios audiovisuales, concretamente el cine y [&hellip;]<\/p>\n","protected":false},"author":1,"featured_media":0,"comment_status":"open","ping_status":"open","sticky":false,"template":"","format":"standard","meta":{"site-sidebar-layout":"default","site-content-layout":"","ast-site-content-layout":"","site-content-style":"default","site-sidebar-style":"default","ast-global-header-display":"","ast-banner-title-visibility":"","ast-main-header-display":"","ast-hfb-above-header-display":"","ast-hfb-below-header-display":"","ast-hfb-mobile-header-display":"","site-post-title":"","ast-breadcrumbs-content":"","ast-featured-img":"","footer-sml-layout":"","theme-transparent-header-meta":"","adv-header-id-meta":"","stick-header-meta":"","header-above-stick-meta":"","header-main-stick-meta":"","header-below-stick-meta":"","astra-migrate-meta-layouts":"default","ast-page-background-enabled":"default","ast-page-background-meta":{"desktop":{"background-color":"var(--ast-global-color-4)","background-image":"","background-repeat":"repeat","background-position":"center center","background-size":"auto","background-attachment":"scroll","background-type":"","background-media":"","overlay-type":"","overlay-color":"","overlay-gradient":""},"tablet":{"background-color":"","background-image":"","background-repeat":"repeat","background-position":"center center","background-size":"auto","background-attachment":"scroll","background-type":"","background-media":"","overlay-type":"","overlay-color":"","overlay-gradient":""},"mobile":{"background-color":"","background-image":"","background-repeat":"repeat","background-position":"center center","background-size":"auto","background-attachment":"scroll","background-type":"","background-media":"","overlay-type":"","overlay-color":"","overlay-gradient":""}},"ast-content-background-meta":{"desktop":{"background-color":"var(--ast-global-color-5)","background-image":"","background-repeat":"repeat","background-position":"center center","background-size":"auto","background-attachment":"scroll","background-type":"","background-media":"","overlay-type":"","overlay-color":"","overlay-gradient":""},"tablet":{"background-color":"var(--ast-global-color-5)","background-image":"","background-repeat":"repeat","background-position":"center center","background-size":"auto","background-attachment":"scroll","background-type":"","background-media":"","overlay-type":"","overlay-color":"","overlay-gradient":""},"mobile":{"background-color":"var(--ast-global-color-5)","background-image":"","background-repeat":"repeat","background-position":"center center","background-size":"auto","background-attachment":"scroll","background-type":"","background-media":"","overlay-type":"","overlay-color":"","overlay-gradient":""}},"footnotes":""},"categories":[5547],"tags":[136669,136668,94885,65151,74774,57095],"class_list":["post-61884","post","type-post","status-publish","format-standard","hentry","category-cinematografia","tag-claudia-rausell-kilscer","tag-fco-javier-grau-diaz","tag-gavalda-roca-josep-vicent","tag-josep-prosper-ribes","tag-miquel-frances-domenec","tag-santiago-felici-castell"],"_links":{"self":[{"href":"https:\/\/www.deberes.net\/tesis\/wp-json\/wp\/v2\/posts\/61884","targetHints":{"allow":["GET"]}}],"collection":[{"href":"https:\/\/www.deberes.net\/tesis\/wp-json\/wp\/v2\/posts"}],"about":[{"href":"https:\/\/www.deberes.net\/tesis\/wp-json\/wp\/v2\/types\/post"}],"author":[{"embeddable":true,"href":"https:\/\/www.deberes.net\/tesis\/wp-json\/wp\/v2\/users\/1"}],"replies":[{"embeddable":true,"href":"https:\/\/www.deberes.net\/tesis\/wp-json\/wp\/v2\/comments?post=61884"}],"version-history":[{"count":0,"href":"https:\/\/www.deberes.net\/tesis\/wp-json\/wp\/v2\/posts\/61884\/revisions"}],"wp:attachment":[{"href":"https:\/\/www.deberes.net\/tesis\/wp-json\/wp\/v2\/media?parent=61884"}],"wp:term":[{"taxonomy":"category","embeddable":true,"href":"https:\/\/www.deberes.net\/tesis\/wp-json\/wp\/v2\/categories?post=61884"},{"taxonomy":"post_tag","embeddable":true,"href":"https:\/\/www.deberes.net\/tesis\/wp-json\/wp\/v2\/tags?post=61884"}],"curies":[{"name":"wp","href":"https:\/\/api.w.org\/{rel}","templated":true}]}}