{"id":61888,"date":"2018-03-09T22:49:48","date_gmt":"2018-03-09T22:49:48","guid":{"rendered":"https:\/\/www.deberes.net\/tesis\/sin-categoria\/conflicto-e-identidad-en-costa-de-marfil\/"},"modified":"2018-03-09T22:49:48","modified_gmt":"2018-03-09T22:49:48","slug":"conflicto-e-identidad-en-costa-de-marfil","status":"publish","type":"post","link":"https:\/\/www.deberes.net\/tesis\/biografias\/conflicto-e-identidad-en-costa-de-marfil\/","title":{"rendered":"Conflicto e identidad en costa de marfil"},"content":{"rendered":"<h2>Tesis doctoral de <strong> Adjoa Nathalie Chiye Kesse <\/strong><\/h2>\n<p>Costa de marfil y la regi\u00f3n de \u00e1frica occidental han sido recientemente escenario de diversos conflictos pol\u00edticos e identitarios. En la presente  tesis se analizan estos conflictos desde una perspectiva hist\u00f3rica tratando de demostrar que est\u00e1n relacionados con el fen\u00f3meno de la exclusi\u00f3n social y territorial, sufrida y\/o  percibida, por diversos grupos etnol.-Sociales. la \u00e9poca precolonial se caracteriz\u00f3 por la coexistencia de una gran diversidad de pueblos con sus propios sistemas de gobierno. Sus diferencias persistieron con ciertas modificaciones durante el proceso de colonizaci\u00f3n, aunque estos entes pol\u00edticos tradicionales se vieron privados de su protagonismo y de su soberan\u00eda por la administraci\u00f3n colonial francesa y luego por el estado independiente. la exclusi\u00f3n social y pol\u00edtica de determinados grupos \u00e9tnicos y regionales est\u00e1n en la base de los sucesos acaecidos en los \u00faltimos a\u00f1os y del permanente conflicto por el poder, consecuencia ambos de la incapacidad del estado para garantizar la integraci\u00f3n nacional, la seguridad y el bienestar de sus ciudadanos. Cualquier soluci\u00f3n pasa necesariamente por la reconstrucci\u00f3n de la comunidad pol\u00edtica sobre unas bases m\u00e1s amplias y sobre un sistema democr\u00e1tico que establezca m\u00e9todos espec\u00edficos de reeducaci\u00f3n ciudadana.<\/p>\n<p>&nbsp;<\/p>\n<h3>Datos acad\u00e9micos de la tesis doctoral \u00ab<strong>Conflicto e identidad en costa de marfil<\/strong>\u00ab<\/h3>\n<ul>\n<li><strong>T\u00edtulo de la tesis:<\/strong>\u00a0 Conflicto e identidad en costa de marfil <\/li>\n<li><strong>Autor:<\/strong>\u00a0 Adjoa Nathalie Chiye Kesse <\/li>\n<li><strong>Universidad:<\/strong>\u00a0 Alcal\u00e1<\/li>\n<li><strong>Fecha de lectura de la tesis:<\/strong>\u00a0 13\/12\/2007<\/li>\n<\/ul>\n<p>&nbsp;<\/p>\n<h3>Direcci\u00f3n y tribunal<\/h3>\n<ul>\n<li><strong>Director de la tesis<\/strong>\n<ul>\n<li>arguelles F\u00e1brega Ca\u00f1edo<\/li>\n<\/ul>\n<\/li>\n<li><strong>Tribunal<\/strong>\n<ul>\n<li>Presidente del tribunal: manuel Lucena  salmoral <\/li>\n<li>enriqueta Vila vilar (vocal)<\/li>\n<li>M\u00aa del carmen Borrego pla (vocal)<\/li>\n<li>arsene Yao jean (vocal)<\/li>\n<\/ul>\n<\/li>\n<\/ul>\n<p>&nbsp;<\/p>\n","protected":false},"excerpt":{"rendered":"<p>Tesis doctoral de Adjoa Nathalie Chiye Kesse Costa de marfil y la regi\u00f3n de \u00e1frica occidental han sido recientemente escenario [&hellip;]<\/p>\n","protected":false},"author":1,"featured_media":0,"comment_status":"open","ping_status":"open","sticky":false,"template":"","format":"standard","meta":{"site-sidebar-layout":"default","site-content-layout":"","ast-site-content-layout":"","site-content-style":"default","site-sidebar-style":"default","ast-global-header-display":"","ast-banner-title-visibility":"","ast-main-header-display":"","ast-hfb-above-header-display":"","ast-hfb-below-header-display":"","ast-hfb-mobile-header-display":"","site-post-title":"","ast-breadcrumbs-content":"","ast-featured-img":"","footer-sml-layout":"","theme-transparent-header-meta":"","adv-header-id-meta":"","stick-header-meta":"","header-above-stick-meta":"","header-main-stick-meta":"","header-below-stick-meta":"","astra-migrate-meta-layouts":"default","ast-page-background-enabled":"default","ast-page-background-meta":{"desktop":{"background-color":"var(--ast-global-color-4)","background-image":"","background-repeat":"repeat","background-position":"center center","background-size":"auto","background-attachment":"scroll","background-type":"","background-media":"","overlay-type":"","overlay-color":"","overlay-gradient":""},"tablet":{"background-color":"","background-image":"","background-repeat":"repeat","background-position":"center center","background-size":"auto","background-attachment":"scroll","background-type":"","background-media":"","overlay-type":"","overlay-color":"","overlay-gradient":""},"mobile":{"background-color":"","background-image":"","background-repeat":"repeat","background-position":"center center","background-size":"auto","background-attachment":"scroll","background-type":"","background-media":"","overlay-type":"","overlay-color":"","overlay-gradient":""}},"ast-content-background-meta":{"desktop":{"background-color":"var(--ast-global-color-5)","background-image":"","background-repeat":"repeat","background-position":"center center","background-size":"auto","background-attachment":"scroll","background-type":"","background-media":"","overlay-type":"","overlay-color":"","overlay-gradient":""},"tablet":{"background-color":"var(--ast-global-color-5)","background-image":"","background-repeat":"repeat","background-position":"center center","background-size":"auto","background-attachment":"scroll","background-type":"","background-media":"","overlay-type":"","overlay-color":"","overlay-gradient":""},"mobile":{"background-color":"var(--ast-global-color-5)","background-image":"","background-repeat":"repeat","background-position":"center center","background-size":"auto","background-attachment":"scroll","background-type":"","background-media":"","overlay-type":"","overlay-color":"","overlay-gradient":""}},"footnotes":""},"categories":[17426,954,17859,1816,981],"tags":[136677,136678,48677,11221,12547,136679],"class_list":["post-61888","post","type-post","status-publish","format-standard","hentry","category-alcala","category-biografias","category-historia-comparada","category-historia-contemporanea","category-historia-regional","tag-adjoa-nathalie-chiye-kesse","tag-argaelles-fabrega-canedo","tag-arsene-yao-jean","tag-enriqueta-vila-vilar","tag-manuel-lucena-salmoral","tag-ma-del-carmen-borrego-pla"],"_links":{"self":[{"href":"https:\/\/www.deberes.net\/tesis\/wp-json\/wp\/v2\/posts\/61888","targetHints":{"allow":["GET"]}}],"collection":[{"href":"https:\/\/www.deberes.net\/tesis\/wp-json\/wp\/v2\/posts"}],"about":[{"href":"https:\/\/www.deberes.net\/tesis\/wp-json\/wp\/v2\/types\/post"}],"author":[{"embeddable":true,"href":"https:\/\/www.deberes.net\/tesis\/wp-json\/wp\/v2\/users\/1"}],"replies":[{"embeddable":true,"href":"https:\/\/www.deberes.net\/tesis\/wp-json\/wp\/v2\/comments?post=61888"}],"version-history":[{"count":0,"href":"https:\/\/www.deberes.net\/tesis\/wp-json\/wp\/v2\/posts\/61888\/revisions"}],"wp:attachment":[{"href":"https:\/\/www.deberes.net\/tesis\/wp-json\/wp\/v2\/media?parent=61888"}],"wp:term":[{"taxonomy":"category","embeddable":true,"href":"https:\/\/www.deberes.net\/tesis\/wp-json\/wp\/v2\/categories?post=61888"},{"taxonomy":"post_tag","embeddable":true,"href":"https:\/\/www.deberes.net\/tesis\/wp-json\/wp\/v2\/tags?post=61888"}],"curies":[{"name":"wp","href":"https:\/\/api.w.org\/{rel}","templated":true}]}}