{"id":61965,"date":"2018-03-09T22:49:51","date_gmt":"2018-03-09T22:49:51","guid":{"rendered":"https:\/\/www.deberes.net\/tesis\/sin-categoria\/aprender-a-comerprocesos-de-socializacion-y-transtornos-del-comportamiento-alimentario\/"},"modified":"2018-03-09T22:49:51","modified_gmt":"2018-03-09T22:49:51","slug":"aprender-a-comerprocesos-de-socializacion-y-transtornos-del-comportamiento-alimentario","status":"publish","type":"post","link":"https:\/\/www.deberes.net\/tesis\/barcelona\/aprender-a-comerprocesos-de-socializacion-y-transtornos-del-comportamiento-alimentario\/","title":{"rendered":"Aprender a comer:procesos de socializacion y transtornos del comportamiento alimentario"},"content":{"rendered":"<h2>Tesis doctoral de <strong> Eva Zafra Aparici <\/strong><\/h2>\n<p>El objetivo de esta investigaci\u00f3n es conocer la manera c\u00f3mo la socializaci\u00f3n alimentaria puede explicar los \u00abtrastornos del comportamiento alimentario\u00bb para despu\u00e9s, en caso de que exista relaci\u00f3n, ver de qu\u00e9 modo la tiene en cuenta el modelo educo-preventivo en la escuela.<\/p>\n<p>&nbsp;<\/p>\n<h3>Datos acad\u00e9micos de la tesis doctoral \u00ab<strong>Aprender a comer:procesos de socializacion y transtornos del comportamiento alimentario<\/strong>\u00ab<\/h3>\n<ul>\n<li><strong>T\u00edtulo de la tesis:<\/strong>\u00a0 Aprender a comer:procesos de socializacion y transtornos del comportamiento alimentario <\/li>\n<li><strong>Autor:<\/strong>\u00a0 Eva Zafra Aparici <\/li>\n<li><strong>Universidad:<\/strong>\u00a0 Barcelona<\/li>\n<li><strong>Fecha de lectura de la tesis:<\/strong>\u00a0 14\/12\/2007<\/li>\n<\/ul>\n<p>&nbsp;<\/p>\n<h3>Direcci\u00f3n y tribunal<\/h3>\n<ul>\n<li><strong>Director de la tesis<\/strong>\n<ul>\n<li>Jes\u00fas Contreras Hernandez<\/li>\n<\/ul>\n<\/li>\n<li><strong>Tribunal<\/strong>\n<ul>\n<li>Presidente del tribunal: Mar\u00eda del carmen Salda\u00f1a garcia <\/li>\n<li>cristina Larrea (vocal)<\/li>\n<li>josep Mar\u00eda Comelles esteban (vocal)<\/li>\n<li>mari luz Esteban (vocal)<\/li>\n<\/ul>\n<\/li>\n<\/ul>\n<p>&nbsp;<\/p>\n","protected":false},"excerpt":{"rendered":"<p>Tesis doctoral de Eva Zafra Aparici El objetivo de esta investigaci\u00f3n es conocer la manera c\u00f3mo la socializaci\u00f3n alimentaria puede [&hellip;]<\/p>\n","protected":false},"author":1,"featured_media":0,"comment_status":"open","ping_status":"open","sticky":false,"template":"","format":"standard","meta":{"site-sidebar-layout":"default","site-content-layout":"","ast-site-content-layout":"","site-content-style":"default","site-sidebar-style":"default","ast-global-header-display":"","ast-banner-title-visibility":"","ast-main-header-display":"","ast-hfb-above-header-display":"","ast-hfb-below-header-display":"","ast-hfb-mobile-header-display":"","site-post-title":"","ast-breadcrumbs-content":"","ast-featured-img":"","footer-sml-layout":"","theme-transparent-header-meta":"","adv-header-id-meta":"","stick-header-meta":"","header-above-stick-meta":"","header-main-stick-meta":"","header-below-stick-meta":"","astra-migrate-meta-layouts":"default","ast-page-background-enabled":"default","ast-page-background-meta":{"desktop":{"background-color":"var(--ast-global-color-4)","background-image":"","background-repeat":"repeat","background-position":"center center","background-size":"auto","background-attachment":"scroll","background-type":"","background-media":"","overlay-type":"","overlay-color":"","overlay-gradient":""},"tablet":{"background-color":"","background-image":"","background-repeat":"repeat","background-position":"center center","background-size":"auto","background-attachment":"scroll","background-type":"","background-media":"","overlay-type":"","overlay-color":"","overlay-gradient":""},"mobile":{"background-color":"","background-image":"","background-repeat":"repeat","background-position":"center center","background-size":"auto","background-attachment":"scroll","background-type":"","background-media":"","overlay-type":"","overlay-color":"","overlay-gradient":""}},"ast-content-background-meta":{"desktop":{"background-color":"var(--ast-global-color-5)","background-image":"","background-repeat":"repeat","background-position":"center center","background-size":"auto","background-attachment":"scroll","background-type":"","background-media":"","overlay-type":"","overlay-color":"","overlay-gradient":""},"tablet":{"background-color":"var(--ast-global-color-5)","background-image":"","background-repeat":"repeat","background-position":"center center","background-size":"auto","background-attachment":"scroll","background-type":"","background-media":"","overlay-type":"","overlay-color":"","overlay-gradient":""},"mobile":{"background-color":"var(--ast-global-color-5)","background-image":"","background-repeat":"repeat","background-position":"center center","background-size":"auto","background-attachment":"scroll","background-type":"","background-media":"","overlay-type":"","overlay-color":"","overlay-gradient":""}},"footnotes":""},"categories":[983,951],"tags":[136851,136850,20282,29162,136852,1178],"class_list":["post-61965","post","type-post","status-publish","format-standard","hentry","category-antropologia-cultural","category-barcelona","tag-cristina-larrea","tag-eva-zafra-aparici","tag-jesus-contreras-hernandez","tag-josep-maria-comelles-esteban","tag-mari-luz-esteban","tag-maria-del-carmen-saldana-garcia"],"_links":{"self":[{"href":"https:\/\/www.deberes.net\/tesis\/wp-json\/wp\/v2\/posts\/61965","targetHints":{"allow":["GET"]}}],"collection":[{"href":"https:\/\/www.deberes.net\/tesis\/wp-json\/wp\/v2\/posts"}],"about":[{"href":"https:\/\/www.deberes.net\/tesis\/wp-json\/wp\/v2\/types\/post"}],"author":[{"embeddable":true,"href":"https:\/\/www.deberes.net\/tesis\/wp-json\/wp\/v2\/users\/1"}],"replies":[{"embeddable":true,"href":"https:\/\/www.deberes.net\/tesis\/wp-json\/wp\/v2\/comments?post=61965"}],"version-history":[{"count":0,"href":"https:\/\/www.deberes.net\/tesis\/wp-json\/wp\/v2\/posts\/61965\/revisions"}],"wp:attachment":[{"href":"https:\/\/www.deberes.net\/tesis\/wp-json\/wp\/v2\/media?parent=61965"}],"wp:term":[{"taxonomy":"category","embeddable":true,"href":"https:\/\/www.deberes.net\/tesis\/wp-json\/wp\/v2\/categories?post=61965"},{"taxonomy":"post_tag","embeddable":true,"href":"https:\/\/www.deberes.net\/tesis\/wp-json\/wp\/v2\/tags?post=61965"}],"curies":[{"name":"wp","href":"https:\/\/api.w.org\/{rel}","templated":true}]}}