{"id":61996,"date":"2018-03-09T22:49:51","date_gmt":"2018-03-09T22:49:51","guid":{"rendered":"https:\/\/www.deberes.net\/tesis\/sin-categoria\/medidas-cautelares-en-el-enjuiciamiento-de-menores\/"},"modified":"2018-03-09T22:49:51","modified_gmt":"2018-03-09T22:49:51","slug":"medidas-cautelares-en-el-enjuiciamiento-de-menores","status":"publish","type":"post","link":"https:\/\/www.deberes.net\/tesis\/sin-categoria\/medidas-cautelares-en-el-enjuiciamiento-de-menores\/","title":{"rendered":"Medidas cautelares en el enjuiciamiento de menores"},"content":{"rendered":"<h2>Tesis doctoral de <strong> Esther Valbuena Garcia <\/strong><\/h2>\n<p>: el presente estudio se centra en un aspecto muy concreto dentro del amplio esquema procesal del enjuiciamiento de menores: las medidas cautelares. En el mismo se hace un an\u00e1lisis ex\u00e9getico de la regulaci\u00f3n vigente contenida en la ley org\u00e1nica 5\/2000, de 12 de enero, reguladora de la responsabilidad penal de los menores -reformada por la lo 8\/2006, de 4 de diciembre -y en el real decreto 1774\/2004, de 30 de julio, por el que se aprueba, cuatro a\u00f1os despu\u00e9s, el reglamento para su ejecuci\u00f3n. El an\u00e1lisis de esta legislaci\u00f3n se completa con el estudio de su antecedente legal inmediato: la normativa recogida en la lo 4\/1992, de 5 de junio, sobre competencia y procedimiento de los juzgados de menores. En el trabajo se trata de solventar las posibles dudas interpretativas que desde el punto de vista estrictamente procesal puedan desprenderse de su articulado. adem\u00e1s, en el estudio se propone como objetivo dar respuesta a una doble problem\u00e1tica. De un lado tratar de descubrir cu\u00e1les son realmente las especialidades que marcan e individualizan el sistema cautelar de menores y, por tanto, aqu\u00e9llas que deber\u00edan estar expresamente previstas en su regulaci\u00f3n, es decir, en la lorpm. De otro, abordar la delicada cuesti\u00f3n de la inclusi\u00f3n del sistema cautelar de menores en un modelo de enjuiciamiento no coincidente con el actualmente vigente en el plano de los adultos, dada la atribuci\u00f3n de la fase de instrucci\u00f3n al fiscal de menores.<\/p>\n<p>&nbsp;<\/p>\n<h3>Datos acad\u00e9micos de la tesis doctoral \u00ab<strong>Medidas cautelares en el enjuiciamiento de menores<\/strong>\u00ab<\/h3>\n<ul>\n<li><strong>T\u00edtulo de la tesis:<\/strong>\u00a0 Medidas cautelares en el enjuiciamiento de menores <\/li>\n<li><strong>Autor:<\/strong>\u00a0 Esther Valbuena Garcia <\/li>\n<li><strong>Universidad:<\/strong>\u00a0 Complutense de Madrid<\/li>\n<li><strong>Fecha de lectura de la tesis:<\/strong>\u00a0 14\/12\/2007<\/li>\n<\/ul>\n<p>&nbsp;<\/p>\n<h3>Direcci\u00f3n y tribunal<\/h3>\n<ul>\n<li><strong>Director de la tesis<\/strong>\n<ul>\n<li>Fernando Gasc\u00f3n Inchausti<\/li>\n<\/ul>\n<\/li>\n<li><strong>Tribunal<\/strong>\n<ul>\n<li>Presidente del tribunal: Andr\u00e9s de la Oliva santos <\/li>\n<li>Mar\u00eda  pia Calderon cuadrado (vocal)<\/li>\n<li>gemma Garcia-rost\u00e1n calvin (vocal)<\/li>\n<li>carmen Senes motilla (vocal)<\/li>\n<\/ul>\n<\/li>\n<\/ul>\n<p>&nbsp;<\/p>\n","protected":false},"excerpt":{"rendered":"<p>Tesis doctoral de Esther Valbuena Garcia : el presente estudio se centra en un aspecto muy concreto dentro del amplio [&hellip;]<\/p>\n","protected":false},"author":1,"featured_media":0,"comment_status":"open","ping_status":"open","sticky":false,"template":"","format":"standard","meta":{"site-sidebar-layout":"default","site-content-layout":"","ast-site-content-layout":"","site-content-style":"default","site-sidebar-style":"default","ast-global-header-display":"","ast-banner-title-visibility":"","ast-main-header-display":"","ast-hfb-above-header-display":"","ast-hfb-below-header-display":"","ast-hfb-mobile-header-display":"","site-post-title":"","ast-breadcrumbs-content":"","ast-featured-img":"","footer-sml-layout":"","theme-transparent-header-meta":"","adv-header-id-meta":"","stick-header-meta":"","header-above-stick-meta":"","header-main-stick-meta":"","header-below-stick-meta":"","astra-migrate-meta-layouts":"default","ast-page-background-enabled":"default","ast-page-background-meta":{"desktop":{"background-color":"var(--ast-global-color-4)","background-image":"","background-repeat":"repeat","background-position":"center center","background-size":"auto","background-attachment":"scroll","background-type":"","background-media":"","overlay-type":"","overlay-color":"","overlay-gradient":""},"tablet":{"background-color":"","background-image":"","background-repeat":"repeat","background-position":"center center","background-size":"auto","background-attachment":"scroll","background-type":"","background-media":"","overlay-type":"","overlay-color":"","overlay-gradient":""},"mobile":{"background-color":"","background-image":"","background-repeat":"repeat","background-position":"center center","background-size":"auto","background-attachment":"scroll","background-type":"","background-media":"","overlay-type":"","overlay-color":"","overlay-gradient":""}},"ast-content-background-meta":{"desktop":{"background-color":"var(--ast-global-color-5)","background-image":"","background-repeat":"repeat","background-position":"center center","background-size":"auto","background-attachment":"scroll","background-type":"","background-media":"","overlay-type":"","overlay-color":"","overlay-gradient":""},"tablet":{"background-color":"var(--ast-global-color-5)","background-image":"","background-repeat":"repeat","background-position":"center center","background-size":"auto","background-attachment":"scroll","background-type":"","background-media":"","overlay-type":"","overlay-color":"","overlay-gradient":""},"mobile":{"background-color":"var(--ast-global-color-5)","background-image":"","background-repeat":"repeat","background-position":"center center","background-size":"auto","background-attachment":"scroll","background-type":"","background-media":"","overlay-type":"","overlay-color":"","overlay-gradient":""}},"footnotes":""},"categories":[1],"tags":[3626,35365,136923,65142,136925,136924],"class_list":["post-61996","post","type-post","status-publish","format-standard","hentry","category-sin-categoria","tag-andres-de-la-oliva-santos","tag-carmen-senes-motilla","tag-esther-valbuena-garcia","tag-fernando-gascon-inchausti","tag-gemma-garcia-rostan-calvin","tag-maria-pia-calderon-cuadrado"],"_links":{"self":[{"href":"https:\/\/www.deberes.net\/tesis\/wp-json\/wp\/v2\/posts\/61996","targetHints":{"allow":["GET"]}}],"collection":[{"href":"https:\/\/www.deberes.net\/tesis\/wp-json\/wp\/v2\/posts"}],"about":[{"href":"https:\/\/www.deberes.net\/tesis\/wp-json\/wp\/v2\/types\/post"}],"author":[{"embeddable":true,"href":"https:\/\/www.deberes.net\/tesis\/wp-json\/wp\/v2\/users\/1"}],"replies":[{"embeddable":true,"href":"https:\/\/www.deberes.net\/tesis\/wp-json\/wp\/v2\/comments?post=61996"}],"version-history":[{"count":0,"href":"https:\/\/www.deberes.net\/tesis\/wp-json\/wp\/v2\/posts\/61996\/revisions"}],"wp:attachment":[{"href":"https:\/\/www.deberes.net\/tesis\/wp-json\/wp\/v2\/media?parent=61996"}],"wp:term":[{"taxonomy":"category","embeddable":true,"href":"https:\/\/www.deberes.net\/tesis\/wp-json\/wp\/v2\/categories?post=61996"},{"taxonomy":"post_tag","embeddable":true,"href":"https:\/\/www.deberes.net\/tesis\/wp-json\/wp\/v2\/tags?post=61996"}],"curies":[{"name":"wp","href":"https:\/\/api.w.org\/{rel}","templated":true}]}}