{"id":62119,"date":"2018-03-09T22:49:59","date_gmt":"2018-03-09T22:49:59","guid":{"rendered":"https:\/\/www.deberes.net\/tesis\/sin-categoria\/estado-de-salud-calidad-de-vida-y-salud-social-en-personas-mayores-de-70-anos-en-una-zona-basica-de-salud\/"},"modified":"2018-03-09T22:49:59","modified_gmt":"2018-03-09T22:49:59","slug":"estado-de-salud-calidad-de-vida-y-salud-social-en-personas-mayores-de-70-anos-en-una-zona-basica-de-salud","status":"publish","type":"post","link":"https:\/\/www.deberes.net\/tesis\/medicina-preventiva\/estado-de-salud-calidad-de-vida-y-salud-social-en-personas-mayores-de-70-anos-en-una-zona-basica-de-salud\/","title":{"rendered":"Estado de salud, calidad de vida y salud social en personas mayores de 70 a\u00f1os en una zona b\u00e1sica de salud"},"content":{"rendered":"<h2>Tesis doctoral de <strong> Antonio Villafaina Barroso <\/strong><\/h2>\n<p>Objetivos: 1. Conocer el nivel de salud y la calidad de vida relacionada con la salud de las personas mayores de 70 a\u00f1os en la zona b\u00e1sica de salud.2. Estimar la utilizaci\u00f3n racional y responsable de los medicamentos como herramienta terap\u00e9utica y\/o preventiva.Poblaci\u00f3n dianala poblaci\u00f3n diana corresponde a la poblaci\u00f3n rural de extremadura. La poblaci\u00f3n accesible la constituyen todas las personas mayores de 70 a\u00f1os residentes en las localidades de valdelacalzada, pueblonuevo y guadiana y que aceptaron formar parte del programa.  m\u00e9todos: estudio observacional descriptivo transversal, de base poblacional y muestral aplicado mediante entrevista personal estandarizada en el domicilio, aplicadas por un farmac\u00e9utico y una psic\u00f3loga previamente entrenados para ello. El procesado y tratamiento de los datos se realiz\u00f3 mediante una base de datos en access creada para ello, a partir de esta base los datos se exportaron al paquete estad\u00edstico spss versi\u00f3n 14. resultados: una gran parte de la poblaci\u00f3n estudiada expresa tener una buena percepci\u00f3n de su salud, esta percepci\u00f3n disminuye progresivamente hasta el rango de los 85-90 a\u00f1os, a partir de entonces los niveles de salud autopercibida mejoran. La salud autopercibida es mejor en mujeres que en hombres y es directamente proporcional al buen conocimiento de los tratamientos e inversamente proporcional a la existencia de resultados negativos de la medicaci\u00f3n. conclusiones: existe una relaci\u00f3n inversa entre el consumo de medicamentos y la autovaloraci\u00f3n de su salud. Existe una elevada preValencia de prms en este grupo de poblaci\u00f3n, unidos claramente al nivel de polimedicaci\u00f3n. Los equipos de atenci\u00f3n primaria deben conseguir que el consumo de medicamentos no est\u00e9 ligado a una elevada disminuci\u00f3n en la autopercepci\u00f3n de la salud, para ello es necesario eliminar la polimedicaci\u00f3n innecesaria y\/o asociada a tratamientos de problemas de sociales.<\/p>\n<p>&nbsp;<\/p>\n<h3>Datos acad\u00e9micos de la tesis doctoral \u00ab<strong>Estado de salud, calidad de vida y salud social en personas mayores de 70 a\u00f1os en una zona b\u00e1sica de salud<\/strong>\u00ab<\/h3>\n<ul>\n<li><strong>T\u00edtulo de la tesis:<\/strong>\u00a0 Estado de salud, calidad de vida y salud social en personas mayores de 70 a\u00f1os en una zona b\u00e1sica de salud <\/li>\n<li><strong>Autor:<\/strong>\u00a0 Antonio Villafaina Barroso <\/li>\n<li><strong>Universidad:<\/strong>\u00a0 Salamanca<\/li>\n<li><strong>Fecha de lectura de la tesis:<\/strong>\u00a0 18\/12\/2007<\/li>\n<\/ul>\n<p>&nbsp;<\/p>\n<h3>Direcci\u00f3n y tribunal<\/h3>\n<ul>\n<li><strong>Director de la tesis<\/strong>\n<ul>\n<li>Jos\u00e9 Antonio Mir\u00f3n Canelo<\/li>\n<\/ul>\n<\/li>\n<li><strong>Tribunal<\/strong>\n<ul>\n<li>Presidente del tribunal: Jos\u00e9 angel Garc\u00eda rodr\u00edguez <\/li>\n<li>Luis San rom\u00e1n del barrio (vocal)<\/li>\n<li>Miguel Espigares Garc\u00eda (vocal)<\/li>\n<li>Ana Almaraz g\u00f3mez (vocal)<\/li>\n<\/ul>\n<\/li>\n<\/ul>\n<p>&nbsp;<\/p>\n","protected":false},"excerpt":{"rendered":"<p>Tesis doctoral de Antonio Villafaina Barroso Objetivos: 1. Conocer el nivel de salud y la calidad de vida relacionada con [&hellip;]<\/p>\n","protected":false},"author":1,"featured_media":0,"comment_status":"open","ping_status":"open","sticky":false,"template":"","format":"standard","meta":{"site-sidebar-layout":"default","site-content-layout":"","ast-site-content-layout":"","site-content-style":"default","site-sidebar-style":"default","ast-global-header-display":"","ast-banner-title-visibility":"","ast-main-header-display":"","ast-hfb-above-header-display":"","ast-hfb-below-header-display":"","ast-hfb-mobile-header-display":"","site-post-title":"","ast-breadcrumbs-content":"","ast-featured-img":"","footer-sml-layout":"","theme-transparent-header-meta":"","adv-header-id-meta":"","stick-header-meta":"","header-above-stick-meta":"","header-main-stick-meta":"","header-below-stick-meta":"","astra-migrate-meta-layouts":"default","ast-page-background-enabled":"default","ast-page-background-meta":{"desktop":{"background-color":"var(--ast-global-color-4)","background-image":"","background-repeat":"repeat","background-position":"center center","background-size":"auto","background-attachment":"scroll","background-type":"","background-media":"","overlay-type":"","overlay-color":"","overlay-gradient":""},"tablet":{"background-color":"","background-image":"","background-repeat":"repeat","background-position":"center center","background-size":"auto","background-attachment":"scroll","background-type":"","background-media":"","overlay-type":"","overlay-color":"","overlay-gradient":""},"mobile":{"background-color":"","background-image":"","background-repeat":"repeat","background-position":"center center","background-size":"auto","background-attachment":"scroll","background-type":"","background-media":"","overlay-type":"","overlay-color":"","overlay-gradient":""}},"ast-content-background-meta":{"desktop":{"background-color":"var(--ast-global-color-5)","background-image":"","background-repeat":"repeat","background-position":"center center","background-size":"auto","background-attachment":"scroll","background-type":"","background-media":"","overlay-type":"","overlay-color":"","overlay-gradient":""},"tablet":{"background-color":"var(--ast-global-color-5)","background-image":"","background-repeat":"repeat","background-position":"center center","background-size":"auto","background-attachment":"scroll","background-type":"","background-media":"","overlay-type":"","overlay-color":"","overlay-gradient":""},"mobile":{"background-color":"var(--ast-global-color-5)","background-image":"","background-repeat":"repeat","background-position":"center center","background-size":"auto","background-attachment":"scroll","background-type":"","background-media":"","overlay-type":"","overlay-color":"","overlay-gradient":""}},"footnotes":""},"categories":[1686,9386],"tags":[9992,137193,9876,137194,7196,3554],"class_list":["post-62119","post","type-post","status-publish","format-standard","hentry","category-medicina-preventiva","category-salamanca","tag-ana-almaraz-gomez","tag-antonio-villafaina-barroso","tag-jose-angel-garcia-rodriguez","tag-jose-antonio-miron-canelo","tag-luis-san-roman-del-barrio","tag-miguel-espigares-garcia"],"_links":{"self":[{"href":"https:\/\/www.deberes.net\/tesis\/wp-json\/wp\/v2\/posts\/62119","targetHints":{"allow":["GET"]}}],"collection":[{"href":"https:\/\/www.deberes.net\/tesis\/wp-json\/wp\/v2\/posts"}],"about":[{"href":"https:\/\/www.deberes.net\/tesis\/wp-json\/wp\/v2\/types\/post"}],"author":[{"embeddable":true,"href":"https:\/\/www.deberes.net\/tesis\/wp-json\/wp\/v2\/users\/1"}],"replies":[{"embeddable":true,"href":"https:\/\/www.deberes.net\/tesis\/wp-json\/wp\/v2\/comments?post=62119"}],"version-history":[{"count":0,"href":"https:\/\/www.deberes.net\/tesis\/wp-json\/wp\/v2\/posts\/62119\/revisions"}],"wp:attachment":[{"href":"https:\/\/www.deberes.net\/tesis\/wp-json\/wp\/v2\/media?parent=62119"}],"wp:term":[{"taxonomy":"category","embeddable":true,"href":"https:\/\/www.deberes.net\/tesis\/wp-json\/wp\/v2\/categories?post=62119"},{"taxonomy":"post_tag","embeddable":true,"href":"https:\/\/www.deberes.net\/tesis\/wp-json\/wp\/v2\/tags?post=62119"}],"curies":[{"name":"wp","href":"https:\/\/api.w.org\/{rel}","templated":true}]}}