{"id":62123,"date":"2018-03-09T22:49:59","date_gmt":"2018-03-09T22:49:59","guid":{"rendered":""},"modified":"2018-03-09T22:49:59","modified_gmt":"2018-03-09T22:49:59","slug":"estudio-del-desarrollo-y-consolidacion-de-los-cuidados-paliativos-en-europa-a-traves-de-la-literatura-cienta%c2%adfica-bibliometria-y-revision-sistematica-de-publicaciones-sobre-52-paises-1995-2005","status":"publish","type":"post","link":"https:\/\/www.deberes.net\/tesis\/oncologia-clinica\/estudio-del-desarrollo-y-consolidacion-de-los-cuidados-paliativos-en-europa-a-traves-de-la-literatura-cienta%c2%adfica-bibliometria-y-revision-sistematica-de-publicaciones-sobre-52-paises-1995-2005\/","title":{"rendered":"Estudio del desarrollo y consolidaci\u00f3n de los cuidados paliativos en europa a trav\u00e9s de la literatura cient\u00edfica. bibliometr\u00eda y revisi\u00f3n sistem\u00e1tica de publicaciones sobre 52 paises: 1995-2005"},"content":{"rendered":"<h2>Tesis doctoral de <strong> Javier Rocafort Gil <\/strong><\/h2>\n<p>En este trabajo se aborda el desarrollo de los cuidados paliativos (cp) en europa (1995-2005) mediante la revisi\u00f3n sistem\u00e1tica de la literatura y un doble an\u00e1lisis: cuantitativo y cualitativo. De esta forma se complementa lo aportado por otros grupos europeos que han investigado el mismo tema con diferente m\u00e9todo, se trata de un an\u00e1lisis cient\u00edfico originado desde la producci\u00f3n cient\u00edfica. Tras una b\u00fasqueda combinada en dos bases de datos bibliogr\u00e1ficas electr\u00f3nicas, la consulta a expertos de 52 pa\u00edses, y varias visitas a la biblioteca de la universidad de lancaster, se seleccionaron casi 3000 art\u00edculos, un doble filtrado produjo una selecci\u00f3n m\u00e1s espec\u00edfica de 409 citas sobre desarrollo de cp, de los que se consigui\u00f3 el texto completo de 301. La informaci\u00f3n contenida en ellos fue seleccionada, contrastada y clasificada en informes bibliogr\u00e1ficos id\u00e9nticos para cada pa\u00eds, contemplando informaci\u00f3n sobre dispositivos asistenciales, normativa, asociaciones, formaci\u00f3n e investigaci\u00f3n. Paralelamente se calcularon algunos \u00edndices bibliom\u00e9tricos. El estudio concluye que la actividad cient\u00edfica de los profesionales ha contribuido significativamente a la promoci\u00f3n y desarrollo de los cp en cada pa\u00eds. A trav\u00e9s de las publicaciones, en el periodo estudiado, se constata que entre los protagonistas del desarrollo de cp ha existido siempre una clara conciencia de la importancia de impulsar un desarrollo nacional. Este marco nacional ha servido de ejemplo a los pa\u00edses vecinos. El reino unido, cuna de los cp, aporta gran cantidad de publicaciones de referencia, otros pa\u00edses han difundido en sus trabajos ideas novedosas replicables en contextos similares. La documentaci\u00f3n disponible est\u00e1 distribuida de un modo irregular, y es inexistente en muchos estados (especialmente en los que surgieron de la antigua uni\u00f3n sovi\u00e9tica). El enfoque de las publicaciones es nacional, pocas veces europeo, y son escasos los trabajos que analizan varios pa\u00edses. El n\u00famero de estudios dedicados a pa\u00edses concretos contrasta con la falta de trabajos que se ocupen del desarrollo de cp en un contexto europeo. Parece que, hasta ahora, en cp ha faltado conciencia o visi\u00f3n europea. Aunque el hospice es la instituci\u00f3n m\u00e1s espec\u00edfica de cp en europa, la literatura describe como han ido apareciendo toda una nueva tipolog\u00eda de dispositivos asistenciales. Todos ellos reflejan la vitalidad de los cp que adopta nuevas formas para responder a los modos de vida actuales, adapt\u00e1ndose al tiempo, a las necesidades y a las estructuras locales. Para una correcta progresi\u00f3n como disciplina emergente, los cp precisan en cada pa\u00eds de una serie de condiciones b\u00e1sicas como una situaci\u00f3n pac\u00edfica, un sistema sanitario universal y la presencia de organizaciones sin \u00e1nimo de lucro interesadas en el cuidado de las personas. Los profesionales y las instituciones han tenido una importancia crucial en el desarrollo de los cp. Mediante la revisi\u00f3n sistem\u00e1tica se han localizado los nombres de los pioneros, y la bibliometr\u00eda ha confirmado, en forma de producci\u00f3n cient\u00edfica, la labor de algunos de ellos. Hay, adem\u00e1s, un factor que decide sobre la sostenibilidad de los cuidados paliativos: el apoyo pol\u00edtico y financiero, y la integraci\u00f3n en los sistemas sanitarios p\u00fablicos. Los cp, como derecho, solamente pueden ser garantizados desde una estrategia p\u00fablica, con implicaci\u00f3n directa de los gobiernos. Las instituciones y asociaciones relacionadas con esta disciplina tienen la oportunidad de influir a nivel local o internacional para lograr una mayor convergencia europea en materia de cp<\/p>\n<p>&nbsp;<\/p>\n<h3>Datos acad\u00e9micos de la tesis doctoral \u00ab<strong>Estudio del desarrollo y consolidaci\u00f3n de los cuidados paliativos en europa a trav\u00e9s de la literatura cient\u00edfica. bibliometr\u00eda y revisi\u00f3n sistem\u00e1tica de publicaciones sobre 52 paises: 1995-2005<\/strong>\u00ab<\/h3>\n<ul>\n<li><strong>T\u00edtulo de la tesis:<\/strong>\u00a0 Estudio del desarrollo y consolidaci\u00f3n de los cuidados paliativos en europa a trav\u00e9s de la literatura cient\u00edfica. bibliometr\u00eda y revisi\u00f3n sistem\u00e1tica de publicaciones sobre 52 paises: 1995-2005 <\/li>\n<li><strong>Autor:<\/strong>\u00a0 Javier Rocafort Gil <\/li>\n<li><strong>Universidad:<\/strong>\u00a0 Navarra<\/li>\n<li><strong>Fecha de lectura de la tesis:<\/strong>\u00a0 18\/12\/2007<\/li>\n<\/ul>\n<p>&nbsp;<\/p>\n<h3>Direcci\u00f3n y tribunal<\/h3>\n<ul>\n<li><strong>Director de la tesis<\/strong>\n<ul>\n<li>Carlos Centeno Cortes<\/li>\n<\/ul>\n<\/li>\n<li><strong>Tribunal<\/strong>\n<ul>\n<li>Presidente del tribunal: Miguel Delgado rodriguez <\/li>\n<li>\u00c1lvaro Mar\u00eda Sanz rubiales (vocal)<\/li>\n<li>Mar\u00eda Nabal vicu\u00f1a (vocal)<\/li>\n<li>Antonio Pascual lopez (vocal)<\/li>\n<\/ul>\n<\/li>\n<\/ul>\n<p>&nbsp;<\/p>\n","protected":false},"excerpt":{"rendered":"<p>Tesis doctoral de Javier Rocafort Gil En este trabajo se aborda el desarrollo de los cuidados paliativos (cp) en europa [&hellip;]<\/p>\n","protected":false},"author":1,"featured_media":0,"comment_status":"open","ping_status":"open","sticky":false,"template":"","format":"standard","meta":{"site-sidebar-layout":"default","site-content-layout":"","ast-site-content-layout":"","site-content-style":"default","site-sidebar-style":"default","ast-global-header-display":"","ast-banner-title-visibility":"","ast-main-header-display":"","ast-hfb-above-header-display":"","ast-hfb-below-header-display":"","ast-hfb-mobile-header-display":"","site-post-title":"","ast-breadcrumbs-content":"","ast-featured-img":"","footer-sml-layout":"","theme-transparent-header-meta":"","adv-header-id-meta":"","stick-header-meta":"","header-above-stick-meta":"","header-main-stick-meta":"","header-below-stick-meta":"","astra-migrate-meta-layouts":"default","ast-page-background-enabled":"default","ast-page-background-meta":{"desktop":{"background-color":"var(--ast-global-color-4)","background-image":"","background-repeat":"repeat","background-position":"center center","background-size":"auto","background-attachment":"scroll","background-type":"","background-media":"","overlay-type":"","overlay-color":"","overlay-gradient":""},"tablet":{"background-color":"","background-image":"","background-repeat":"repeat","background-position":"center center","background-size":"auto","background-attachment":"scroll","background-type":"","background-media":"","overlay-type":"","overlay-color":"","overlay-gradient":""},"mobile":{"background-color":"","background-image":"","background-repeat":"repeat","background-position":"center center","background-size":"auto","background-attachment":"scroll","background-type":"","background-media":"","overlay-type":"","overlay-color":"","overlay-gradient":""}},"ast-content-background-meta":{"desktop":{"background-color":"var(--ast-global-color-5)","background-image":"","background-repeat":"repeat","background-position":"center center","background-size":"auto","background-attachment":"scroll","background-type":"","background-media":"","overlay-type":"","overlay-color":"","overlay-gradient":""},"tablet":{"background-color":"var(--ast-global-color-5)","background-image":"","background-repeat":"repeat","background-position":"center center","background-size":"auto","background-attachment":"scroll","background-type":"","background-media":"","overlay-type":"","overlay-color":"","overlay-gradient":""},"mobile":{"background-color":"var(--ast-global-color-5)","background-image":"","background-repeat":"repeat","background-position":"center center","background-size":"auto","background-attachment":"scroll","background-type":"","background-media":"","overlay-type":"","overlay-color":"","overlay-gradient":""}},"footnotes":""},"categories":[17749,1027,347,967],"tags":[54306,12101,42742,137202,42738,3745],"class_list":["post-62123","post","type-post","status-publish","format-standard","hentry","category-navarra","category-oncologia","category-oncologia-clinica","category-salud-publica","tag-alvaro-maria-sanz-rubiales","tag-antonio-pascual-lopez","tag-carlos-centeno-cortes","tag-javier-rocafort-gil","tag-maria-nabal-vicuna","tag-miguel-delgado-rodriguez"],"_links":{"self":[{"href":"https:\/\/www.deberes.net\/tesis\/wp-json\/wp\/v2\/posts\/62123","targetHints":{"allow":["GET"]}}],"collection":[{"href":"https:\/\/www.deberes.net\/tesis\/wp-json\/wp\/v2\/posts"}],"about":[{"href":"https:\/\/www.deberes.net\/tesis\/wp-json\/wp\/v2\/types\/post"}],"author":[{"embeddable":true,"href":"https:\/\/www.deberes.net\/tesis\/wp-json\/wp\/v2\/users\/1"}],"replies":[{"embeddable":true,"href":"https:\/\/www.deberes.net\/tesis\/wp-json\/wp\/v2\/comments?post=62123"}],"version-history":[{"count":0,"href":"https:\/\/www.deberes.net\/tesis\/wp-json\/wp\/v2\/posts\/62123\/revisions"}],"wp:attachment":[{"href":"https:\/\/www.deberes.net\/tesis\/wp-json\/wp\/v2\/media?parent=62123"}],"wp:term":[{"taxonomy":"category","embeddable":true,"href":"https:\/\/www.deberes.net\/tesis\/wp-json\/wp\/v2\/categories?post=62123"},{"taxonomy":"post_tag","embeddable":true,"href":"https:\/\/www.deberes.net\/tesis\/wp-json\/wp\/v2\/tags?post=62123"}],"curies":[{"name":"wp","href":"https:\/\/api.w.org\/{rel}","templated":true}]}}