{"id":62143,"date":"2018-03-09T22:50:03","date_gmt":"2018-03-09T22:50:03","guid":{"rendered":"https:\/\/www.deberes.net\/tesis\/sin-categoria\/intervencion-jura%c2%addico-administrativa-en-la-produccion-ganadera\/"},"modified":"2018-03-09T22:50:03","modified_gmt":"2018-03-09T22:50:03","slug":"intervencion-jura%c2%addico-administrativa-en-la-produccion-ganadera","status":"publish","type":"post","link":"https:\/\/www.deberes.net\/tesis\/derecho-fiscal\/intervencion-jura%c2%addico-administrativa-en-la-produccion-ganadera\/","title":{"rendered":"Intervenci\u00f3n jur\u00eddico-administrativa en la producci\u00f3n ganadera"},"content":{"rendered":"<h2>Tesis doctoral de <strong> Manuel Rodr\u00edguez Portugu\u00e9s <\/strong><\/h2>\n<p>A tesis se ocupa de la intervenci\u00f3n de la administraci\u00f3n p\u00fablica econ\u00f3mica en la producci\u00f3n ganadera; esto es, de la intervenci\u00f3n p\u00fablica sobre el principal componente de la oferta ?La producci\u00f3n? Con la finalidad de corregir determinadas disfunciones en el mercado de ciertos productos ganaderos. Tras un examen hist\u00f3rico, la atenci\u00f3n se centra en determinadas t\u00e9cnicas de intervenci\u00f3n introducidas por la pol\u00edtica agr\u00edcola com\u00fan (pac): los reg\u00edmenes comunitarios de las llamadas tasa y cuota l\u00e1cteas y de las diversas ayudas a la producci\u00f3n de vacuno y de ovino-caprino. Ambos reg\u00edmenes tienen finalidades diversas y, en cierto sentido, opuesras; mientras que la tasa l\u00e1ctea se dirige a limitar o refrenar la producci\u00f3n global de leche en la uni\u00f3n europea; las ayudas a la producci\u00f3n de vacuno y ovino-caprino, en cambio, se encaminan a sostener las rentas de los ganaderos que se dedican a tal actividad. La tesis no s\u00f3lo pone de manifiesto la utilizaci\u00f3n de una t\u00e9cnica tradicionalmente considerada de fomento (el tributo con fines ultrafiscales) para crear un novedoso supuesto de autorizaci\u00f3n (la llamada cuota l\u00e1ctea), sino tambi\u00e9n los l\u00edmites con que los poderes p\u00fablicos han de contar para perfilar dicho r\u00e9gimen (libertad de empresa, prohibici\u00f3n de alcance confiscatorio de los tributos, propiedad privada &#8230;). Por su parte, las ayudas a la producci\u00f3n ganadera son definidadas por la tesis, dentro de la categor\u00eda m\u00e1s amplia de las ayudas p\u00fablicas, como \u00ab\u00bbprimas\u00bb\u00bb y no como \u00ab\u00bbsubvenciones\u00bb\u00bb, y ello pese a las numerosas obligaciones de hacer que ?Sobre todo desde la \u00faltima reforma de la pac (2003) v\u00eda \u00ab\u00bbcondicionalidad\u00bb\u00bb? Se imponen ahora a los ganaderos para el pleno disfrute de dichas ayudas. Tambi\u00e9n, tanto en un caso como en otro (tasa l\u00e1ctea y ayudas a la producci\u00f3n) se analiza cr\u00edticamente la posible inserci\u00f3n de la cuota l\u00e1ctea y los derechos de ayuda en la categor\u00eda jur\u00eddica emergente de los llamados \u00ab\u00bbderechos de producci\u00f3n agr\u00ed<\/p>\n<p>&nbsp;<\/p>\n<h3>Datos acad\u00e9micos de la tesis doctoral \u00ab<strong>Intervenci\u00f3n jur\u00eddico-administrativa en la producci\u00f3n ganadera<\/strong>\u00ab<\/h3>\n<ul>\n<li><strong>T\u00edtulo de la tesis:<\/strong>\u00a0 Intervenci\u00f3n jur\u00eddico-administrativa en la producci\u00f3n ganadera <\/li>\n<li><strong>Autor:<\/strong>\u00a0 Manuel Rodr\u00edguez Portugu\u00e9s <\/li>\n<li><strong>Universidad:<\/strong>\u00a0 C\u00f3rdoba<\/li>\n<li><strong>Fecha de lectura de la tesis:<\/strong>\u00a0 19\/12\/2007<\/li>\n<\/ul>\n<p>&nbsp;<\/p>\n<h3>Direcci\u00f3n y tribunal<\/h3>\n<ul>\n<li><strong>Director de la tesis<\/strong>\n<ul>\n<li>Manuel Rebollo Puig<\/li>\n<\/ul>\n<\/li>\n<li><strong>Tribunal<\/strong>\n<ul>\n<li>Presidente del tribunal: Luis Cosculluela Montaner <\/li>\n<li>Jos\u00e9 Javier Rodr\u00edguez Alcaide (vocal)<\/li>\n<li>Ignacio Gallego Dom\u00ednguez (vocal)<\/li>\n<li>Jos\u00e9 Luis Martinez L\u00f3pez Mu\u00f1iz (vocal)<\/li>\n<\/ul>\n<\/li>\n<\/ul>\n<p>&nbsp;<\/p>\n","protected":false},"excerpt":{"rendered":"<p>Tesis doctoral de Manuel Rodr\u00edguez Portugu\u00e9s A tesis se ocupa de la intervenci\u00f3n de la administraci\u00f3n p\u00fablica econ\u00f3mica en la [&hellip;]<\/p>\n","protected":false},"author":1,"featured_media":0,"comment_status":"open","ping_status":"open","sticky":false,"template":"","format":"standard","meta":{"site-sidebar-layout":"default","site-content-layout":"","ast-site-content-layout":"","site-content-style":"default","site-sidebar-style":"default","ast-global-header-display":"","ast-banner-title-visibility":"","ast-main-header-display":"","ast-hfb-above-header-display":"","ast-hfb-below-header-display":"","ast-hfb-mobile-header-display":"","site-post-title":"","ast-breadcrumbs-content":"","ast-featured-img":"","footer-sml-layout":"","theme-transparent-header-meta":"","adv-header-id-meta":"","stick-header-meta":"","header-above-stick-meta":"","header-main-stick-meta":"","header-below-stick-meta":"","astra-migrate-meta-layouts":"default","ast-page-background-enabled":"default","ast-page-background-meta":{"desktop":{"background-color":"var(--ast-global-color-4)","background-image":"","background-repeat":"repeat","background-position":"center center","background-size":"auto","background-attachment":"scroll","background-type":"","background-media":"","overlay-type":"","overlay-color":"","overlay-gradient":""},"tablet":{"background-color":"","background-image":"","background-repeat":"repeat","background-position":"center center","background-size":"auto","background-attachment":"scroll","background-type":"","background-media":"","overlay-type":"","overlay-color":"","overlay-gradient":""},"mobile":{"background-color":"","background-image":"","background-repeat":"repeat","background-position":"center center","background-size":"auto","background-attachment":"scroll","background-type":"","background-media":"","overlay-type":"","overlay-color":"","overlay-gradient":""}},"ast-content-background-meta":{"desktop":{"background-color":"var(--ast-global-color-5)","background-image":"","background-repeat":"repeat","background-position":"center center","background-size":"auto","background-attachment":"scroll","background-type":"","background-media":"","overlay-type":"","overlay-color":"","overlay-gradient":""},"tablet":{"background-color":"var(--ast-global-color-5)","background-image":"","background-repeat":"repeat","background-position":"center center","background-size":"auto","background-attachment":"scroll","background-type":"","background-media":"","overlay-type":"","overlay-color":"","overlay-gradient":""},"mobile":{"background-color":"var(--ast-global-color-5)","background-image":"","background-repeat":"repeat","background-position":"center center","background-size":"auto","background-attachment":"scroll","background-type":"","background-media":"","overlay-type":"","overlay-color":"","overlay-gradient":""}},"footnotes":""},"categories":[973,1442,1450,797,5964],"tags":[20822,2157,10200,3464,2176,137240],"class_list":["post-62143","post","type-post","status-publish","format-standard","hentry","category-cordoba","category-derecho-administrativo","category-derecho-constitucional","category-derecho-fiscal","category-derecho-publico","tag-ignacio-gallego-dominguez","tag-jose-javier-rodriguez-alcaide","tag-jose-luis-Martinez-lopez-muniz","tag-luis-cosculluela-montaner","tag-manuel-rebollo-puig","tag-manuel-rodriguez-portugues"],"_links":{"self":[{"href":"https:\/\/www.deberes.net\/tesis\/wp-json\/wp\/v2\/posts\/62143","targetHints":{"allow":["GET"]}}],"collection":[{"href":"https:\/\/www.deberes.net\/tesis\/wp-json\/wp\/v2\/posts"}],"about":[{"href":"https:\/\/www.deberes.net\/tesis\/wp-json\/wp\/v2\/types\/post"}],"author":[{"embeddable":true,"href":"https:\/\/www.deberes.net\/tesis\/wp-json\/wp\/v2\/users\/1"}],"replies":[{"embeddable":true,"href":"https:\/\/www.deberes.net\/tesis\/wp-json\/wp\/v2\/comments?post=62143"}],"version-history":[{"count":0,"href":"https:\/\/www.deberes.net\/tesis\/wp-json\/wp\/v2\/posts\/62143\/revisions"}],"wp:attachment":[{"href":"https:\/\/www.deberes.net\/tesis\/wp-json\/wp\/v2\/media?parent=62143"}],"wp:term":[{"taxonomy":"category","embeddable":true,"href":"https:\/\/www.deberes.net\/tesis\/wp-json\/wp\/v2\/categories?post=62143"},{"taxonomy":"post_tag","embeddable":true,"href":"https:\/\/www.deberes.net\/tesis\/wp-json\/wp\/v2\/tags?post=62143"}],"curies":[{"name":"wp","href":"https:\/\/api.w.org\/{rel}","templated":true}]}}