{"id":62211,"date":"2018-03-09T22:50:06","date_gmt":"2018-03-09T22:50:06","guid":{"rendered":"https:\/\/www.deberes.net\/tesis\/sin-categoria\/la-expresion-escrita-de-alumno-de-etnia-gitana-escolarizados-en-educacion-primaria\/"},"modified":"2018-03-09T22:50:06","modified_gmt":"2018-03-09T22:50:06","slug":"la-expresion-escrita-de-alumno-de-etnia-gitana-escolarizados-en-educacion-primaria","status":"publish","type":"post","link":"https:\/\/www.deberes.net\/tesis\/psicologia-escolar\/la-expresion-escrita-de-alumno-de-etnia-gitana-escolarizados-en-educacion-primaria\/","title":{"rendered":"La expresi\u00f3n escrita de alumno de etnia gitana, escolarizados en educaci\u00f3n primaria"},"content":{"rendered":"<h2>Tesis doctoral de <strong> Antonio Garc\u00eda Guzm\u00e1n <\/strong><\/h2>\n<p>El objetivo de esta investigaci\u00f3n ha sido analizar la expresi\u00f3n escrita de alumnos\/as de etnia gitana, con nivel socio-econ\u00f3mico bajo,  escolarizados en educaci\u00f3n primaria.  A este efecto, se ha utilizado la estrategia metodol\u00f3gica del \u00abestudio de caso m\u00faltiple\u00bb, cuyo referente han sido 18 alumnos\/as. Por tanto, en este estudio no se pretende generalizar los resultados obtenidos sino estudiar, en profundidad, la escritura de estos alumnos. esta investigaci\u00f3n se inserta en un contexto conceptual, cuyos elementos b\u00e1sicos son los siguientes. En primer lugar, aunque existen diferentes modelos te\u00f3ricos sobre la expresi\u00f3n escrita, la presente investigaci\u00f3n se ha encuadrado en el modelo de flower y hayes (1981), por su amplia aceptaci\u00f3n y relevancia. Obviamente se ha tenido en cuenta la reformulaci\u00f3n del modelo , concebido como un modelo cognitivo-afectivo (hayes, 1996). En \u00e9l la escritura se concibe como resultado de una adecuada combinaci\u00f3n de factores cognitivos, afectivos, sociales y f\u00edsicos. As\u00ed, escribir es<\/p>\n<p>&nbsp;<\/p>\n<h3>Datos acad\u00e9micos de la tesis doctoral \u00ab<strong>La expresi\u00f3n escrita de alumno de etnia gitana, escolarizados en educaci\u00f3n primaria<\/strong>\u00ab<\/h3>\n<ul>\n<li><strong>T\u00edtulo de la tesis:<\/strong>\u00a0 La expresi\u00f3n escrita de alumno de etnia gitana, escolarizados en educaci\u00f3n primaria <\/li>\n<li><strong>Autor:<\/strong>\u00a0 Antonio Garc\u00eda Guzm\u00e1n <\/li>\n<li><strong>Universidad:<\/strong>\u00a0 Granada<\/li>\n<li><strong>Fecha de lectura de la tesis:<\/strong>\u00a0 20\/12\/2007<\/li>\n<\/ul>\n<p>&nbsp;<\/p>\n<h3>Direcci\u00f3n y tribunal<\/h3>\n<ul>\n<li><strong>Director de la tesis<\/strong>\n<ul>\n<li>Francisco Salvador Mata<\/li>\n<\/ul>\n<\/li>\n<li><strong>Tribunal<\/strong>\n<ul>\n<li>Presidente del tribunal: Julia Boronat Mundina <\/li>\n<li>Dr.el\u00edas Vived Conte (vocal)<\/li>\n<li>Pierre Clanch\u00e9 Dr. (vocal)<\/li>\n<li> Rodr\u00edguez Fuentes Dr. Antonio (vocal)<\/li>\n<\/ul>\n<\/li>\n<\/ul>\n<p>&nbsp;<\/p>\n","protected":false},"excerpt":{"rendered":"<p>Tesis doctoral de Antonio Garc\u00eda Guzm\u00e1n El objetivo de esta investigaci\u00f3n ha sido analizar la expresi\u00f3n escrita de alumnos\/as de [&hellip;]<\/p>\n","protected":false},"author":1,"featured_media":0,"comment_status":"open","ping_status":"open","sticky":false,"template":"","format":"standard","meta":{"site-sidebar-layout":"default","site-content-layout":"","ast-site-content-layout":"","site-content-style":"default","site-sidebar-style":"default","ast-global-header-display":"","ast-banner-title-visibility":"","ast-main-header-display":"","ast-hfb-above-header-display":"","ast-hfb-below-header-display":"","ast-hfb-mobile-header-display":"","site-post-title":"","ast-breadcrumbs-content":"","ast-featured-img":"","footer-sml-layout":"","theme-transparent-header-meta":"","adv-header-id-meta":"","stick-header-meta":"","header-above-stick-meta":"","header-main-stick-meta":"","header-below-stick-meta":"","astra-migrate-meta-layouts":"default","ast-page-background-enabled":"default","ast-page-background-meta":{"desktop":{"background-color":"var(--ast-global-color-4)","background-image":"","background-repeat":"repeat","background-position":"center center","background-size":"auto","background-attachment":"scroll","background-type":"","background-media":"","overlay-type":"","overlay-color":"","overlay-gradient":""},"tablet":{"background-color":"","background-image":"","background-repeat":"repeat","background-position":"center center","background-size":"auto","background-attachment":"scroll","background-type":"","background-media":"","overlay-type":"","overlay-color":"","overlay-gradient":""},"mobile":{"background-color":"","background-image":"","background-repeat":"repeat","background-position":"center center","background-size":"auto","background-attachment":"scroll","background-type":"","background-media":"","overlay-type":"","overlay-color":"","overlay-gradient":""}},"ast-content-background-meta":{"desktop":{"background-color":"var(--ast-global-color-5)","background-image":"","background-repeat":"repeat","background-position":"center center","background-size":"auto","background-attachment":"scroll","background-type":"","background-media":"","overlay-type":"","overlay-color":"","overlay-gradient":""},"tablet":{"background-color":"var(--ast-global-color-5)","background-image":"","background-repeat":"repeat","background-position":"center center","background-size":"auto","background-attachment":"scroll","background-type":"","background-media":"","overlay-type":"","overlay-color":"","overlay-gradient":""},"mobile":{"background-color":"var(--ast-global-color-5)","background-image":"","background-repeat":"repeat","background-position":"center center","background-size":"auto","background-attachment":"scroll","background-type":"","background-media":"","overlay-type":"","overlay-color":"","overlay-gradient":""}},"footnotes":""},"categories":[6020,4953,460],"tags":[137387,137388,32853,55426,137389,137390],"class_list":["post-62211","post","type-post","status-publish","format-standard","hentry","category-evaluacion-de-alumnos","category-psicolinguistica","category-psicologia-escolar","tag-antonio-garcia-guzman","tag-dr-elias-vived-conte","tag-francisco-salvador-mata","tag-julia-boronat-mundina","tag-pierre-clanche-dr","tag-rodriguez-fuentes-dr-antonio"],"_links":{"self":[{"href":"https:\/\/www.deberes.net\/tesis\/wp-json\/wp\/v2\/posts\/62211","targetHints":{"allow":["GET"]}}],"collection":[{"href":"https:\/\/www.deberes.net\/tesis\/wp-json\/wp\/v2\/posts"}],"about":[{"href":"https:\/\/www.deberes.net\/tesis\/wp-json\/wp\/v2\/types\/post"}],"author":[{"embeddable":true,"href":"https:\/\/www.deberes.net\/tesis\/wp-json\/wp\/v2\/users\/1"}],"replies":[{"embeddable":true,"href":"https:\/\/www.deberes.net\/tesis\/wp-json\/wp\/v2\/comments?post=62211"}],"version-history":[{"count":0,"href":"https:\/\/www.deberes.net\/tesis\/wp-json\/wp\/v2\/posts\/62211\/revisions"}],"wp:attachment":[{"href":"https:\/\/www.deberes.net\/tesis\/wp-json\/wp\/v2\/media?parent=62211"}],"wp:term":[{"taxonomy":"category","embeddable":true,"href":"https:\/\/www.deberes.net\/tesis\/wp-json\/wp\/v2\/categories?post=62211"},{"taxonomy":"post_tag","embeddable":true,"href":"https:\/\/www.deberes.net\/tesis\/wp-json\/wp\/v2\/tags?post=62211"}],"curies":[{"name":"wp","href":"https:\/\/api.w.org\/{rel}","templated":true}]}}