{"id":62278,"date":"2018-03-09T22:50:10","date_gmt":"2018-03-09T22:50:10","guid":{"rendered":"https:\/\/www.deberes.net\/tesis\/sin-categoria\/aportaciones-a-la-evaluacion-clinico-forense-de-secuelas-neuropsiquiatricas-y-neuropsicologicas-de-los-traumatismos-craneoencefalicos\/"},"modified":"2018-03-09T22:50:10","modified_gmt":"2018-03-09T22:50:10","slug":"aportaciones-a-la-evaluacion-clinico-forense-de-secuelas-neuropsiquiatricas-y-neuropsicologicas-de-los-traumatismos-craneoencefalicos","status":"publish","type":"post","link":"https:\/\/www.deberes.net\/tesis\/medicina-forense\/aportaciones-a-la-evaluacion-clinico-forense-de-secuelas-neuropsiquiatricas-y-neuropsicologicas-de-los-traumatismos-craneoencefalicos\/","title":{"rendered":"Aportaciones a la evaluacion clinico-forense de secuelas neuropsiquiatricas y neuropsicologicas de los traumatismos craneoencefalicos"},"content":{"rendered":"<h2>Tesis doctoral de <strong> Mar\u00eda  Luisa De Francisco Maiz <\/strong><\/h2>\n<p>En el \u00e1mbito de la medicina forense la evaluaci\u00f3n cl\u00ednica y funcional de las secuelas consecutivas a los traumatismos craneoencef\u00e1licos tiene importantes y trascendentes repercusiones en los distintos \u00f3rdenes judiciales: penal, civil y laboral. As\u00ed, en el orden civil, la obligaci\u00f3n de indemnizaci\u00f3n por da\u00f1os origina la necesidad de valoraci\u00f3n del da\u00f1o corporal. El juzgador establece la indemnizaci\u00f3n teniendo en cuenta la duraci\u00f3n e los tiempos \u00ablegales\u00bb (de hospitalizaci\u00f3n, de curaci\u00f3n o estabilizaci\u00f3n lesional en su caso y de impedimento) y la presencia de secuelas y su cuantificaci\u00f3n. La valoraci\u00f3n del da\u00f1o ps\u00edquico (neuropsicol\u00f3gico y neuropsiqui\u00e1trico) entra\u00f1a una especial dificultad por cuanto en muchas ocasiones el da\u00f1o no es f\u00e1cilmente objetivable y cuantificable. El objetivo principal de esta tesis es facilitar la evaluaci\u00f3n cl\u00ednico-forense de los traumatismos craneoencef\u00e1licos, protocolizando la evaluaci\u00f3n y proponiendo una gu\u00eda para la evaluaci\u00f3n cl\u00ednica y funcional de las secuelas neuropsicol\u00f3gicas y neuropsiqui\u00e1tricas. Para ello se ha llevado a cabo una amplia revisi\u00f3n de los aspectos te\u00f3ricos, que ha servido de base para la elaboraci\u00f3n de la gu\u00eda y de la hoja de recogida de datos. En la gu\u00eda se describen las principales secuelas y su forma de evaluaci\u00f3n, cl\u00ednica y mediante tests estandarizados en el caso de las secuelas neuropsicol\u00f3gicas, y los criterios para el diagn\u00f3stico neuropsiqui\u00e1trico de trastornos consecutivos a traumatismo craneal del dsm-iv-tr. La hoja de recogida de datos se ha cumplimentado para cada uno de los casos de la muestra, con los que se ha realizado un estudio emp\u00edrico y retrospectivo de las distintas variables: demogr\u00e1ficas, etiol\u00f3gicas, de severidad, de descripci\u00f3n de lesiones, tratamientos realizados, de valoraci\u00f3n del da\u00f1o corporal (tiempos legales y secuelas) y de valoraci\u00f3n funcional. Por \u00faltimo, se ha estudiado la influencia de las distintas variables en la duraci\u00f3n de los tiempos legales, cuyos principales resultados se exponen de forma sintetizada en el apartado de conclusiones del presente trabajo.<\/p>\n<p>&nbsp;<\/p>\n<h3>Datos acad\u00e9micos de la tesis doctoral \u00ab<strong>Aportaciones a la evaluacion clinico-forense de secuelas neuropsiquiatricas y neuropsicologicas de los traumatismos craneoencefalicos<\/strong>\u00ab<\/h3>\n<ul>\n<li><strong>T\u00edtulo de la tesis:<\/strong>\u00a0 Aportaciones a la evaluacion clinico-forense de secuelas neuropsiquiatricas y neuropsicologicas de los traumatismos craneoencefalicos <\/li>\n<li><strong>Autor:<\/strong>\u00a0 Mar\u00eda  Luisa De Francisco Maiz <\/li>\n<li><strong>Universidad:<\/strong>\u00a0 Pa\u00eds vasco\/euskal herriko unibertsitatea<\/li>\n<li><strong>Fecha de lectura de la tesis:<\/strong>\u00a0 21\/12\/2007<\/li>\n<\/ul>\n<p>&nbsp;<\/p>\n<h3>Direcci\u00f3n y tribunal<\/h3>\n<ul>\n<li><strong>Director de la tesis<\/strong>\n<ul>\n<li>Enrique Echeburrua Odriozola<\/li>\n<\/ul>\n<\/li>\n<li><strong>Tribunal<\/strong>\n<ul>\n<li>Presidente del tribunal: Mar\u00eda Castellano arroyo <\/li>\n<li>Antonio Bulbena vilarrasa (vocal)<\/li>\n<li>jordi Obiols llandrich (vocal)<\/li>\n<li>Jos\u00e9 ignacio Eguiluz uruchurtu (vocal)<\/li>\n<\/ul>\n<\/li>\n<\/ul>\n<p>&nbsp;<\/p>\n","protected":false},"excerpt":{"rendered":"<p>Tesis doctoral de Mar\u00eda Luisa De Francisco Maiz En el \u00e1mbito de la medicina forense la evaluaci\u00f3n cl\u00ednica y funcional [&hellip;]<\/p>\n","protected":false},"author":1,"featured_media":0,"comment_status":"open","ping_status":"open","sticky":false,"template":"","format":"standard","meta":{"site-sidebar-layout":"default","site-content-layout":"","ast-site-content-layout":"","site-content-style":"default","site-sidebar-style":"default","ast-global-header-display":"","ast-banner-title-visibility":"","ast-main-header-display":"","ast-hfb-above-header-display":"","ast-hfb-below-header-display":"","ast-hfb-mobile-header-display":"","site-post-title":"","ast-breadcrumbs-content":"","ast-featured-img":"","footer-sml-layout":"","theme-transparent-header-meta":"","adv-header-id-meta":"","stick-header-meta":"","header-above-stick-meta":"","header-main-stick-meta":"","header-below-stick-meta":"","astra-migrate-meta-layouts":"default","ast-page-background-enabled":"default","ast-page-background-meta":{"desktop":{"background-color":"var(--ast-global-color-4)","background-image":"","background-repeat":"repeat","background-position":"center center","background-size":"auto","background-attachment":"scroll","background-type":"","background-media":"","overlay-type":"","overlay-color":"","overlay-gradient":""},"tablet":{"background-color":"","background-image":"","background-repeat":"repeat","background-position":"center center","background-size":"auto","background-attachment":"scroll","background-type":"","background-media":"","overlay-type":"","overlay-color":"","overlay-gradient":""},"mobile":{"background-color":"","background-image":"","background-repeat":"repeat","background-position":"center center","background-size":"auto","background-attachment":"scroll","background-type":"","background-media":"","overlay-type":"","overlay-color":"","overlay-gradient":""}},"ast-content-background-meta":{"desktop":{"background-color":"var(--ast-global-color-5)","background-image":"","background-repeat":"repeat","background-position":"center center","background-size":"auto","background-attachment":"scroll","background-type":"","background-media":"","overlay-type":"","overlay-color":"","overlay-gradient":""},"tablet":{"background-color":"var(--ast-global-color-5)","background-image":"","background-repeat":"repeat","background-position":"center center","background-size":"auto","background-attachment":"scroll","background-type":"","background-media":"","overlay-type":"","overlay-color":"","overlay-gradient":""},"mobile":{"background-color":"var(--ast-global-color-5)","background-image":"","background-repeat":"repeat","background-position":"center center","background-size":"auto","background-attachment":"scroll","background-type":"","background-media":"","overlay-type":"","overlay-color":"","overlay-gradient":""}},"footnotes":""},"categories":[1175,968,12909,6894,1408],"tags":[13481,137534,14203,137535,4212,137533],"class_list":["post-62278","post","type-post","status-publish","format-standard","hentry","category-evaluacion-y-diagnostico-en-psicologia","category-medicina-forense","category-pais-vasco-euskal-herriko-unibertsitatea","category-personalidad","category-psiquiatria","tag-antonio-bulbena-vilarrasa","tag-enrique-echeburrua-odriozola","tag-jordi-obiols-llandrich","tag-jose-ignacio-eguiluz-uruchurtu","tag-maria-castellano-arroyo","tag-maria-luisa-de-francisco-maiz"],"_links":{"self":[{"href":"https:\/\/www.deberes.net\/tesis\/wp-json\/wp\/v2\/posts\/62278","targetHints":{"allow":["GET"]}}],"collection":[{"href":"https:\/\/www.deberes.net\/tesis\/wp-json\/wp\/v2\/posts"}],"about":[{"href":"https:\/\/www.deberes.net\/tesis\/wp-json\/wp\/v2\/types\/post"}],"author":[{"embeddable":true,"href":"https:\/\/www.deberes.net\/tesis\/wp-json\/wp\/v2\/users\/1"}],"replies":[{"embeddable":true,"href":"https:\/\/www.deberes.net\/tesis\/wp-json\/wp\/v2\/comments?post=62278"}],"version-history":[{"count":0,"href":"https:\/\/www.deberes.net\/tesis\/wp-json\/wp\/v2\/posts\/62278\/revisions"}],"wp:attachment":[{"href":"https:\/\/www.deberes.net\/tesis\/wp-json\/wp\/v2\/media?parent=62278"}],"wp:term":[{"taxonomy":"category","embeddable":true,"href":"https:\/\/www.deberes.net\/tesis\/wp-json\/wp\/v2\/categories?post=62278"},{"taxonomy":"post_tag","embeddable":true,"href":"https:\/\/www.deberes.net\/tesis\/wp-json\/wp\/v2\/tags?post=62278"}],"curies":[{"name":"wp","href":"https:\/\/api.w.org\/{rel}","templated":true}]}}