{"id":62303,"date":"2008-08-01T00:00:00","date_gmt":"2008-08-01T00:00:00","guid":{"rendered":"https:\/\/www.deberes.net\/tesis\/sin-categoria\/el-empleo-de-nuevas-tecnologa%c2%adas-de-la-informacion-y-la-comunicacion-en-los-procedimientos-de-adjudicacion-de-contratos-del-sector-publico\/"},"modified":"2008-08-01T00:00:00","modified_gmt":"2008-08-01T00:00:00","slug":"el-empleo-de-nuevas-tecnologa%c2%adas-de-la-informacion-y-la-comunicacion-en-los-procedimientos-de-adjudicacion-de-contratos-del-sector-publico","status":"publish","type":"post","link":"https:\/\/www.deberes.net\/tesis\/administracion-publica\/el-empleo-de-nuevas-tecnologa%c2%adas-de-la-informacion-y-la-comunicacion-en-los-procedimientos-de-adjudicacion-de-contratos-del-sector-publico\/","title":{"rendered":"El empleo de nuevas tecnolog\u00edas de la informaci\u00f3n y la comunicaci\u00f3n en los procedimientos de adjudicaci\u00f3n de contratos del sector p\u00fablico"},"content":{"rendered":"<h2>Tesis doctoral de <strong> Gustavo Rodrigues Amorim <\/strong><\/h2>\n<p>El an\u00e1lisis de la aplicaci\u00f3n de las nuevas tecnolog\u00edas en la contrataci\u00f3n p\u00fablica, a partir de dos ejes principales: caracterizaci\u00f3n de las herramientas, como la subasta electr\u00f3nica, internet, catalogo electr\u00f3nico, su aplicaci\u00f3n en los supuestos de hecho, y el contenido de las normas que las regulan para su aplicaci\u00f3n en los contratos del sector p\u00fablico. Gobiernos o administraci\u00f3n p\u00fablica utilizan las nuevas tecnolog\u00edas en varias etapas del ciclo contractual. La forma en que tres pa\u00edses espec\u00edficos adoptan los medios electr\u00f3nicos, digitales y telem\u00e1ticos en los procedimientos de licitaci\u00f3n y adjudicaci\u00f3n de obras, suministro y servicios es descrita y analizada en la tesis. La investigaci\u00f3n  dentro de \u00e9stos ejes, de los estados unidos de am\u00e9rica, especie de paradigma en cuanto a la utilizaci\u00f3n de estos medios en acciones gubernamentales, especialmente las licitaciones electr\u00f3nicas y su sistema integrado de adquisiciones, conjunto de herramientas desarrolladas por agencias federales independientemente; de brasil, pa\u00eds de intermedio grado de utilizaci\u00f3n de las tic\u00c2\u00bfs, pero adelantado en el tema especifico de contrataci\u00f3n electr\u00f3nica forman un marco de una aproximaci\u00f3n de estos aspectos en   espa\u00f1a, bajo la normativa actual y practicas independientes de la administraci\u00f3n general de estado y comunidades aut\u00f3nomas, finalizando bajo los horizontes de la directiva 2004\/18 de coordinaci\u00f3n de procedimientos de adjudicaci\u00f3n de contratos del sector p\u00fablico, especialmente su recepci\u00f3n en espa\u00f1a tras la ley 30\/2007, aunque investigado en cuanto proyecto de ley de contratos del sector p\u00fablico.<\/p>\n<p>&nbsp;<\/p>\n<h3>Datos acad\u00e9micos de la tesis doctoral \u00ab<strong>El empleo de nuevas tecnolog\u00edas de la informaci\u00f3n y la comunicaci\u00f3n en los procedimientos de adjudicaci\u00f3n de contratos del sector p\u00fablico<\/strong>\u00ab<\/h3>\n<ul>\n<li><strong>T\u00edtulo de la tesis:<\/strong>\u00a0 El empleo de nuevas tecnolog\u00edas de la informaci\u00f3n y la comunicaci\u00f3n en los procedimientos de adjudicaci\u00f3n de contratos del sector p\u00fablico <\/li>\n<li><strong>Autor:<\/strong>\u00a0 Gustavo Rodrigues Amorim <\/li>\n<li><strong>Universidad:<\/strong>\u00a0 Salamanca<\/li>\n<li><strong>Fecha de lectura de la tesis:<\/strong>\u00a0 08\/01\/2008<\/li>\n<\/ul>\n<p>&nbsp;<\/p>\n<h3>Direcci\u00f3n y tribunal<\/h3>\n<ul>\n<li><strong>Director de la tesis<\/strong>\n<ul>\n<li>Ricardo Rivero Ortega<\/li>\n<\/ul>\n<\/li>\n<li><strong>Tribunal<\/strong>\n<ul>\n<li>Presidente del tribunal: enrique Rivero ysern <\/li>\n<li>Jos\u00e9 ram\u00f3n Garc\u00eda vicente (vocal)<\/li>\n<li>\u00e1ngel S\u00e1nchez blanco (vocal)<\/li>\n<li>severiano Fern\u00e1ndez ramos (vocal)<\/li>\n<\/ul>\n<\/li>\n<\/ul>\n<p>&nbsp;<\/p>\n","protected":false},"excerpt":{"rendered":"<p>Tesis doctoral de Gustavo Rodrigues Amorim El an\u00e1lisis de la aplicaci\u00f3n de las nuevas tecnolog\u00edas en la contrataci\u00f3n p\u00fablica, a [&hellip;]<\/p>\n","protected":false},"author":1,"featured_media":0,"comment_status":"open","ping_status":"open","sticky":false,"template":"","format":"standard","meta":{"site-sidebar-layout":"default","site-content-layout":"","ast-site-content-layout":"","site-content-style":"default","site-sidebar-style":"default","ast-global-header-display":"","ast-banner-title-visibility":"","ast-main-header-display":"","ast-hfb-above-header-display":"","ast-hfb-below-header-display":"","ast-hfb-mobile-header-display":"","site-post-title":"","ast-breadcrumbs-content":"","ast-featured-img":"","footer-sml-layout":"","theme-transparent-header-meta":"","adv-header-id-meta":"","stick-header-meta":"","header-above-stick-meta":"","header-main-stick-meta":"","header-below-stick-meta":"","astra-migrate-meta-layouts":"default","ast-page-background-enabled":"default","ast-page-background-meta":{"desktop":{"background-color":"var(--ast-global-color-4)","background-image":"","background-repeat":"repeat","background-position":"center center","background-size":"auto","background-attachment":"scroll","background-type":"","background-media":"","overlay-type":"","overlay-color":"","overlay-gradient":""},"tablet":{"background-color":"","background-image":"","background-repeat":"repeat","background-position":"center center","background-size":"auto","background-attachment":"scroll","background-type":"","background-media":"","overlay-type":"","overlay-color":"","overlay-gradient":""},"mobile":{"background-color":"","background-image":"","background-repeat":"repeat","background-position":"center center","background-size":"auto","background-attachment":"scroll","background-type":"","background-media":"","overlay-type":"","overlay-color":"","overlay-gradient":""}},"ast-content-background-meta":{"desktop":{"background-color":"var(--ast-global-color-5)","background-image":"","background-repeat":"repeat","background-position":"center center","background-size":"auto","background-attachment":"scroll","background-type":"","background-media":"","overlay-type":"","overlay-color":"","overlay-gradient":""},"tablet":{"background-color":"var(--ast-global-color-5)","background-image":"","background-repeat":"repeat","background-position":"center center","background-size":"auto","background-attachment":"scroll","background-type":"","background-media":"","overlay-type":"","overlay-color":"","overlay-gradient":""},"mobile":{"background-color":"var(--ast-global-color-5)","background-image":"","background-repeat":"repeat","background-position":"center center","background-size":"auto","background-attachment":"scroll","background-type":"","background-media":"","overlay-type":"","overlay-color":"","overlay-gradient":""}},"footnotes":""},"categories":[856,1442,9098,9386],"tags":[18554,11038,137582,122747,68936,34471],"class_list":["post-62303","post","type-post","status-publish","format-standard","hentry","category-administracion-publica","category-derecho-administrativo","category-gestion-administrativa","category-salamanca","tag-angel-sanchez-blanco","tag-enrique-rivero-ysern","tag-gustavo-rodrigues-amorim","tag-jose-ramon-garcia-vicente","tag-ricardo-rivero-ortega","tag-severiano-fernandez-ramos"],"_links":{"self":[{"href":"https:\/\/www.deberes.net\/tesis\/wp-json\/wp\/v2\/posts\/62303","targetHints":{"allow":["GET"]}}],"collection":[{"href":"https:\/\/www.deberes.net\/tesis\/wp-json\/wp\/v2\/posts"}],"about":[{"href":"https:\/\/www.deberes.net\/tesis\/wp-json\/wp\/v2\/types\/post"}],"author":[{"embeddable":true,"href":"https:\/\/www.deberes.net\/tesis\/wp-json\/wp\/v2\/users\/1"}],"replies":[{"embeddable":true,"href":"https:\/\/www.deberes.net\/tesis\/wp-json\/wp\/v2\/comments?post=62303"}],"version-history":[{"count":0,"href":"https:\/\/www.deberes.net\/tesis\/wp-json\/wp\/v2\/posts\/62303\/revisions"}],"wp:attachment":[{"href":"https:\/\/www.deberes.net\/tesis\/wp-json\/wp\/v2\/media?parent=62303"}],"wp:term":[{"taxonomy":"category","embeddable":true,"href":"https:\/\/www.deberes.net\/tesis\/wp-json\/wp\/v2\/categories?post=62303"},{"taxonomy":"post_tag","embeddable":true,"href":"https:\/\/www.deberes.net\/tesis\/wp-json\/wp\/v2\/tags?post=62303"}],"curies":[{"name":"wp","href":"https:\/\/api.w.org\/{rel}","templated":true}]}}