{"id":62305,"date":"2008-08-01T00:00:00","date_gmt":"2008-08-01T00:00:00","guid":{"rendered":"https:\/\/www.deberes.net\/tesis\/sin-categoria\/la-formacion-en-medicinas-no-oficiales-en-espana\/"},"modified":"2008-08-01T00:00:00","modified_gmt":"2008-08-01T00:00:00","slug":"la-formacion-en-medicinas-no-oficiales-en-espana","status":"publish","type":"post","link":"https:\/\/www.deberes.net\/tesis\/ciencias-clinicas\/la-formacion-en-medicinas-no-oficiales-en-espana\/","title":{"rendered":"La formaci\u00f3n en medicinas no oficiales en espa\u00f1a"},"content":{"rendered":"<h2>Tesis doctoral de <strong> Michele Ivonne Beauchamp Montalvo <\/strong><\/h2>\n<p>La investigaci\u00f3n se justifica por la ausencia de una legislaci\u00f3n en espa\u00f1a que regule la formaci\u00f3n de los profesionales que utilizan terap\u00e9uticas no oficiales. Desde esta perspectiva se ha realizado un trabajo que ha analizado, para el conjunto espa\u00f1ol, las terap\u00e9uticas ense\u00f1adas en \u00e1mbitos acad\u00e9micos universitarios y en los de las ense\u00f1anzas no regladas. En estas \u00faltimas se ha tomado en consideraci\u00f3n la formaci\u00f3n ofrecida por colegios profesionales sanitarios y asociaciones espec\u00edficas de medicinas no oficiales. Se ha aplicado una metodolog\u00eda cuantitativa a partir de diferentes cuestionarios en los que se han contemplado diversas variables sobre los centros y cursos que imparten estas ense\u00f1anzas: las de tipo administrativo, curricular y de contenido de las materias. De esta forma se ha podido establecer un mapa de las principales terap\u00e9uticas no oficiales y su distribuci\u00f3n en espa\u00f1a por comunidades aut\u00f3nomas y las caracter\u00edsticas de las mismas. La falta de criterios homologables en la ense\u00f1anza ha evidenciado -tras la recopilaci\u00f3n y an\u00e1lisis de toda la normativa, europea, espa\u00f1ola y comunitaria en las \u00e1reas educativa, sanitaria y fiscal- la necesidad de una legislaci\u00f3n al respecto.<\/p>\n<p>&nbsp;<\/p>\n<h3>Datos acad\u00e9micos de la tesis doctoral \u00ab<strong>La formaci\u00f3n en medicinas no oficiales en espa\u00f1a<\/strong>\u00ab<\/h3>\n<ul>\n<li><strong>T\u00edtulo de la tesis:<\/strong>\u00a0 La formaci\u00f3n en medicinas no oficiales en espa\u00f1a <\/li>\n<li><strong>Autor:<\/strong>\u00a0 Michele Ivonne Beauchamp Montalvo <\/li>\n<li><strong>Universidad:<\/strong>\u00a0 Salamanca<\/li>\n<li><strong>Fecha de lectura de la tesis:<\/strong>\u00a0 08\/01\/2008<\/li>\n<\/ul>\n<p>&nbsp;<\/p>\n<h3>Direcci\u00f3n y tribunal<\/h3>\n<ul>\n<li><strong>Director de la tesis<\/strong>\n<ul>\n<li>Juan  Antonio Rodr\u00edguez S\u00e1nchez<\/li>\n<\/ul>\n<\/li>\n<li><strong>Tribunal<\/strong>\n<ul>\n<li>Presidente del tribunal: Antonio Carreras panch\u00f3n <\/li>\n<li>Francisco Herrera rodr\u00edguez (vocal)<\/li>\n<li>Jes\u00fas \u00e1ngel Seco calvo (vocal)<\/li>\n<li>  (vocal)<\/li>\n<\/ul>\n<\/li>\n<\/ul>\n<p>&nbsp;<\/p>\n","protected":false},"excerpt":{"rendered":"<p>Tesis doctoral de Michele Ivonne Beauchamp Montalvo La investigaci\u00f3n se justifica por la ausencia de una legislaci\u00f3n en espa\u00f1a que [&hellip;]<\/p>\n","protected":false},"author":1,"featured_media":0,"comment_status":"open","ping_status":"open","sticky":false,"template":"","format":"standard","meta":{"site-sidebar-layout":"default","site-content-layout":"","ast-site-content-layout":"","site-content-style":"default","site-sidebar-style":"default","ast-global-header-display":"","ast-banner-title-visibility":"","ast-main-header-display":"","ast-hfb-above-header-display":"","ast-hfb-below-header-display":"","ast-hfb-mobile-header-display":"","site-post-title":"","ast-breadcrumbs-content":"","ast-featured-img":"","footer-sml-layout":"","theme-transparent-header-meta":"","adv-header-id-meta":"","stick-header-meta":"","header-above-stick-meta":"","header-main-stick-meta":"","header-below-stick-meta":"","astra-migrate-meta-layouts":"default","ast-page-background-enabled":"default","ast-page-background-meta":{"desktop":{"background-color":"var(--ast-global-color-4)","background-image":"","background-repeat":"repeat","background-position":"center center","background-size":"auto","background-attachment":"scroll","background-type":"","background-media":"","overlay-type":"","overlay-color":"","overlay-gradient":""},"tablet":{"background-color":"","background-image":"","background-repeat":"repeat","background-position":"center center","background-size":"auto","background-attachment":"scroll","background-type":"","background-media":"","overlay-type":"","overlay-color":"","overlay-gradient":""},"mobile":{"background-color":"","background-image":"","background-repeat":"repeat","background-position":"center center","background-size":"auto","background-attachment":"scroll","background-type":"","background-media":"","overlay-type":"","overlay-color":"","overlay-gradient":""}},"ast-content-background-meta":{"desktop":{"background-color":"var(--ast-global-color-5)","background-image":"","background-repeat":"repeat","background-position":"center center","background-size":"auto","background-attachment":"scroll","background-type":"","background-media":"","overlay-type":"","overlay-color":"","overlay-gradient":""},"tablet":{"background-color":"var(--ast-global-color-5)","background-image":"","background-repeat":"repeat","background-position":"center center","background-size":"auto","background-attachment":"scroll","background-type":"","background-media":"","overlay-type":"","overlay-color":"","overlay-gradient":""},"mobile":{"background-color":"var(--ast-global-color-5)","background-image":"","background-repeat":"repeat","background-position":"center center","background-size":"auto","background-attachment":"scroll","background-type":"","background-media":"","overlay-type":"","overlay-color":"","overlay-gradient":""}},"footnotes":""},"categories":[155,2444,4074,9386,967],"tags":[1902,1707,72718,9804,137586],"class_list":["post-62305","post","type-post","status-publish","format-standard","hentry","category-ciencias-clinicas","category-farmacos-naturales","category-politica-sanitaria","category-salamanca","category-salud-publica","tag-antonio-carreras-panchon","tag-francisco-herrera-rodriguez","tag-jesus-angel-seco-calvo","tag-juan-antonio-rodriguez-sanchez","tag-michele-ivonne-beauchamp-montalvo"],"_links":{"self":[{"href":"https:\/\/www.deberes.net\/tesis\/wp-json\/wp\/v2\/posts\/62305","targetHints":{"allow":["GET"]}}],"collection":[{"href":"https:\/\/www.deberes.net\/tesis\/wp-json\/wp\/v2\/posts"}],"about":[{"href":"https:\/\/www.deberes.net\/tesis\/wp-json\/wp\/v2\/types\/post"}],"author":[{"embeddable":true,"href":"https:\/\/www.deberes.net\/tesis\/wp-json\/wp\/v2\/users\/1"}],"replies":[{"embeddable":true,"href":"https:\/\/www.deberes.net\/tesis\/wp-json\/wp\/v2\/comments?post=62305"}],"version-history":[{"count":0,"href":"https:\/\/www.deberes.net\/tesis\/wp-json\/wp\/v2\/posts\/62305\/revisions"}],"wp:attachment":[{"href":"https:\/\/www.deberes.net\/tesis\/wp-json\/wp\/v2\/media?parent=62305"}],"wp:term":[{"taxonomy":"category","embeddable":true,"href":"https:\/\/www.deberes.net\/tesis\/wp-json\/wp\/v2\/categories?post=62305"},{"taxonomy":"post_tag","embeddable":true,"href":"https:\/\/www.deberes.net\/tesis\/wp-json\/wp\/v2\/tags?post=62305"}],"curies":[{"name":"wp","href":"https:\/\/api.w.org\/{rel}","templated":true}]}}