{"id":62415,"date":"2018-03-09T22:50:17","date_gmt":"2018-03-09T22:50:17","guid":{"rendered":"https:\/\/www.deberes.net\/tesis\/sin-categoria\/percursos-educativos-formativos-e-profissionais-no-sindrome-de-down\/"},"modified":"2018-03-09T22:50:17","modified_gmt":"2018-03-09T22:50:17","slug":"percursos-educativos-formativos-e-profissionais-no-sindrome-de-down","status":"publish","type":"post","link":"https:\/\/www.deberes.net\/tesis\/educacion-especial\/percursos-educativos-formativos-e-profissionais-no-sindrome-de-down\/","title":{"rendered":"Percursos educativos, formativos e profissionais no sindrome de down"},"content":{"rendered":"<h2>Tesis doctoral de <strong> Mar\u00eda Elisabeth Soares Pereira <\/strong><\/h2>\n<p>A constitui\u00ed\u00a7\u00ed\u00a3o portuguesa (artigo 71.\u00c2\u00ba) remete para o estado a responsabilidade e a obriga\u00ed\u00a7\u00ed\u00a3o de realizar uma pol\u00edtica nacional de preven\u00ed\u00a7\u00ed\u00a3o, tratamento, reabilita\u00ed\u00a7\u00ed\u00a3o e integra\u00ed\u00a7\u00ed\u00a3o dos cidad\u00ed\u00a3os com defici\u00ed\u00aancia, bem como a defesa e a efectiva implementa\u00ed\u00a7\u00ed\u00a3o dos seus direitos. Neste contexto a  &#8230;   Integra\u00ed\u00a7\u00ed\u00a3o s\u00f3cio . Profissional das pessoas com defici\u00ed\u00aancia em idade activa constitui mat\u00e9ria de particular relev\u00ed\u00a2ncia pois a exist\u00ed\u00aancia nas suas vidas da dimens\u00ed\u00a3o social do trabalho, enquanto geradora de mecanismos de integra\u00ed\u00a7\u00ed\u00a3o e sustenta\u00ed\u00a7\u00ed\u00a3o de uma base de rela\u00ed\u00a7\u00ed\u00b5es sociais e de autonomias diversas, evita a exclus\u00ed\u00a3o social provocada, por exemplo pela solu\u00ed\u00a7\u00ed\u00a3o \u00c2\u00bfpens\u00ed\u00a3o de invalidez\u00c2\u00bf (a principal forma de sobreviv\u00ed\u00aancia da popula\u00ed\u00a7\u00ed\u00a3o nestas condi\u00ed\u00a7\u00ed\u00b5es). O motivo da realiza\u00ed\u00a7\u00ed\u00a3o desta investiga\u00ed\u00a7\u00ed\u00a3o prende-se com o facto de n\u00ed\u00a3o haver estudos que digam respeito a processos de tva relacionados com pessoas com sd. Os motivos que levam a n\u00ed\u00a3o haver estudos com esta tem\u00e1tica prendem-se a nosso ver com factos como: &#8211; o processo de inclus\u00ed\u00a3o de alunos com sd nas escolas do ensino regular s\u00f3 come\u00ed\u00a7ou a ter express\u00ed\u00a3o no in\u00edcio dos anos 90 pelo que poucos indiv\u00edduos com sd (e que tenham passado por processos de tva nas escolas de ensino regular) se encontram presentemente a trabalhar em mercado aberto. Antes desta data os jovens triss\u00f3micos eram, na grande maioria, institucionalizados onde eram, nos casos em que tal se fazia, apenas preparados para empregos protegidos executados apenas dentro das instala\u00ed\u00a7\u00ed\u00b5es dessas institui\u00ed\u00a7\u00ed\u00b5es. Consequentemente n\u00ed\u00a3o havia uma verdadeira integra\u00ed\u00a7\u00ed\u00a3o, pois estes formandos apenas conviviam com pares com problemas de defici\u00ed\u00aancia. Em consequ\u00ed\u00aancia existem ainda poucos jovens triss\u00f3micos a trabalhar em mercado aberto, n\u00ed\u00a3o existindo ainda muita rotina formativa neste aspecto proporcionada pela experi\u00ed\u00aancia e por estudos cient\u00edficos nessa mat\u00e9ria. Tamb\u00e9m pelos motivos apontados acima a bibliografia sobre o assunto \u00e9 ainda limitada pelo que, poss\u00edveis conclus\u00ed\u00b5es que resultariam de confronta\u00ed\u00a7\u00ed\u00a3o de resultados entre este e outros e outros estudos, tamb\u00e9m n\u00ed\u00a3o ser\u00ed\u00a3o poss\u00edveis de tirar.<\/p>\n<p>&nbsp;<\/p>\n<h3>Datos acad\u00e9micos de la tesis doctoral \u00ab<strong>Percursos educativos, formativos e profissionais no sindrome de down<\/strong>\u00ab<\/h3>\n<ul>\n<li><strong>T\u00edtulo de la tesis:<\/strong>\u00a0 Percursos educativos, formativos e profissionais no sindrome de down <\/li>\n<li><strong>Autor:<\/strong>\u00a0 Mar\u00eda Elisabeth Soares Pereira <\/li>\n<li><strong>Universidad:<\/strong>\u00a0 Sevilla<\/li>\n<li><strong>Fecha de lectura de la tesis:<\/strong>\u00a0 16\/01\/2008<\/li>\n<\/ul>\n<p>&nbsp;<\/p>\n<h3>Direcci\u00f3n y tribunal<\/h3>\n<ul>\n<li><strong>Director de la tesis<\/strong>\n<ul>\n<li> Fern\u00e1ndez Batanero Jos\u00e9 Mar\u00eda<\/li>\n<\/ul>\n<\/li>\n<li><strong>Tribunal<\/strong>\n<ul>\n<li>Presidente del tribunal: Julio Cabero Almenara <\/li>\n<li>Salvador Luis Gutierrez Cerezo (vocal)<\/li>\n<li>Pedro Pablo Berruezo Adelantado (vocal)<\/li>\n<li>Margarita Cordoba Perez (vocal)<\/li>\n<\/ul>\n<\/li>\n<\/ul>\n<p>&nbsp;<\/p>\n","protected":false},"excerpt":{"rendered":"<p>Tesis doctoral de Mar\u00eda Elisabeth Soares Pereira A constitui\u00ed\u00a7\u00ed\u00a3o portuguesa (artigo 71.\u00c2\u00ba) remete para o estado a responsabilidade e a [&hellip;]<\/p>\n","protected":false},"author":1,"featured_media":0,"comment_status":"open","ping_status":"open","sticky":false,"template":"","format":"standard","meta":{"site-sidebar-layout":"default","site-content-layout":"","ast-site-content-layout":"","site-content-style":"default","site-sidebar-style":"default","ast-global-header-display":"","ast-banner-title-visibility":"","ast-main-header-display":"","ast-hfb-above-header-display":"","ast-hfb-below-header-display":"","ast-hfb-mobile-header-display":"","site-post-title":"","ast-breadcrumbs-content":"","ast-featured-img":"","footer-sml-layout":"","theme-transparent-header-meta":"","adv-header-id-meta":"","stick-header-meta":"","header-above-stick-meta":"","header-main-stick-meta":"","header-below-stick-meta":"","astra-migrate-meta-layouts":"default","ast-page-background-enabled":"default","ast-page-background-meta":{"desktop":{"background-color":"var(--ast-global-color-4)","background-image":"","background-repeat":"repeat","background-position":"center center","background-size":"auto","background-attachment":"scroll","background-type":"","background-media":"","overlay-type":"","overlay-color":"","overlay-gradient":""},"tablet":{"background-color":"","background-image":"","background-repeat":"repeat","background-position":"center center","background-size":"auto","background-attachment":"scroll","background-type":"","background-media":"","overlay-type":"","overlay-color":"","overlay-gradient":""},"mobile":{"background-color":"","background-image":"","background-repeat":"repeat","background-position":"center center","background-size":"auto","background-attachment":"scroll","background-type":"","background-media":"","overlay-type":"","overlay-color":"","overlay-gradient":""}},"ast-content-background-meta":{"desktop":{"background-color":"var(--ast-global-color-5)","background-image":"","background-repeat":"repeat","background-position":"center center","background-size":"auto","background-attachment":"scroll","background-type":"","background-media":"","overlay-type":"","overlay-color":"","overlay-gradient":""},"tablet":{"background-color":"var(--ast-global-color-5)","background-image":"","background-repeat":"repeat","background-position":"center center","background-size":"auto","background-attachment":"scroll","background-type":"","background-media":"","overlay-type":"","overlay-color":"","overlay-gradient":""},"mobile":{"background-color":"var(--ast-global-color-5)","background-image":"","background-repeat":"repeat","background-position":"center center","background-size":"auto","background-attachment":"scroll","background-type":"","background-media":"","overlay-type":"","overlay-color":"","overlay-gradient":""}},"footnotes":""},"categories":[6222,10715],"tags":[82776,38206,72997,137828,44646,41567],"class_list":["post-62415","post","type-post","status-publish","format-standard","hentry","category-educacion-especial","category-sevilla","tag-fernandez-batanero-jose-maria","tag-julio-cabero-almenara","tag-margarita-cordoba-perez","tag-maria-elisabeth-soares-pereira","tag-pedro-pablo-berruezo-adelantado","tag-salvador-luis-gutierrez-cerezo"],"_links":{"self":[{"href":"https:\/\/www.deberes.net\/tesis\/wp-json\/wp\/v2\/posts\/62415","targetHints":{"allow":["GET"]}}],"collection":[{"href":"https:\/\/www.deberes.net\/tesis\/wp-json\/wp\/v2\/posts"}],"about":[{"href":"https:\/\/www.deberes.net\/tesis\/wp-json\/wp\/v2\/types\/post"}],"author":[{"embeddable":true,"href":"https:\/\/www.deberes.net\/tesis\/wp-json\/wp\/v2\/users\/1"}],"replies":[{"embeddable":true,"href":"https:\/\/www.deberes.net\/tesis\/wp-json\/wp\/v2\/comments?post=62415"}],"version-history":[{"count":0,"href":"https:\/\/www.deberes.net\/tesis\/wp-json\/wp\/v2\/posts\/62415\/revisions"}],"wp:attachment":[{"href":"https:\/\/www.deberes.net\/tesis\/wp-json\/wp\/v2\/media?parent=62415"}],"wp:term":[{"taxonomy":"category","embeddable":true,"href":"https:\/\/www.deberes.net\/tesis\/wp-json\/wp\/v2\/categories?post=62415"},{"taxonomy":"post_tag","embeddable":true,"href":"https:\/\/www.deberes.net\/tesis\/wp-json\/wp\/v2\/tags?post=62415"}],"curies":[{"name":"wp","href":"https:\/\/api.w.org\/{rel}","templated":true}]}}