{"id":62444,"date":"2018-03-09T22:50:21","date_gmt":"2018-03-09T22:50:21","guid":{"rendered":"https:\/\/www.deberes.net\/tesis\/sin-categoria\/oralidad-y-escritura-en-el-desarrollo-de-las-culturas-musicales\/"},"modified":"2018-03-09T22:50:21","modified_gmt":"2018-03-09T22:50:21","slug":"oralidad-y-escritura-en-el-desarrollo-de-las-culturas-musicales","status":"publish","type":"post","link":"https:\/\/www.deberes.net\/tesis\/lengua-y-cultura\/oralidad-y-escritura-en-el-desarrollo-de-las-culturas-musicales\/","title":{"rendered":"Oralidad y escritura en el desarrollo de las culturas musicales."},"content":{"rendered":"<h2>Tesis doctoral de <strong> Mar\u00eda Del Mar Sol\u00eds Garc\u00eda <\/strong><\/h2>\n<p>La investigaci\u00f3n est\u00e1 orientada al an\u00e1lisis de las relaciones entre la m\u00fasica, la oralidad y la escritura, como formas y medios culturales de la comunicaci\u00f3n humana. El planteamiento gira entorno a la expresi\u00f3n y el pensamiento musical en las culturas orales y su transformaci\u00f3n con el establecimiento de los primeros sistemas de notaci\u00f3n musical. La revisi\u00f3n de las principales teor\u00edas sobre la evoluci\u00f3n del comportamiento musical del hombre, conduce al estudio del sonido como rasgo com\u00fan del canto y el habla, lo que ha llevado a profundizar sobre el v\u00ednculo que hist\u00f3ricamente se ha establecido entre m\u00fasica y lenguaje, as\u00ed como el impacto de la escritura y la lectura musical en los procesos de cognici\u00f3n y socializaci\u00f3n, y su influencia en el desarrollo de las ideas musicales.<\/p>\n<p>&nbsp;<\/p>\n<h3>Datos acad\u00e9micos de la tesis doctoral \u00ab<strong>Oralidad y escritura en el desarrollo de las culturas musicales.<\/strong>\u00ab<\/h3>\n<ul>\n<li><strong>T\u00edtulo de la tesis:<\/strong>\u00a0 Oralidad y escritura en el desarrollo de las culturas musicales. <\/li>\n<li><strong>Autor:<\/strong>\u00a0 Mar\u00eda Del Mar Sol\u00eds Garc\u00eda <\/li>\n<li><strong>Universidad:<\/strong>\u00a0 Complutense de Madrid<\/li>\n<li><strong>Fecha de lectura de la tesis:<\/strong>\u00a0 17\/01\/2008<\/li>\n<\/ul>\n<p>&nbsp;<\/p>\n<h3>Direcci\u00f3n y tribunal<\/h3>\n<ul>\n<li><strong>Director de la tesis<\/strong>\n<ul>\n<li>Jose Avello Florez<\/li>\n<\/ul>\n<\/li>\n<li><strong>Tribunal<\/strong>\n<ul>\n<li>Presidente del tribunal: gonzalo Abril <\/li>\n<li>edisa Mondelo (vocal)<\/li>\n<li>ricardo P\u00e9rez (vocal)<\/li>\n<li>aurora Herrera (vocal)<\/li>\n<\/ul>\n<\/li>\n<\/ul>\n<p>&nbsp;<\/p>\n","protected":false},"excerpt":{"rendered":"<p>Tesis doctoral de Mar\u00eda Del Mar Sol\u00eds Garc\u00eda La investigaci\u00f3n est\u00e1 orientada al an\u00e1lisis de las relaciones entre la m\u00fasica, [&hellip;]<\/p>\n","protected":false},"author":1,"featured_media":0,"comment_status":"open","ping_status":"open","sticky":false,"template":"","format":"standard","meta":{"site-sidebar-layout":"default","site-content-layout":"","ast-site-content-layout":"","site-content-style":"default","site-sidebar-style":"default","ast-global-header-display":"","ast-banner-title-visibility":"","ast-main-header-display":"","ast-hfb-above-header-display":"","ast-hfb-below-header-display":"","ast-hfb-mobile-header-display":"","site-post-title":"","ast-breadcrumbs-content":"","ast-featured-img":"","footer-sml-layout":"","theme-transparent-header-meta":"","adv-header-id-meta":"","stick-header-meta":"","header-above-stick-meta":"","header-main-stick-meta":"","header-below-stick-meta":"","astra-migrate-meta-layouts":"default","ast-page-background-enabled":"default","ast-page-background-meta":{"desktop":{"background-color":"var(--ast-global-color-4)","background-image":"","background-repeat":"repeat","background-position":"center center","background-size":"auto","background-attachment":"scroll","background-type":"","background-media":"","overlay-type":"","overlay-color":"","overlay-gradient":""},"tablet":{"background-color":"","background-image":"","background-repeat":"repeat","background-position":"center center","background-size":"auto","background-attachment":"scroll","background-type":"","background-media":"","overlay-type":"","overlay-color":"","overlay-gradient":""},"mobile":{"background-color":"","background-image":"","background-repeat":"repeat","background-position":"center center","background-size":"auto","background-attachment":"scroll","background-type":"","background-media":"","overlay-type":"","overlay-color":"","overlay-gradient":""}},"ast-content-background-meta":{"desktop":{"background-color":"var(--ast-global-color-5)","background-image":"","background-repeat":"repeat","background-position":"center center","background-size":"auto","background-attachment":"scroll","background-type":"","background-media":"","overlay-type":"","overlay-color":"","overlay-gradient":""},"tablet":{"background-color":"var(--ast-global-color-5)","background-image":"","background-repeat":"repeat","background-position":"center center","background-size":"auto","background-attachment":"scroll","background-type":"","background-media":"","overlay-type":"","overlay-color":"","overlay-gradient":""},"mobile":{"background-color":"var(--ast-global-color-5)","background-image":"","background-repeat":"repeat","background-position":"center center","background-size":"auto","background-attachment":"scroll","background-type":"","background-media":"","overlay-type":"","overlay-color":"","overlay-gradient":""}},"footnotes":""},"categories":[8763,9132],"tags":[137897,137895,137894,4741,137893,137896],"class_list":["post-62444","post","type-post","status-publish","format-standard","hentry","category-lengua-y-cultura","category-musica-y-musicologia","tag-aurora-herrera","tag-edisa-mondelo","tag-gonzalo-abril","tag-jose-avello-florez","tag-maria-del-mar-solis-garcia","tag-ricardo-perez"],"_links":{"self":[{"href":"https:\/\/www.deberes.net\/tesis\/wp-json\/wp\/v2\/posts\/62444","targetHints":{"allow":["GET"]}}],"collection":[{"href":"https:\/\/www.deberes.net\/tesis\/wp-json\/wp\/v2\/posts"}],"about":[{"href":"https:\/\/www.deberes.net\/tesis\/wp-json\/wp\/v2\/types\/post"}],"author":[{"embeddable":true,"href":"https:\/\/www.deberes.net\/tesis\/wp-json\/wp\/v2\/users\/1"}],"replies":[{"embeddable":true,"href":"https:\/\/www.deberes.net\/tesis\/wp-json\/wp\/v2\/comments?post=62444"}],"version-history":[{"count":0,"href":"https:\/\/www.deberes.net\/tesis\/wp-json\/wp\/v2\/posts\/62444\/revisions"}],"wp:attachment":[{"href":"https:\/\/www.deberes.net\/tesis\/wp-json\/wp\/v2\/media?parent=62444"}],"wp:term":[{"taxonomy":"category","embeddable":true,"href":"https:\/\/www.deberes.net\/tesis\/wp-json\/wp\/v2\/categories?post=62444"},{"taxonomy":"post_tag","embeddable":true,"href":"https:\/\/www.deberes.net\/tesis\/wp-json\/wp\/v2\/tags?post=62444"}],"curies":[{"name":"wp","href":"https:\/\/api.w.org\/{rel}","templated":true}]}}