{"id":62489,"date":"2018-03-09T22:50:25","date_gmt":"2018-03-09T22:50:25","guid":{"rendered":"https:\/\/www.deberes.net\/tesis\/sin-categoria\/servicios-publicos-de-empleo-y-agencias-de-empleo-privadas-publico-y-privado-en-la-actividad-de-colocacion\/"},"modified":"2018-03-09T22:50:25","modified_gmt":"2018-03-09T22:50:25","slug":"servicios-publicos-de-empleo-y-agencias-de-empleo-privadas-publico-y-privado-en-la-actividad-de-colocacion","status":"publish","type":"post","link":"https:\/\/www.deberes.net\/tesis\/derecho-administrativo\/servicios-publicos-de-empleo-y-agencias-de-empleo-privadas-publico-y-privado-en-la-actividad-de-colocacion\/","title":{"rendered":"Servicios publicos de empleo y agencias de empleo privadas. publico y privado en la actividad de colocacion"},"content":{"rendered":"<h2>Tesis doctoral de <strong> Carolina Serrano Falcon <\/strong><\/h2>\n<p>La presente tesis doctoral ha tenido la finalidad de analizar los diferentes sectores sociales que intervienen, de alg\u00fan modo, en la actividad de colocaci\u00f3n, considerada \u00e9sta como el conjunto de actividades -tanto p\u00fablicas como privadas- destinadas a conseguir la obtenci\u00f3n de un empleo. Tales sectores son el sector p\u00fablico (estado), el sector privado mercantil (mercado), y el sector social o tercer sistema. Debido a la escasa regulaci\u00f3n de esta actividad, y a las deficiencias que presenta su marco normativo, unido a la falta de inter\u00e9s prestado a esta materia desde tiempos hist\u00f3ricos, la investigaci\u00f3n se centra en gran parte en realizar un an\u00e1lisis de lege ferenda de esta actividad aportando posibles soluciones y propuestas para una pr\u00f3xima y esperada regulaci\u00f3n de esta materia. Para alcanzar este objetivo, ha sido del todo necesario analizar la actividad de colocaci\u00f3n en su estado actual.  \tuno de los aspectos a resaltar es el enfoque pr\u00e1ctico que se ha querido mostrar, y para ello se han intentando dar soluciones \u00abtransitorias\u00bb para la aplicaci\u00f3n del r\u00e9gimen jur\u00eddico actual, con la finalidad de que el aplicador del derecho pueda tener como referencia algunas interpretaciones sobre el r\u00e9gimen actual una vez analizado en su conjunto, y sobre todo, se de una respuesta sobre la licitud o ilicitud de determinadas instituciones -no reguladas actualmente- que se encargan de la actividad de colocaci\u00f3n.<\/p>\n<p>&nbsp;<\/p>\n<h3>Datos acad\u00e9micos de la tesis doctoral \u00ab<strong>Servicios publicos de empleo y agencias de empleo privadas. publico y privado en la actividad de colocacion<\/strong>\u00ab<\/h3>\n<ul>\n<li><strong>T\u00edtulo de la tesis:<\/strong>\u00a0 Servicios publicos de empleo y agencias de empleo privadas. publico y privado en la actividad de colocacion <\/li>\n<li><strong>Autor:<\/strong>\u00a0 Carolina Serrano Falcon <\/li>\n<li><strong>Universidad:<\/strong>\u00a0 Granada<\/li>\n<li><strong>Fecha de lectura de la tesis:<\/strong>\u00a0 18\/01\/2008<\/li>\n<\/ul>\n<p>&nbsp;<\/p>\n<h3>Direcci\u00f3n y tribunal<\/h3>\n<ul>\n<li><strong>Director de la tesis<\/strong>\n<ul>\n<li>Jos\u00e9 Luis Monereo Perez<\/li>\n<\/ul>\n<\/li>\n<li><strong>Tribunal<\/strong>\n<ul>\n<li>Presidente del tribunal: jose Vida soria <\/li>\n<li>Juan Garc\u00eda blasco (vocal)<\/li>\n<li>Jos\u00e9 ignacio Garcia ninet (vocal)<\/li>\n<li>Fernando Vald\u00e9s dal-r\u00e9 (vocal)<\/li>\n<\/ul>\n<\/li>\n<\/ul>\n<p>&nbsp;<\/p>\n","protected":false},"excerpt":{"rendered":"<p>Tesis doctoral de Carolina Serrano Falcon La presente tesis doctoral ha tenido la finalidad de analizar los diferentes sectores sociales [&hellip;]<\/p>\n","protected":false},"author":1,"featured_media":0,"comment_status":"open","ping_status":"open","sticky":false,"template":"","format":"standard","meta":{"site-sidebar-layout":"default","site-content-layout":"","ast-site-content-layout":"","site-content-style":"default","site-sidebar-style":"default","ast-global-header-display":"","ast-banner-title-visibility":"","ast-main-header-display":"","ast-hfb-above-header-display":"","ast-hfb-below-header-display":"","ast-hfb-mobile-header-display":"","site-post-title":"","ast-breadcrumbs-content":"","ast-featured-img":"","footer-sml-layout":"","theme-transparent-header-meta":"","adv-header-id-meta":"","stick-header-meta":"","header-above-stick-meta":"","header-main-stick-meta":"","header-below-stick-meta":"","astra-migrate-meta-layouts":"default","ast-page-background-enabled":"default","ast-page-background-meta":{"desktop":{"background-color":"var(--ast-global-color-4)","background-image":"","background-repeat":"repeat","background-position":"center center","background-size":"auto","background-attachment":"scroll","background-type":"","background-media":"","overlay-type":"","overlay-color":"","overlay-gradient":""},"tablet":{"background-color":"","background-image":"","background-repeat":"repeat","background-position":"center center","background-size":"auto","background-attachment":"scroll","background-type":"","background-media":"","overlay-type":"","overlay-color":"","overlay-gradient":""},"mobile":{"background-color":"","background-image":"","background-repeat":"repeat","background-position":"center center","background-size":"auto","background-attachment":"scroll","background-type":"","background-media":"","overlay-type":"","overlay-color":"","overlay-gradient":""}},"ast-content-background-meta":{"desktop":{"background-color":"var(--ast-global-color-5)","background-image":"","background-repeat":"repeat","background-position":"center center","background-size":"auto","background-attachment":"scroll","background-type":"","background-media":"","overlay-type":"","overlay-color":"","overlay-gradient":""},"tablet":{"background-color":"var(--ast-global-color-5)","background-image":"","background-repeat":"repeat","background-position":"center center","background-size":"auto","background-attachment":"scroll","background-type":"","background-media":"","overlay-type":"","overlay-color":"","overlay-gradient":""},"mobile":{"background-color":"var(--ast-global-color-5)","background-image":"","background-repeat":"repeat","background-position":"center center","background-size":"auto","background-attachment":"scroll","background-type":"","background-media":"","overlay-type":"","overlay-color":"","overlay-gradient":""}},"footnotes":""},"categories":[1442,2170,24023,9215],"tags":[138001,4718,26862,28783,3700,28782],"class_list":["post-62489","post","type-post","status-publish","format-standard","hentry","category-derecho-administrativo","category-derecho-del-trabajo-y-de-la-seguridad-social","category-desempleo","category-regulacion-gubernamental-del-sector-privado","tag-carolina-serrano-falcon","tag-fernando-valdes-dal-re","tag-jose-ignacio-garcia-ninet","tag-jose-luis-monereo-perez","tag-jose-vida-soria","tag-juan-garcia-blasco"],"_links":{"self":[{"href":"https:\/\/www.deberes.net\/tesis\/wp-json\/wp\/v2\/posts\/62489","targetHints":{"allow":["GET"]}}],"collection":[{"href":"https:\/\/www.deberes.net\/tesis\/wp-json\/wp\/v2\/posts"}],"about":[{"href":"https:\/\/www.deberes.net\/tesis\/wp-json\/wp\/v2\/types\/post"}],"author":[{"embeddable":true,"href":"https:\/\/www.deberes.net\/tesis\/wp-json\/wp\/v2\/users\/1"}],"replies":[{"embeddable":true,"href":"https:\/\/www.deberes.net\/tesis\/wp-json\/wp\/v2\/comments?post=62489"}],"version-history":[{"count":0,"href":"https:\/\/www.deberes.net\/tesis\/wp-json\/wp\/v2\/posts\/62489\/revisions"}],"wp:attachment":[{"href":"https:\/\/www.deberes.net\/tesis\/wp-json\/wp\/v2\/media?parent=62489"}],"wp:term":[{"taxonomy":"category","embeddable":true,"href":"https:\/\/www.deberes.net\/tesis\/wp-json\/wp\/v2\/categories?post=62489"},{"taxonomy":"post_tag","embeddable":true,"href":"https:\/\/www.deberes.net\/tesis\/wp-json\/wp\/v2\/tags?post=62489"}],"curies":[{"name":"wp","href":"https:\/\/api.w.org\/{rel}","templated":true}]}}