{"id":62515,"date":"2018-03-09T22:50:25","date_gmt":"2018-03-09T22:50:25","guid":{"rendered":"https:\/\/www.deberes.net\/tesis\/sin-categoria\/economia-y-comercio-en-la-obra-de-juan-de-solorzano-pereira\/"},"modified":"2018-03-09T22:50:25","modified_gmt":"2018-03-09T22:50:25","slug":"economia-y-comercio-en-la-obra-de-juan-de-solorzano-pereira","status":"publish","type":"post","link":"https:\/\/www.deberes.net\/tesis\/historia-de-la-economia\/economia-y-comercio-en-la-obra-de-juan-de-solorzano-pereira\/","title":{"rendered":"Economia y comercio en la obra de juan de solorzano pereira"},"content":{"rendered":"<h2>Tesis doctoral de <strong> Santiago Hierro Anibarro <\/strong><\/h2>\n<p>La tesis doctoral rescata la visi\u00f3n global de las instituciones de la econom\u00eda y del comercio indiano en la obra de juan de sol\u00f3rzano pereira, catedr\u00e1tico de la universidad de salamanca, oidor en la audiencia de lima y consejero en los consejos de indias y castilla durante la primera mitad del siglo xvii. De hecho, sol\u00f3rzano es el primer autor que realizar un an\u00e1lisis pormenorizado de la arquitectura institucional de las indias espa\u00f1olas. El inter\u00e9s econ\u00f3mico de la obra de sol\u00f3rzano se ve acrecentado por la \u00e9poca en que la escribe. En la cuarta d\u00e9cada del siglo xvii ya est\u00e1n firmemente asentados los principios por lo que se regir\u00e1 la am\u00e9rica espa\u00f1ola hasta el fin de la era colonial. Esta circunstancia le permite juzgar las instituciones indianas con la suficiente perspectiva. Adem\u00e1s, este per\u00edodo es un momento de expansi\u00f3n para la econom\u00eda indiana. Frente a la crisis europea, los territorios americanos de la corona experimentan un florecimiento econ\u00f3mico, que tiene como protagonista a los criollos, aunque se sustente sobre el trabajo forzoso de los ind\u00edgenas.<\/p>\n<p>&nbsp;<\/p>\n<h3>Datos acad\u00e9micos de la tesis doctoral \u00ab<strong>Economia y comercio en la obra de juan de solorzano pereira<\/strong>\u00ab<\/h3>\n<ul>\n<li><strong>T\u00edtulo de la tesis:<\/strong>\u00a0 Economia y comercio en la obra de juan de solorzano pereira <\/li>\n<li><strong>Autor:<\/strong>\u00a0 Santiago Hierro Anibarro <\/li>\n<li><strong>Universidad:<\/strong>\u00a0 Alcal\u00e1<\/li>\n<li><strong>Fecha de lectura de la tesis:<\/strong>\u00a0 21\/01\/2008<\/li>\n<\/ul>\n<p>&nbsp;<\/p>\n<h3>Direcci\u00f3n y tribunal<\/h3>\n<ul>\n<li><strong>Director de la tesis<\/strong>\n<ul>\n<li>Gabriel Tortella Casares<\/li>\n<\/ul>\n<\/li>\n<li><strong>Tribunal<\/strong>\n<ul>\n<li>Presidente del tribunal: jose Morilla critz <\/li>\n<li>Luis Perdices de blas (vocal)<\/li>\n<li>pedro P\u00e9rez herrero (vocal)<\/li>\n<li>Rafael Dobado gonzalez (vocal)<\/li>\n<\/ul>\n<\/li>\n<\/ul>\n<p>&nbsp;<\/p>\n","protected":false},"excerpt":{"rendered":"<p>Tesis doctoral de Santiago Hierro Anibarro La tesis doctoral rescata la visi\u00f3n global de las instituciones de la econom\u00eda y [&hellip;]<\/p>\n","protected":false},"author":1,"featured_media":0,"comment_status":"open","ping_status":"open","sticky":false,"template":"","format":"standard","meta":{"site-sidebar-layout":"default","site-content-layout":"","ast-site-content-layout":"","site-content-style":"default","site-sidebar-style":"default","ast-global-header-display":"","ast-banner-title-visibility":"","ast-main-header-display":"","ast-hfb-above-header-display":"","ast-hfb-below-header-display":"","ast-hfb-mobile-header-display":"","site-post-title":"","ast-breadcrumbs-content":"","ast-featured-img":"","footer-sml-layout":"","theme-transparent-header-meta":"","adv-header-id-meta":"","stick-header-meta":"","header-above-stick-meta":"","header-main-stick-meta":"","header-below-stick-meta":"","astra-migrate-meta-layouts":"default","ast-page-background-enabled":"default","ast-page-background-meta":{"desktop":{"background-color":"var(--ast-global-color-4)","background-image":"","background-repeat":"repeat","background-position":"center center","background-size":"auto","background-attachment":"scroll","background-type":"","background-media":"","overlay-type":"","overlay-color":"","overlay-gradient":""},"tablet":{"background-color":"","background-image":"","background-repeat":"repeat","background-position":"center center","background-size":"auto","background-attachment":"scroll","background-type":"","background-media":"","overlay-type":"","overlay-color":"","overlay-gradient":""},"mobile":{"background-color":"","background-image":"","background-repeat":"repeat","background-position":"center center","background-size":"auto","background-attachment":"scroll","background-type":"","background-media":"","overlay-type":"","overlay-color":"","overlay-gradient":""}},"ast-content-background-meta":{"desktop":{"background-color":"var(--ast-global-color-5)","background-image":"","background-repeat":"repeat","background-position":"center center","background-size":"auto","background-attachment":"scroll","background-type":"","background-media":"","overlay-type":"","overlay-color":"","overlay-gradient":""},"tablet":{"background-color":"var(--ast-global-color-5)","background-image":"","background-repeat":"repeat","background-position":"center center","background-size":"auto","background-attachment":"scroll","background-type":"","background-media":"","overlay-type":"","overlay-color":"","overlay-gradient":""},"mobile":{"background-color":"var(--ast-global-color-5)","background-image":"","background-repeat":"repeat","background-position":"center center","background-size":"auto","background-attachment":"scroll","background-type":"","background-media":"","overlay-type":"","overlay-color":"","overlay-gradient":""}},"footnotes":""},"categories":[17426,2826,438,3131,989],"tags":[21417,24220,23617,7273,138052,50472],"class_list":["post-62515","post","type-post","status-publish","format-standard","hentry","category-alcala","category-derecho-mercantil","category-historia-de-la-economia","category-historia-del-pensamiento-economico","category-historia-moderna","tag-gabriel-tortella-casares","tag-jose-morilla-critz","tag-luis-perdices-de-blas","tag-pedro-perez-herrero","tag-rafael-dobado-gonzalez","tag-santiago-hierro-anibarro"],"_links":{"self":[{"href":"https:\/\/www.deberes.net\/tesis\/wp-json\/wp\/v2\/posts\/62515","targetHints":{"allow":["GET"]}}],"collection":[{"href":"https:\/\/www.deberes.net\/tesis\/wp-json\/wp\/v2\/posts"}],"about":[{"href":"https:\/\/www.deberes.net\/tesis\/wp-json\/wp\/v2\/types\/post"}],"author":[{"embeddable":true,"href":"https:\/\/www.deberes.net\/tesis\/wp-json\/wp\/v2\/users\/1"}],"replies":[{"embeddable":true,"href":"https:\/\/www.deberes.net\/tesis\/wp-json\/wp\/v2\/comments?post=62515"}],"version-history":[{"count":0,"href":"https:\/\/www.deberes.net\/tesis\/wp-json\/wp\/v2\/posts\/62515\/revisions"}],"wp:attachment":[{"href":"https:\/\/www.deberes.net\/tesis\/wp-json\/wp\/v2\/media?parent=62515"}],"wp:term":[{"taxonomy":"category","embeddable":true,"href":"https:\/\/www.deberes.net\/tesis\/wp-json\/wp\/v2\/categories?post=62515"},{"taxonomy":"post_tag","embeddable":true,"href":"https:\/\/www.deberes.net\/tesis\/wp-json\/wp\/v2\/tags?post=62515"}],"curies":[{"name":"wp","href":"https:\/\/api.w.org\/{rel}","templated":true}]}}