{"id":62575,"date":"2018-03-09T22:50:28","date_gmt":"2018-03-09T22:50:28","guid":{"rendered":"https:\/\/www.deberes.net\/tesis\/sin-categoria\/componentes-psicologicos-de-sabiduria-un-modelo-estructural-funcional-para-adultos\/"},"modified":"2018-03-09T22:50:28","modified_gmt":"2018-03-09T22:50:28","slug":"componentes-psicologicos-de-sabiduria-un-modelo-estructural-funcional-para-adultos","status":"publish","type":"post","link":"https:\/\/www.deberes.net\/tesis\/estructura-y-dinamica-de-la-personalidad\/componentes-psicologicos-de-sabiduria-un-modelo-estructural-funcional-para-adultos\/","title":{"rendered":"Componentes psicol\u00f3gicos de sabidur\u00eda: un modelo estructural-funcional para adultos"},"content":{"rendered":"<h2>Tesis doctoral de <strong>  Rivero Santana Amado Javier <\/strong><\/h2>\n<p>E propone un modelo pluralista de sabidur\u00eda donde las diferentes dimensiones y procesos relacionados con este constructo no han de mostrar alta covariaci\u00f3n. Se han utilizado instrumentos elaborados a partir de tradiciones filos\u00f3ficas (estoicismo, epicure\u00edsmo) y populares (refranes), as\u00ed como el paradigma de investigaci\u00f3n en sabidur\u00eda m\u00e1s difundido: el modelo de sabidur\u00eda de berl\u00edn. As\u00edmismo se han analizado las relaciones entre las variables de sabidur\u00eda propuestas y otros grupos de variables (demogr\u00e1ficas, sucesos vitales estresantes, personalidad, trastornos de personalidad, felicidad y satisfacci\u00f3n con la vida). Los resultados confirman las bajas relaciones entre variables de sabidur\u00eda, as\u00ed como entre estas y el resto de variables. La escala de estoicismo denominada \u00ababstenci\u00f3n de cr\u00edtica a los dem\u00e1s y saber escuchar\u00bb obtiene un patr\u00f3n de correlaciones m\u00e1s claramente definido. La intolerancia a la ambig\u00ed\u00bcedad (en sentido negativo) y la toma de decisiones con seguridad aparecen en general como los mejores predictores de sabidur\u00ed<\/p>\n<p>&nbsp;<\/p>\n<h3>Datos acad\u00e9micos de la tesis doctoral \u00ab<strong>Componentes psicol\u00f3gicos de sabidur\u00eda: un modelo estructural-funcional para adultos<\/strong>\u00ab<\/h3>\n<ul>\n<li><strong>T\u00edtulo de la tesis:<\/strong>\u00a0 Componentes psicol\u00f3gicos de sabidur\u00eda: un modelo estructural-funcional para adultos <\/li>\n<li><strong>Autor:<\/strong>\u00a0  Rivero Santana Amado Javier <\/li>\n<li><strong>Universidad:<\/strong>\u00a0 La laguna<\/li>\n<li><strong>Fecha de lectura de la tesis:<\/strong>\u00a0 25\/01\/2008<\/li>\n<\/ul>\n<p>&nbsp;<\/p>\n<h3>Direcci\u00f3n y tribunal<\/h3>\n<ul>\n<li><strong>Director de la tesis<\/strong>\n<ul>\n<li>Vicente Pelechano Barbera<\/li>\n<\/ul>\n<\/li>\n<li><strong>Tribunal<\/strong>\n<ul>\n<li>Presidente del tribunal: amparo Belloch fuster <\/li>\n<li>wenceslao Pe\u00f1ate castro (vocal)<\/li>\n<li>abilio Reig ferrer (vocal)<\/li>\n<li> S\u00e1nchez l\u00f3pez  carmen rosa (vocal)<\/li>\n<\/ul>\n<\/li>\n<\/ul>\n<p>&nbsp;<\/p>\n","protected":false},"excerpt":{"rendered":"<p>Tesis doctoral de Rivero Santana Amado Javier E propone un modelo pluralista de sabidur\u00eda donde las diferentes dimensiones y procesos [&hellip;]<\/p>\n","protected":false},"author":1,"featured_media":0,"comment_status":"open","ping_status":"open","sticky":false,"template":"","format":"standard","meta":{"site-sidebar-layout":"default","site-content-layout":"","ast-site-content-layout":"","site-content-style":"default","site-sidebar-style":"default","ast-global-header-display":"","ast-banner-title-visibility":"","ast-main-header-display":"","ast-hfb-above-header-display":"","ast-hfb-below-header-display":"","ast-hfb-mobile-header-display":"","site-post-title":"","ast-breadcrumbs-content":"","ast-featured-img":"","footer-sml-layout":"","theme-transparent-header-meta":"","adv-header-id-meta":"","stick-header-meta":"","header-above-stick-meta":"","header-main-stick-meta":"","header-below-stick-meta":"","astra-migrate-meta-layouts":"default","ast-page-background-enabled":"default","ast-page-background-meta":{"desktop":{"background-color":"var(--ast-global-color-4)","background-image":"","background-repeat":"repeat","background-position":"center center","background-size":"auto","background-attachment":"scroll","background-type":"","background-media":"","overlay-type":"","overlay-color":"","overlay-gradient":""},"tablet":{"background-color":"","background-image":"","background-repeat":"repeat","background-position":"center center","background-size":"auto","background-attachment":"scroll","background-type":"","background-media":"","overlay-type":"","overlay-color":"","overlay-gradient":""},"mobile":{"background-color":"","background-image":"","background-repeat":"repeat","background-position":"center center","background-size":"auto","background-attachment":"scroll","background-type":"","background-media":"","overlay-type":"","overlay-color":"","overlay-gradient":""}},"ast-content-background-meta":{"desktop":{"background-color":"var(--ast-global-color-5)","background-image":"","background-repeat":"repeat","background-position":"center center","background-size":"auto","background-attachment":"scroll","background-type":"","background-media":"","overlay-type":"","overlay-color":"","overlay-gradient":""},"tablet":{"background-color":"var(--ast-global-color-5)","background-image":"","background-repeat":"repeat","background-position":"center center","background-size":"auto","background-attachment":"scroll","background-type":"","background-media":"","overlay-type":"","overlay-color":"","overlay-gradient":""},"mobile":{"background-color":"var(--ast-global-color-5)","background-image":"","background-repeat":"repeat","background-position":"center center","background-size":"auto","background-attachment":"scroll","background-type":"","background-media":"","overlay-type":"","overlay-color":"","overlay-gradient":""}},"footnotes":""},"categories":[9795,9915],"tags":[8348,13480,138187,133283,26062,26063],"class_list":["post-62575","post","type-post","status-publish","format-standard","hentry","category-estructura-y-dinamica-de-la-personalidad","category-la-laguna","tag-abilio-reig-ferrer","tag-amparo-belloch-fuster","tag-rivero-santana-amado-javier","tag-sanchez-lopez-carmen-rosa","tag-vicente-pelechano-barbera","tag-wenceslao-penate-castro"],"_links":{"self":[{"href":"https:\/\/www.deberes.net\/tesis\/wp-json\/wp\/v2\/posts\/62575","targetHints":{"allow":["GET"]}}],"collection":[{"href":"https:\/\/www.deberes.net\/tesis\/wp-json\/wp\/v2\/posts"}],"about":[{"href":"https:\/\/www.deberes.net\/tesis\/wp-json\/wp\/v2\/types\/post"}],"author":[{"embeddable":true,"href":"https:\/\/www.deberes.net\/tesis\/wp-json\/wp\/v2\/users\/1"}],"replies":[{"embeddable":true,"href":"https:\/\/www.deberes.net\/tesis\/wp-json\/wp\/v2\/comments?post=62575"}],"version-history":[{"count":0,"href":"https:\/\/www.deberes.net\/tesis\/wp-json\/wp\/v2\/posts\/62575\/revisions"}],"wp:attachment":[{"href":"https:\/\/www.deberes.net\/tesis\/wp-json\/wp\/v2\/media?parent=62575"}],"wp:term":[{"taxonomy":"category","embeddable":true,"href":"https:\/\/www.deberes.net\/tesis\/wp-json\/wp\/v2\/categories?post=62575"},{"taxonomy":"post_tag","embeddable":true,"href":"https:\/\/www.deberes.net\/tesis\/wp-json\/wp\/v2\/tags?post=62575"}],"curies":[{"name":"wp","href":"https:\/\/api.w.org\/{rel}","templated":true}]}}