{"id":62591,"date":"2018-03-09T22:50:28","date_gmt":"2018-03-09T22:50:28","guid":{"rendered":"https:\/\/www.deberes.net\/tesis\/sin-categoria\/la-proteccion-urbanistica-del-medio-ambiente\/"},"modified":"2018-03-09T22:50:28","modified_gmt":"2018-03-09T22:50:28","slug":"la-proteccion-urbanistica-del-medio-ambiente","status":"publish","type":"post","link":"https:\/\/www.deberes.net\/tesis\/derecho-administrativo\/la-proteccion-urbanistica-del-medio-ambiente\/","title":{"rendered":"La proteccion urbanistica del medio ambiente"},"content":{"rendered":"<h2>Tesis doctoral de <strong> Mercedes Silva Lopez <\/strong><\/h2>\n<p>El presente trabajo tiene por objeto buscar los puntos de conexi\u00f3n entre el urbanismo y el medio ambiente, profundizando sobre la proyecci\u00f3n ambiental de las t\u00e9cnicas orquestadas por el derecho urban\u00edstico para la ordenaci\u00f3n de los usos del suelo. a tal efecto esta tesis doctoral se estructura en cinco grandes apartados, en el primer cap\u00edtulo se analizan los fundamentos para la protecci\u00f3n urban\u00edstica del medio ambiente, de tal forma que partiendo de la b\u00fasqueda de un concepto de medio ambiente urbano susceptible de protecci\u00f3n urban\u00edstica, se estudian detenidamente los factores de contaminaci\u00f3n urbana, para concluir en la idoneidad del derecho urban\u00edstico para su protecci\u00f3n. en el segundo cap\u00edtulo se profundiza en la protecci\u00f3n del medio ambiente urbano en los planes de ordenaci\u00f3n urban\u00edstica. Para ello se estructura el cap\u00edtulo en cinco grandes apartados que giran todos ellos en torno a la dimensi\u00f3n ambiental de los planes de urbanismo. As\u00ed, como punto de partida se aborda el inter\u00e9s ambiental en la normativa urban\u00edstica mediante el an\u00e1lisis del panorama legislativo estatal y auton\u00f3mico. Concluida esta tarea, se estudia el plan urban\u00edstico como t\u00e9cnica de intervenci\u00f3n sobre el ambiente, examinando el plan como instrumento conformador del futuro de la realidad urbana, como instrumento de la  s\u00edntesis de todas las pol\u00edticas sectoriales de protecci\u00f3n ambiental en el espacio urbano, y como instrumento de la canalizaci\u00f3n de la participaci\u00f3n ciudadana. Espec\u00edficamente se trata de desbrozar los contenidos ambientales de la planificaci\u00f3n urban\u00edstica auton\u00f3mica, para concluir con el condicionado ambiental de los planes de urbanismos a trav\u00e9s del estudio de la evaluaci\u00f3n estrat\u00e9gica de los planes. El tercer cap\u00edtulo se centra en la protecci\u00f3n del medio ambiente como l\u00edmite al car\u00e1cter discrecional de la potestad de planeamiento. Para ello, tras abordar algunas consideraciones generales sobre la discrecionalidad del planeamiento urban\u00edstico, se estudia el contenido ambiental de las normas de aplicaci\u00f3n directa. A ello se a\u00f1ade el estudio de las prescripciones materiales de ordenaci\u00f3n con incidencia ambiental como contenido obligado de los planes de urbanismo, en concreto los est\u00e1ndares urban\u00edsticos y, en especial, el est\u00e1ndar de zonas verdes y espacios libres. Por \u00faltimo, se aborda el procedimiento de modificaci\u00f3n de los planes como garant\u00eda para la conservaci\u00f3n de las zonas verdes y los espacios libres. el cap\u00edtulo cuarto se dedica al estudio espec\u00edfico de la dimensi\u00f3n ambiental de la clasificaci\u00f3n urban\u00edstica del suelo no urbanizables, hoy suelo rural, como t\u00e9cnica de protecci\u00f3n ambiental. B\u00e1sicamente, distingui\u00e9ndose dos grandes apartados, el primero dedicado a la clasificaci\u00f3n del suelo no urbanizable como t\u00e9cnica para mantener el necesario equilibrio entre el campo y la ciudad, analiz\u00e1ndose con detenimiento la jurisprudencia reca\u00edda sobre los usos constructivos en el espacio rural y sus efectos sobre el medio ambiente. En un segundo apartado, se trata la descalcificaci\u00f3n y reclasificaci\u00f3n de suelos como t\u00e9cnica de protecci\u00f3n del suelo no urbanizable.<\/p>\n<p>&nbsp;<\/p>\n<h3>Datos acad\u00e9micos de la tesis doctoral \u00ab<strong>La proteccion urbanistica del medio ambiente<\/strong>\u00ab<\/h3>\n<ul>\n<li><strong>T\u00edtulo de la tesis:<\/strong>\u00a0 La proteccion urbanistica del medio ambiente <\/li>\n<li><strong>Autor:<\/strong>\u00a0 Mercedes Silva Lopez <\/li>\n<li><strong>Universidad:<\/strong>\u00a0 Sevilla<\/li>\n<li><strong>Fecha de lectura de la tesis:<\/strong>\u00a0 25\/01\/2008<\/li>\n<\/ul>\n<p>&nbsp;<\/p>\n<h3>Direcci\u00f3n y tribunal<\/h3>\n<ul>\n<li><strong>Director de la tesis<\/strong>\n<ul>\n<li>Francisco Lopez Menudo<\/li>\n<\/ul>\n<\/li>\n<li><strong>Tribunal<\/strong>\n<ul>\n<li>Presidente del tribunal: alfonso Perez moreno <\/li>\n<li>blanca Lozano cutanda (vocal)<\/li>\n<li>Fernando Lopez ramon (vocal)<\/li>\n<li>Jos\u00e9 Francisco Alenza garcia (vocal)<\/li>\n<\/ul>\n<\/li>\n<\/ul>\n<p>&nbsp;<\/p>\n","protected":false},"excerpt":{"rendered":"<p>Tesis doctoral de Mercedes Silva Lopez El presente trabajo tiene por objeto buscar los puntos de conexi\u00f3n entre el urbanismo [&hellip;]<\/p>\n","protected":false},"author":1,"featured_media":0,"comment_status":"open","ping_status":"open","sticky":false,"template":"","format":"standard","meta":{"site-sidebar-layout":"default","site-content-layout":"","ast-site-content-layout":"","site-content-style":"default","site-sidebar-style":"default","ast-global-header-display":"","ast-banner-title-visibility":"","ast-main-header-display":"","ast-hfb-above-header-display":"","ast-hfb-below-header-display":"","ast-hfb-mobile-header-display":"","site-post-title":"","ast-breadcrumbs-content":"","ast-featured-img":"","footer-sml-layout":"","theme-transparent-header-meta":"","adv-header-id-meta":"","stick-header-meta":"","header-above-stick-meta":"","header-main-stick-meta":"","header-below-stick-meta":"","astra-migrate-meta-layouts":"default","ast-page-background-enabled":"default","ast-page-background-meta":{"desktop":{"background-color":"var(--ast-global-color-4)","background-image":"","background-repeat":"repeat","background-position":"center center","background-size":"auto","background-attachment":"scroll","background-type":"","background-media":"","overlay-type":"","overlay-color":"","overlay-gradient":""},"tablet":{"background-color":"","background-image":"","background-repeat":"repeat","background-position":"center center","background-size":"auto","background-attachment":"scroll","background-type":"","background-media":"","overlay-type":"","overlay-color":"","overlay-gradient":""},"mobile":{"background-color":"","background-image":"","background-repeat":"repeat","background-position":"center center","background-size":"auto","background-attachment":"scroll","background-type":"","background-media":"","overlay-type":"","overlay-color":"","overlay-gradient":""}},"ast-content-background-meta":{"desktop":{"background-color":"var(--ast-global-color-5)","background-image":"","background-repeat":"repeat","background-position":"center center","background-size":"auto","background-attachment":"scroll","background-type":"","background-media":"","overlay-type":"","overlay-color":"","overlay-gradient":""},"tablet":{"background-color":"var(--ast-global-color-5)","background-image":"","background-repeat":"repeat","background-position":"center center","background-size":"auto","background-attachment":"scroll","background-type":"","background-media":"","overlay-type":"","overlay-color":"","overlay-gradient":""},"mobile":{"background-color":"var(--ast-global-color-5)","background-image":"","background-repeat":"repeat","background-position":"center center","background-size":"auto","background-attachment":"scroll","background-type":"","background-media":"","overlay-type":"","overlay-color":"","overlay-gradient":""}},"footnotes":""},"categories":[1442,10715],"tags":[1788,83797,14618,15540,138219,138218],"class_list":["post-62591","post","type-post","status-publish","format-standard","hentry","category-derecho-administrativo","category-sevilla","tag-alfonso-perez-moreno","tag-blanca-lozano-cutanda","tag-fernando-lopez-ramon","tag-francisco-lopez-menudo","tag-jose-francisco-alenza-garcia","tag-mercedes-silva-lopez"],"_links":{"self":[{"href":"https:\/\/www.deberes.net\/tesis\/wp-json\/wp\/v2\/posts\/62591","targetHints":{"allow":["GET"]}}],"collection":[{"href":"https:\/\/www.deberes.net\/tesis\/wp-json\/wp\/v2\/posts"}],"about":[{"href":"https:\/\/www.deberes.net\/tesis\/wp-json\/wp\/v2\/types\/post"}],"author":[{"embeddable":true,"href":"https:\/\/www.deberes.net\/tesis\/wp-json\/wp\/v2\/users\/1"}],"replies":[{"embeddable":true,"href":"https:\/\/www.deberes.net\/tesis\/wp-json\/wp\/v2\/comments?post=62591"}],"version-history":[{"count":0,"href":"https:\/\/www.deberes.net\/tesis\/wp-json\/wp\/v2\/posts\/62591\/revisions"}],"wp:attachment":[{"href":"https:\/\/www.deberes.net\/tesis\/wp-json\/wp\/v2\/media?parent=62591"}],"wp:term":[{"taxonomy":"category","embeddable":true,"href":"https:\/\/www.deberes.net\/tesis\/wp-json\/wp\/v2\/categories?post=62591"},{"taxonomy":"post_tag","embeddable":true,"href":"https:\/\/www.deberes.net\/tesis\/wp-json\/wp\/v2\/tags?post=62591"}],"curies":[{"name":"wp","href":"https:\/\/api.w.org\/{rel}","templated":true}]}}