{"id":62627,"date":"2018-03-09T22:50:32","date_gmt":"2018-03-09T22:50:32","guid":{"rendered":"https:\/\/www.deberes.net\/tesis\/sin-categoria\/el-largometraje-de-animacion-espanol-1997-2007-analisis-y-evaluacion\/"},"modified":"2018-03-09T22:50:32","modified_gmt":"2018-03-09T22:50:32","slug":"el-largometraje-de-animacion-espanol-1997-2007-analisis-y-evaluacion","status":"publish","type":"post","link":"https:\/\/www.deberes.net\/tesis\/sin-categoria\/el-largometraje-de-animacion-espanol-1997-2007-analisis-y-evaluacion\/","title":{"rendered":"El largometraje de animaci\u00f3n espa\u00f1ol (1997-2007) an\u00e1lisis y evaluaci\u00f3n"},"content":{"rendered":"<h2>Tesis doctoral de <strong>  Mart\u00ednez Barnuevo M. Luisa <\/strong><\/h2>\n<p>La tesis doctoral, es un estudio del largometraje de animaci\u00f3n producido en espa\u00f1a durante la \u00faltima d\u00e9cada. La animaci\u00f3n es una t\u00e9cnica que cada vez tiene m\u00e1s importancia dentro del panorama cinematogr\u00e1fico mundial y esto ha provocado que cada vez se produzcan m\u00e1s largometrajes con esta t\u00e9cnica en nuestro pa\u00eds. La industria de la animaci\u00f3n espa\u00f1ola est\u00e1 dando sus primeros pasos y su futuro y el de sus profesionales todav\u00eda es incierto. este trabajo es un estudio de los largometrajes de animaci\u00f3n espa\u00f1oles de los \u00faltimos diez a\u00f1os desde el punto de vista: el industrial y el f\u00edlmico.     el objetivo que se persigue es doble. Por un lado, diseccionar objetivamente los films de animaci\u00f3n espa\u00f1oles seg\u00fan criterios exclusivamente cinematogr\u00e1ficos. Por otro, acercarse a la industria de la animaci\u00f3n espa\u00f1ola actual, a las circunstancias sociales, culturales y econ\u00f3micas que condicionan y determinan la producci\u00f3n de esos largometraje. Se trata, en definitiva, de comprender las animaci\u00f3n espa\u00f1ola actual.<\/p>\n<p>&nbsp;<\/p>\n<h3>Datos acad\u00e9micos de la tesis doctoral \u00ab<strong>El largometraje de animaci\u00f3n espa\u00f1ol (1997-2007) an\u00e1lisis y evaluaci\u00f3n<\/strong>\u00ab<\/h3>\n<ul>\n<li><strong>T\u00edtulo de la tesis:<\/strong>\u00a0 El largometraje de animaci\u00f3n espa\u00f1ol (1997-2007) an\u00e1lisis y evaluaci\u00f3n <\/li>\n<li><strong>Autor:<\/strong>\u00a0  Mart\u00ednez Barnuevo M. Luisa <\/li>\n<li><strong>Universidad:<\/strong>\u00a0 Complutense de Madrid<\/li>\n<li><strong>Fecha de lectura de la tesis:<\/strong>\u00a0 29\/01\/2008<\/li>\n<\/ul>\n<p>&nbsp;<\/p>\n<h3>Direcci\u00f3n y tribunal<\/h3>\n<ul>\n<li><strong>Director de la tesis<\/strong>\n<ul>\n<li>Mar\u00eda Teresa Garc\u00eda Nieto<\/li>\n<\/ul>\n<\/li>\n<li><strong>Tribunal<\/strong>\n<ul>\n<li>Presidente del tribunal: Eduardo Rodriguez Merchan <\/li>\n<li>Miguel De Aguilera Moyano (vocal)<\/li>\n<li>Antonio Mingolarra Jos\u00e9 (vocal)<\/li>\n<li>Juan Rey (vocal)<\/li>\n<\/ul>\n<\/li>\n<\/ul>\n<p>&nbsp;<\/p>\n","protected":false},"excerpt":{"rendered":"<p>Tesis doctoral de Mart\u00ednez Barnuevo M. Luisa La tesis doctoral, es un estudio del largometraje de animaci\u00f3n producido en espa\u00f1a [&hellip;]<\/p>\n","protected":false},"author":1,"featured_media":0,"comment_status":"open","ping_status":"open","sticky":false,"template":"","format":"standard","meta":{"site-sidebar-layout":"default","site-content-layout":"","ast-site-content-layout":"","site-content-style":"default","site-sidebar-style":"default","ast-global-header-display":"","ast-banner-title-visibility":"","ast-main-header-display":"","ast-hfb-above-header-display":"","ast-hfb-below-header-display":"","ast-hfb-mobile-header-display":"","site-post-title":"","ast-breadcrumbs-content":"","ast-featured-img":"","footer-sml-layout":"","theme-transparent-header-meta":"","adv-header-id-meta":"","stick-header-meta":"","header-above-stick-meta":"","header-main-stick-meta":"","header-below-stick-meta":"","astra-migrate-meta-layouts":"default","ast-page-background-enabled":"default","ast-page-background-meta":{"desktop":{"background-color":"var(--ast-global-color-4)","background-image":"","background-repeat":"repeat","background-position":"center center","background-size":"auto","background-attachment":"scroll","background-type":"","background-media":"","overlay-type":"","overlay-color":"","overlay-gradient":""},"tablet":{"background-color":"","background-image":"","background-repeat":"repeat","background-position":"center center","background-size":"auto","background-attachment":"scroll","background-type":"","background-media":"","overlay-type":"","overlay-color":"","overlay-gradient":""},"mobile":{"background-color":"","background-image":"","background-repeat":"repeat","background-position":"center center","background-size":"auto","background-attachment":"scroll","background-type":"","background-media":"","overlay-type":"","overlay-color":"","overlay-gradient":""}},"ast-content-background-meta":{"desktop":{"background-color":"var(--ast-global-color-5)","background-image":"","background-repeat":"repeat","background-position":"center center","background-size":"auto","background-attachment":"scroll","background-type":"","background-media":"","overlay-type":"","overlay-color":"","overlay-gradient":""},"tablet":{"background-color":"var(--ast-global-color-5)","background-image":"","background-repeat":"repeat","background-position":"center center","background-size":"auto","background-attachment":"scroll","background-type":"","background-media":"","overlay-type":"","overlay-color":"","overlay-gradient":""},"mobile":{"background-color":"var(--ast-global-color-5)","background-image":"","background-repeat":"repeat","background-position":"center center","background-size":"auto","background-attachment":"scroll","background-type":"","background-media":"","overlay-type":"","overlay-color":"","overlay-gradient":""}},"footnotes":""},"categories":[1],"tags":[138296,61312,138297,5969,138295,5319],"class_list":["post-62627","post","type-post","status-publish","format-standard","hentry","category-sin-categoria","tag-antonio-mingolarra-jose","tag-eduardo-rodriguez-merchan","tag-juan-rey","tag-maria-teresa-garcia-nieto","tag-Martinez-barnuevo-m-luisa","tag-miguel-de-aguilera-moyano"],"_links":{"self":[{"href":"https:\/\/www.deberes.net\/tesis\/wp-json\/wp\/v2\/posts\/62627","targetHints":{"allow":["GET"]}}],"collection":[{"href":"https:\/\/www.deberes.net\/tesis\/wp-json\/wp\/v2\/posts"}],"about":[{"href":"https:\/\/www.deberes.net\/tesis\/wp-json\/wp\/v2\/types\/post"}],"author":[{"embeddable":true,"href":"https:\/\/www.deberes.net\/tesis\/wp-json\/wp\/v2\/users\/1"}],"replies":[{"embeddable":true,"href":"https:\/\/www.deberes.net\/tesis\/wp-json\/wp\/v2\/comments?post=62627"}],"version-history":[{"count":0,"href":"https:\/\/www.deberes.net\/tesis\/wp-json\/wp\/v2\/posts\/62627\/revisions"}],"wp:attachment":[{"href":"https:\/\/www.deberes.net\/tesis\/wp-json\/wp\/v2\/media?parent=62627"}],"wp:term":[{"taxonomy":"category","embeddable":true,"href":"https:\/\/www.deberes.net\/tesis\/wp-json\/wp\/v2\/categories?post=62627"},{"taxonomy":"post_tag","embeddable":true,"href":"https:\/\/www.deberes.net\/tesis\/wp-json\/wp\/v2\/tags?post=62627"}],"curies":[{"name":"wp","href":"https:\/\/api.w.org\/{rel}","templated":true}]}}