{"id":62631,"date":"2018-03-09T22:50:32","date_gmt":"2018-03-09T22:50:32","guid":{"rendered":"https:\/\/www.deberes.net\/tesis\/sin-categoria\/bruno-latour-y-los-la%c2%admites-de-la-descripcion-en-el-estudio-de-la-ciencia\/"},"modified":"2018-03-09T22:50:32","modified_gmt":"2018-03-09T22:50:32","slug":"bruno-latour-y-los-la%c2%admites-de-la-descripcion-en-el-estudio-de-la-ciencia","status":"publish","type":"post","link":"https:\/\/www.deberes.net\/tesis\/filosofia\/bruno-latour-y-los-la%c2%admites-de-la-descripcion-en-el-estudio-de-la-ciencia\/","title":{"rendered":"\u00abbruno latour y los l\u00edmites de la descripci\u00f3n en el estudio de la ciencia\u00bb"},"content":{"rendered":"<h2>Tesis doctoral de <strong> Paloma Garc\u00eda D\u00edaz <\/strong><\/h2>\n<p>L tema central de esta tesis es la investigaci\u00f3n de si existe una teor\u00eda normativa de la ciencia y la tecnolog\u00eda en el modelo de estudio de bruno latour.  En esta tarea se entremezclan cuestiones de orden filos\u00f3fico, sociol\u00f3gico, antropol\u00f3gico, pol\u00edtico y moral que en ocasiones han sido y son objeto de malinterpretaci\u00f3n, en otras han quedado oscurecidas y, en los casos m\u00e1s frecuentes, son objeto de un vivo y pol\u00e9mico debate. Con esta metodolog\u00eda, que no es emp\u00edrica sino filos\u00f3fica, se rastrean en la teor\u00eda de bruno latour los l\u00edmites de los usos de la descripci\u00f3n en el estudio social de la tecnociencia. Esto se realiza desde el enfrentamiento directo con uno de los postulados b\u00e1sicos de este autor presente en la mayor parte de su producci\u00f3n intelectual, seg\u00fan el cual: las investigaciones cient\u00edfico-sociales o filos\u00f3ficas no pueden aportar \u00abnada m\u00e1s\u00bb que la carga interpretativa necesaria para rendir tributo a la realidad de la ciencia y a su car\u00e1cter pol\u00edtico desde una descr<\/p>\n<p>&nbsp;<\/p>\n<h3>Datos acad\u00e9micos de la tesis doctoral \u00ab<strong>\u00abbruno latour y los l\u00edmites de la descripci\u00f3n en el estudio de la ciencia\u00bb<\/strong>\u00ab<\/h3>\n<ul>\n<li><strong>T\u00edtulo de la tesis:<\/strong>\u00a0 \u00abbruno latour y los l\u00edmites de la descripci\u00f3n en el estudio de la ciencia\u00bb <\/li>\n<li><strong>Autor:<\/strong>\u00a0 Paloma Garc\u00eda D\u00edaz <\/li>\n<li><strong>Universidad:<\/strong>\u00a0 Granada<\/li>\n<li><strong>Fecha de lectura de la tesis:<\/strong>\u00a0 29\/01\/2008<\/li>\n<\/ul>\n<p>&nbsp;<\/p>\n<h3>Direcci\u00f3n y tribunal<\/h3>\n<ul>\n<li><strong>Director de la tesis<\/strong>\n<ul>\n<li> Rodr\u00edguez Alc\u00e1zar F. Javier<\/li>\n<\/ul>\n<\/li>\n<li><strong>Tribunal<\/strong>\n<ul>\n<li>Presidente del tribunal: Javier Echeverr\u00eda Esponza <\/li>\n<li> Peris Vi\u00f1\u00e9 Luis Miguel (vocal)<\/li>\n<li>Fernando Broncano Rodriguez (vocal)<\/li>\n<li>Marta Isabel Gonzalez Garcia (vocal)<\/li>\n<\/ul>\n<\/li>\n<\/ul>\n<p>&nbsp;<\/p>\n","protected":false},"excerpt":{"rendered":"<p>Tesis doctoral de Paloma Garc\u00eda D\u00edaz L tema central de esta tesis es la investigaci\u00f3n de si existe una teor\u00eda [&hellip;]<\/p>\n","protected":false},"author":1,"featured_media":0,"comment_status":"open","ping_status":"open","sticky":false,"template":"","format":"standard","meta":{"site-sidebar-layout":"default","site-content-layout":"","ast-site-content-layout":"","site-content-style":"default","site-sidebar-style":"default","ast-global-header-display":"","ast-banner-title-visibility":"","ast-main-header-display":"","ast-hfb-above-header-display":"","ast-hfb-below-header-display":"","ast-hfb-mobile-header-display":"","site-post-title":"","ast-breadcrumbs-content":"","ast-featured-img":"","footer-sml-layout":"","theme-transparent-header-meta":"","adv-header-id-meta":"","stick-header-meta":"","header-above-stick-meta":"","header-main-stick-meta":"","header-below-stick-meta":"","astra-migrate-meta-layouts":"default","ast-page-background-enabled":"default","ast-page-background-meta":{"desktop":{"background-color":"var(--ast-global-color-4)","background-image":"","background-repeat":"repeat","background-position":"center center","background-size":"auto","background-attachment":"scroll","background-type":"","background-media":"","overlay-type":"","overlay-color":"","overlay-gradient":""},"tablet":{"background-color":"","background-image":"","background-repeat":"repeat","background-position":"center center","background-size":"auto","background-attachment":"scroll","background-type":"","background-media":"","overlay-type":"","overlay-color":"","overlay-gradient":""},"mobile":{"background-color":"","background-image":"","background-repeat":"repeat","background-position":"center center","background-size":"auto","background-attachment":"scroll","background-type":"","background-media":"","overlay-type":"","overlay-color":"","overlay-gradient":""}},"ast-content-background-meta":{"desktop":{"background-color":"var(--ast-global-color-5)","background-image":"","background-repeat":"repeat","background-position":"center center","background-size":"auto","background-attachment":"scroll","background-type":"","background-media":"","overlay-type":"","overlay-color":"","overlay-gradient":""},"tablet":{"background-color":"var(--ast-global-color-5)","background-image":"","background-repeat":"repeat","background-position":"center center","background-size":"auto","background-attachment":"scroll","background-type":"","background-media":"","overlay-type":"","overlay-color":"","overlay-gradient":""},"mobile":{"background-color":"var(--ast-global-color-5)","background-image":"","background-repeat":"repeat","background-position":"center center","background-size":"auto","background-attachment":"scroll","background-type":"","background-media":"","overlay-type":"","overlay-color":"","overlay-gradient":""}},"footnotes":""},"categories":[165,1076,5250],"tags":[53171,138305,25387,138303,52883,138304],"class_list":["post-62631","post","type-post","status-publish","format-standard","hentry","category-filosofia","category-filosofia-de-la-ciencia","category-filosofia-de-las-ciencias-sociales","tag-fernando-broncano-rodriguez","tag-javier-echeverria-esponza","tag-marta-isabel-gonzalez-garcia","tag-paloma-garcia-diaz","tag-peris-vine-luis-miguel","tag-rodriguez-alcazar-f-javier"],"_links":{"self":[{"href":"https:\/\/www.deberes.net\/tesis\/wp-json\/wp\/v2\/posts\/62631","targetHints":{"allow":["GET"]}}],"collection":[{"href":"https:\/\/www.deberes.net\/tesis\/wp-json\/wp\/v2\/posts"}],"about":[{"href":"https:\/\/www.deberes.net\/tesis\/wp-json\/wp\/v2\/types\/post"}],"author":[{"embeddable":true,"href":"https:\/\/www.deberes.net\/tesis\/wp-json\/wp\/v2\/users\/1"}],"replies":[{"embeddable":true,"href":"https:\/\/www.deberes.net\/tesis\/wp-json\/wp\/v2\/comments?post=62631"}],"version-history":[{"count":0,"href":"https:\/\/www.deberes.net\/tesis\/wp-json\/wp\/v2\/posts\/62631\/revisions"}],"wp:attachment":[{"href":"https:\/\/www.deberes.net\/tesis\/wp-json\/wp\/v2\/media?parent=62631"}],"wp:term":[{"taxonomy":"category","embeddable":true,"href":"https:\/\/www.deberes.net\/tesis\/wp-json\/wp\/v2\/categories?post=62631"},{"taxonomy":"post_tag","embeddable":true,"href":"https:\/\/www.deberes.net\/tesis\/wp-json\/wp\/v2\/tags?post=62631"}],"curies":[{"name":"wp","href":"https:\/\/api.w.org\/{rel}","templated":true}]}}