{"id":62678,"date":"2018-03-09T22:50:36","date_gmt":"2018-03-09T22:50:36","guid":{"rendered":"https:\/\/www.deberes.net\/tesis\/sin-categoria\/a-climatological-study-of-sea-breezes-in-alicante-sea-breeze-fronts-over-the-iberian-mediterranean-area-and-the-isle-of-mallorca\/"},"modified":"2018-03-09T22:50:36","modified_gmt":"2018-03-09T22:50:36","slug":"a-climatological-study-of-sea-breezes-in-alicante-sea-breeze-fronts-over-the-iberian-mediterranean-area-and-the-isle-of-mallorca","status":"publish","type":"post","link":"https:\/\/www.deberes.net\/tesis\/meteorologia-marina\/a-climatological-study-of-sea-breezes-in-alicante-sea-breeze-fronts-over-the-iberian-mediterranean-area-and-the-isle-of-mallorca\/","title":{"rendered":"A climatological study of sea breezes in alicante.sea breeze fronts over the iberian mediterranean area and the isle of mallorca"},"content":{"rendered":"<h2>Tesis doctoral de <strong> Cesar Azorin Molina <\/strong><\/h2>\n<p>Las brisas marinas son no de los fen\u00f3menos atmosf\u00e9ricos m\u00e1s importantes en la costa. Esta circulaci\u00f3n local tiene una influencia decisiva en el tiempo  y clima de la costa e interior y, por tanto, afecta directamente la vida humana. Las brisas marinas han sido estudiadas desde arist\u00f3teles, qui\u00e9n fue el primer cient\u00edfico que escribi\u00f3 sobre el viento en su obra meterorologica. Desde entonces, ha habido un incremento en el inter\u00e9s cient\u00edfico sobre las brisas marinas en todo el mundo. Esta tesis constituye un exhaustivo estudio climatol\u00f3gico de las brisas marinas. Nuestro objetivo es obtener un mejor conocimiento de ese fen\u00f3meno y de su capacidad para desarrollar frentes de brisa marina. As\u00ed, se estructura en dos partes. la primera parte est\u00e1 dedicada al desarrollo de metodolog\u00edas para la selecci\u00f3n de episodios de brisa marina. El estudio aplica una metodolog\u00eda autom\u00e1tica y manual para crear dos bases de datos de calidad durante el per\u00edodo de estudio 2000-2005:(a) una primera con un n\u00famero elevado de eventos de brisa marina identificados mediante la selecci\u00f3n manual, y (b) una segunda con los principales par\u00e1metros de las brisas marinas detectadas por el procedimiento autom\u00e1tico. Adem\u00e1s , se ha definido un primer filtro autom\u00e1tico basado en la diferencia regional de presi\u00f3n con el fin de mejorar la precisi\u00f3n  con el fin de mejorar la precisi\u00f3n y tiempo de proceso de las t\u00e9cnicas de selecci\u00f3n. Estas dos bases de datos han sido utilizadas satisfactoriamente para investigar el grado de ocurrencia y persistencia, las principales caracter\u00edsticas y el efecto de los flujos de escala sin\u00f3ptica sobre la evoluci\u00f3n de las brisas marinas por un \u00e1rea de estudio local: la provincia de alicante, con especial atenci\u00f3n a la bah\u00eda de alicante (sureste de la pen\u00ednsula ib\u00e9rica, espa\u00f1a). La segunda parte trata del estudio de los frentes de brisa marina, y su objetivo es identificar las zonas de convergencia de las brisas marinas asociadas con convecci\u00f3n y actividad nubosa, utilizando un a\u00f1o (2004) de datos de teledetecci\u00f3n  para un \u00e1rea de estudio regional: el \u00e1rea mediterr\u00e1nea de la pen\u00ednsula ib\u00e9rica y la isla de mallorca. En este apartado tambi\u00e9n se han investigado las nubes de brisa marina en la capa fronteriza interna t\u00e9rmica y en la zona de convergencia de las brisas marinas sobre el llano costero y las monta\u00f1as preb\u00e9licas de alicante. el importante impacto humano(econ\u00f3mico, social y sanitario) y clim\u00e1tico-ambiental de las brisas marinas avala el inter\u00e9s de la tesis y justifica el posible uso de sus resultados como un punto de partida para el dise\u00f1o de pol\u00edticas espec\u00edficas en diferentes campos: turismo , servicios, deporte, desarrollo urban\u00edstico y medio ambiente(problemas de calidad del aire, etc.).<\/p>\n<p>&nbsp;<\/p>\n<h3>Datos acad\u00e9micos de la tesis doctoral \u00ab<strong>A climatological study of sea breezes in alicante.sea breeze fronts over the iberian mediterranean area and the isle of mallorca<\/strong>\u00ab<\/h3>\n<ul>\n<li><strong>T\u00edtulo de la tesis:<\/strong>\u00a0 A climatological study of sea breezes in alicante.sea breeze fronts over the iberian mediterranean area and the isle of mallorca <\/li>\n<li><strong>Autor:<\/strong>\u00a0 Cesar Azorin Molina <\/li>\n<li><strong>Universidad:<\/strong>\u00a0 Alicante<\/li>\n<li><strong>Fecha de lectura de la tesis:<\/strong>\u00a0 31\/01\/2008<\/li>\n<\/ul>\n<p>&nbsp;<\/p>\n<h3>Direcci\u00f3n y tribunal<\/h3>\n<ul>\n<li><strong>Director de la tesis<\/strong>\n<ul>\n<li>Antonio Rico Amoros<\/li>\n<\/ul>\n<\/li>\n<li><strong>Tribunal<\/strong>\n<ul>\n<li>Presidente del tribunal: Antonio Gil olcina <\/li>\n<li>Jos\u00e9 Antonio Guijarro pastor (vocal)<\/li>\n<li>chen Deliang (vocal)<\/li>\n<li>Jos\u00e9 Quereda sala (vocal)<\/li>\n<\/ul>\n<\/li>\n<\/ul>\n<p>&nbsp;<\/p>\n","protected":false},"excerpt":{"rendered":"<p>Tesis doctoral de Cesar Azorin Molina Las brisas marinas son no de los fen\u00f3menos atmosf\u00e9ricos m\u00e1s importantes en la costa. [&hellip;]<\/p>\n","protected":false},"author":1,"featured_media":0,"comment_status":"open","ping_status":"open","sticky":false,"template":"","format":"standard","meta":{"site-sidebar-layout":"default","site-content-layout":"","ast-site-content-layout":"","site-content-style":"default","site-sidebar-style":"default","ast-global-header-display":"","ast-banner-title-visibility":"","ast-main-header-display":"","ast-hfb-above-header-display":"","ast-hfb-below-header-display":"","ast-hfb-mobile-header-display":"","site-post-title":"","ast-breadcrumbs-content":"","ast-featured-img":"","footer-sml-layout":"","theme-transparent-header-meta":"","adv-header-id-meta":"","stick-header-meta":"","header-above-stick-meta":"","header-main-stick-meta":"","header-below-stick-meta":"","astra-migrate-meta-layouts":"default","ast-page-background-enabled":"default","ast-page-background-meta":{"desktop":{"background-color":"var(--ast-global-color-4)","background-image":"","background-repeat":"repeat","background-position":"center center","background-size":"auto","background-attachment":"scroll","background-type":"","background-media":"","overlay-type":"","overlay-color":"","overlay-gradient":""},"tablet":{"background-color":"","background-image":"","background-repeat":"repeat","background-position":"center center","background-size":"auto","background-attachment":"scroll","background-type":"","background-media":"","overlay-type":"","overlay-color":"","overlay-gradient":""},"mobile":{"background-color":"","background-image":"","background-repeat":"repeat","background-position":"center center","background-size":"auto","background-attachment":"scroll","background-type":"","background-media":"","overlay-type":"","overlay-color":"","overlay-gradient":""}},"ast-content-background-meta":{"desktop":{"background-color":"var(--ast-global-color-5)","background-image":"","background-repeat":"repeat","background-position":"center center","background-size":"auto","background-attachment":"scroll","background-type":"","background-media":"","overlay-type":"","overlay-color":"","overlay-gradient":""},"tablet":{"background-color":"var(--ast-global-color-5)","background-image":"","background-repeat":"repeat","background-position":"center center","background-size":"auto","background-attachment":"scroll","background-type":"","background-media":"","overlay-type":"","overlay-color":"","overlay-gradient":""},"mobile":{"background-color":"var(--ast-global-color-5)","background-image":"","background-repeat":"repeat","background-position":"center center","background-size":"auto","background-attachment":"scroll","background-type":"","background-media":"","overlay-type":"","overlay-color":"","overlay-gradient":""}},"footnotes":""},"categories":[19166,23950,22619,138406,15839],"tags":[11875,127860,138407,138409,138408,19355],"class_list":["post-62678","post","type-post","status-publish","format-standard","hentry","category-alicante","category-climatologia-fisica","category-dinamica-atmosferica","category-interacciones-mar-aire","category-meteorologia-marina","tag-antonio-gil-olcina","tag-antonio-rico-amoros","tag-cesar-azorin-molina","tag-chen-deliang","tag-jose-antonio-guijarro-pastor","tag-jose-quereda-sala"],"_links":{"self":[{"href":"https:\/\/www.deberes.net\/tesis\/wp-json\/wp\/v2\/posts\/62678","targetHints":{"allow":["GET"]}}],"collection":[{"href":"https:\/\/www.deberes.net\/tesis\/wp-json\/wp\/v2\/posts"}],"about":[{"href":"https:\/\/www.deberes.net\/tesis\/wp-json\/wp\/v2\/types\/post"}],"author":[{"embeddable":true,"href":"https:\/\/www.deberes.net\/tesis\/wp-json\/wp\/v2\/users\/1"}],"replies":[{"embeddable":true,"href":"https:\/\/www.deberes.net\/tesis\/wp-json\/wp\/v2\/comments?post=62678"}],"version-history":[{"count":0,"href":"https:\/\/www.deberes.net\/tesis\/wp-json\/wp\/v2\/posts\/62678\/revisions"}],"wp:attachment":[{"href":"https:\/\/www.deberes.net\/tesis\/wp-json\/wp\/v2\/media?parent=62678"}],"wp:term":[{"taxonomy":"category","embeddable":true,"href":"https:\/\/www.deberes.net\/tesis\/wp-json\/wp\/v2\/categories?post=62678"},{"taxonomy":"post_tag","embeddable":true,"href":"https:\/\/www.deberes.net\/tesis\/wp-json\/wp\/v2\/tags?post=62678"}],"curies":[{"name":"wp","href":"https:\/\/api.w.org\/{rel}","templated":true}]}}