{"id":62725,"date":"2008-01-02T00:00:00","date_gmt":"2008-01-02T00:00:00","guid":{"rendered":"https:\/\/www.deberes.net\/tesis\/sin-categoria\/analisis-proteomico-de-la-superficie-celular-de-levaduras\/"},"modified":"2008-01-02T00:00:00","modified_gmt":"2008-01-02T00:00:00","slug":"analisis-proteomico-de-la-superficie-celular-de-levaduras","status":"publish","type":"post","link":"https:\/\/www.deberes.net\/tesis\/sin-categoria\/analisis-proteomico-de-la-superficie-celular-de-levaduras\/","title":{"rendered":"An\u00e1lisis prote\u00f3mico de la superficie celular de levaduras"},"content":{"rendered":"<h2>Tesis doctoral de <strong> Mar\u00eda Rosa Insenser Nieto <\/strong><\/h2>\n<p>La superficie celular (pared celular y membrana plasm\u00e1tica) de levaduras es una estructura din\u00e1mica, implicada en el reconocimiento celular, la relaci\u00f3n pat\u00f3geno-hospedador y responsable de responder a est\u00edmulos externos que desencadenan las rutas de transducci\u00f3n de se\u00f1ales. En este trabajo se ha realizado un estudio global de las prote\u00ednas que forman parte de dicha superficie mediante diferentes estrategias prote\u00f3micas. utilizando electrof\u00f3resis bidimensional y espectrometr\u00eda de masas se han analizado prote\u00ednas de saccharomyces cerevisiae unidas por puentes disulfuro o d\u00e9bilmente unidas a la superficie celular a partir de las c\u00e9lulas enteras y de paredes aisladas. Tambi\u00e9n se ha puesto a punto la obtenci\u00f3n de las prote\u00ednas m\u00e1s expuestas en la superficie celular, el \u00absurfoma\u00bb, mediante el tratamiento de c\u00e9lulas vivas con tripsina y la identificaci\u00f3n de los p\u00e9ptidos generados mediante nano-hplc y espectrometr\u00eda de masas en t\u00e1ndem (lc-ms\/ms). Las prote\u00ednas identificadas con las tres estrategias, que han demostrado ser complementarias, son, en parte, prote\u00ednas cuya localizaci\u00f3n y funci\u00f3n est\u00e1n cl\u00e1sicamente ligadas a la pared celular; sin embargo, tambi\u00e9n identificamos prote\u00ednas implicadas en metabolismo, s\u00edntesis prot\u00e9ica, estr\u00e9s celular, entre otras funciones. Este hecho abre la puerta a futuros estudios orientados a establecer c\u00f3mo dichas prote\u00ednas alcanzan la superficie celular y cu\u00e1l puede ser su funci\u00f3n en dicho compartimento. la membrana de las c\u00e9lulas no es homog\u00e9nea. Se han descrito unos microdominios, los \u00ablipid-rafts\u00bb, en los cuales hay prote\u00ednas asociadas que pueden tener importantes funciones biol\u00f3gicas. Se ha estudiado esta fracci\u00f3n en la levadura pat\u00f3geno oportunista candida albicans. Utilizando la caracter\u00edstica de insoludibilidad en detergentes no i\u00f3nicos a bajas temperaturas de estos microdominios, se han obtenido los drms (detergent-resistant membranes). Mediante t\u00e9cnicas prote\u00f3micas basadas en geles de acrilamida monodimensionales hemos identificado en esta fracci\u00f3n prote\u00ednas ya identificadas en estos subdominios para otros organismos y otras implicadas en procesos como la biog\u00e9nesis de la pared celular, la glicosilaci\u00f3n de prote\u00ednas y el metabolismo de l\u00edpidos. Por otro lado, se ha puesto a punto la metodolog\u00eda para el estudio de la expresi\u00f3n diferencial de las prote\u00ednas de levaduras e hifas de estas fracciones mediante marcaje isob\u00e1rico (itraq). la comparaci\u00f3n de las prote\u00ednas identificadas con las diferentes estrategias ha demostrado que la electroforesis monodimensional de prote\u00ednas y la cromatograf\u00eda de p\u00e9ptidos son m\u00e1s adecuadas que la electroforesis bidimensional para la separaci\u00f3n de prote\u00ednas de pared celular y membrana debido a sus caracter\u00edsticas f\u00edsico-qu\u00edmicas. En este trabajo se ha logrado identificar un gran n\u00famero de prote\u00ednas de la superficie celular, consiguiendo una visi\u00f3n global de este subproteona de levaduras.<\/p>\n<p>&nbsp;<\/p>\n<h3>Datos acad\u00e9micos de la tesis doctoral \u00ab<strong>An\u00e1lisis prote\u00f3mico de la superficie celular de levaduras<\/strong>\u00ab<\/h3>\n<ul>\n<li><strong>T\u00edtulo de la tesis:<\/strong>\u00a0 An\u00e1lisis prote\u00f3mico de la superficie celular de levaduras <\/li>\n<li><strong>Autor:<\/strong>\u00a0 Mar\u00eda Rosa Insenser Nieto <\/li>\n<li><strong>Universidad:<\/strong>\u00a0 Complutense de Madrid<\/li>\n<li><strong>Fecha de lectura de la tesis:<\/strong>\u00a0 01\/02\/2008<\/li>\n<\/ul>\n<p>&nbsp;<\/p>\n<h3>Direcci\u00f3n y tribunal<\/h3>\n<ul>\n<li><strong>Director de la tesis<\/strong>\n<ul>\n<li>Concepcion Gil Garcia<\/li>\n<\/ul>\n<\/li>\n<li><strong>Tribunal<\/strong>\n<ul>\n<li>Presidente del tribunal: Mar\u00eda Molina mart\u00edn <\/li>\n<li>amparo Querol sim\u00f3n (vocal)<\/li>\n<li>Jes\u00fas vicente Jorrin novo (vocal)<\/li>\n<li>Juan  pablo Albar ramirez (vocal)<\/li>\n<\/ul>\n<\/li>\n<\/ul>\n<p>&nbsp;<\/p>\n","protected":false},"excerpt":{"rendered":"<p>Tesis doctoral de Mar\u00eda Rosa Insenser Nieto La superficie celular (pared celular y membrana plasm\u00e1tica) de levaduras es una estructura [&hellip;]<\/p>\n","protected":false},"author":1,"featured_media":0,"comment_status":"open","ping_status":"open","sticky":false,"template":"","format":"standard","meta":{"site-sidebar-layout":"default","site-content-layout":"","ast-site-content-layout":"","site-content-style":"default","site-sidebar-style":"default","ast-global-header-display":"","ast-banner-title-visibility":"","ast-main-header-display":"","ast-hfb-above-header-display":"","ast-hfb-below-header-display":"","ast-hfb-mobile-header-display":"","site-post-title":"","ast-breadcrumbs-content":"","ast-featured-img":"","footer-sml-layout":"","theme-transparent-header-meta":"","adv-header-id-meta":"","stick-header-meta":"","header-above-stick-meta":"","header-main-stick-meta":"","header-below-stick-meta":"","astra-migrate-meta-layouts":"default","ast-page-background-enabled":"default","ast-page-background-meta":{"desktop":{"background-color":"var(--ast-global-color-4)","background-image":"","background-repeat":"repeat","background-position":"center center","background-size":"auto","background-attachment":"scroll","background-type":"","background-media":"","overlay-type":"","overlay-color":"","overlay-gradient":""},"tablet":{"background-color":"","background-image":"","background-repeat":"repeat","background-position":"center center","background-size":"auto","background-attachment":"scroll","background-type":"","background-media":"","overlay-type":"","overlay-color":"","overlay-gradient":""},"mobile":{"background-color":"","background-image":"","background-repeat":"repeat","background-position":"center center","background-size":"auto","background-attachment":"scroll","background-type":"","background-media":"","overlay-type":"","overlay-color":"","overlay-gradient":""}},"ast-content-background-meta":{"desktop":{"background-color":"var(--ast-global-color-5)","background-image":"","background-repeat":"repeat","background-position":"center center","background-size":"auto","background-attachment":"scroll","background-type":"","background-media":"","overlay-type":"","overlay-color":"","overlay-gradient":""},"tablet":{"background-color":"var(--ast-global-color-5)","background-image":"","background-repeat":"repeat","background-position":"center center","background-size":"auto","background-attachment":"scroll","background-type":"","background-media":"","overlay-type":"","overlay-color":"","overlay-gradient":""},"mobile":{"background-color":"var(--ast-global-color-5)","background-image":"","background-repeat":"repeat","background-position":"center center","background-size":"auto","background-attachment":"scroll","background-type":"","background-media":"","overlay-type":"","overlay-color":"","overlay-gradient":""}},"footnotes":""},"categories":[1],"tags":[40172,50945,21003,47109,24621,138499],"class_list":["post-62725","post","type-post","status-publish","format-standard","hentry","category-sin-categoria","tag-amparo-querol-simon","tag-concepcion-gil-garcia","tag-jesus-vicente-jorrin-novo","tag-juan-pablo-albar-ramirez","tag-maria-molina-martin","tag-maria-rosa-insenser-nieto"],"_links":{"self":[{"href":"https:\/\/www.deberes.net\/tesis\/wp-json\/wp\/v2\/posts\/62725","targetHints":{"allow":["GET"]}}],"collection":[{"href":"https:\/\/www.deberes.net\/tesis\/wp-json\/wp\/v2\/posts"}],"about":[{"href":"https:\/\/www.deberes.net\/tesis\/wp-json\/wp\/v2\/types\/post"}],"author":[{"embeddable":true,"href":"https:\/\/www.deberes.net\/tesis\/wp-json\/wp\/v2\/users\/1"}],"replies":[{"embeddable":true,"href":"https:\/\/www.deberes.net\/tesis\/wp-json\/wp\/v2\/comments?post=62725"}],"version-history":[{"count":0,"href":"https:\/\/www.deberes.net\/tesis\/wp-json\/wp\/v2\/posts\/62725\/revisions"}],"wp:attachment":[{"href":"https:\/\/www.deberes.net\/tesis\/wp-json\/wp\/v2\/media?parent=62725"}],"wp:term":[{"taxonomy":"category","embeddable":true,"href":"https:\/\/www.deberes.net\/tesis\/wp-json\/wp\/v2\/categories?post=62725"},{"taxonomy":"post_tag","embeddable":true,"href":"https:\/\/www.deberes.net\/tesis\/wp-json\/wp\/v2\/tags?post=62725"}],"curies":[{"name":"wp","href":"https:\/\/api.w.org\/{rel}","templated":true}]}}