{"id":62761,"date":"2008-04-02T00:00:00","date_gmt":"2008-04-02T00:00:00","guid":{"rendered":"https:\/\/www.deberes.net\/tesis\/sin-categoria\/la-evolucion-de-la-legislacion-penal-espanola-en-materia-de-responsabilidad-objetiva-y-su-proyeccion-sobre-el-derecho-penal-costarricense\/"},"modified":"2008-04-02T00:00:00","modified_gmt":"2008-04-02T00:00:00","slug":"la-evolucion-de-la-legislacion-penal-espanola-en-materia-de-responsabilidad-objetiva-y-su-proyeccion-sobre-el-derecho-penal-costarricense","status":"publish","type":"post","link":"https:\/\/www.deberes.net\/tesis\/derecho-penal\/la-evolucion-de-la-legislacion-penal-espanola-en-materia-de-responsabilidad-objetiva-y-su-proyeccion-sobre-el-derecho-penal-costarricense\/","title":{"rendered":"La evoluci\u00f3n de la legislaci\u00f3n penal espa\u00f1ola en materia de responsabilidad objetiva y su proyecci\u00f3n sobre el derecho penal costarricense"},"content":{"rendered":"<h2>Tesis doctoral de <strong> Victor Alfonso Dobles Ovares <\/strong><\/h2>\n<p>El problema que subyace a esta investigaci\u00f3n est\u00e1 definido, por un lado, por la existencia de dos normas, de diferente origen y significado y pertenecientes a dos distintos sistemas normativos en diverso grado de evoluci\u00f3n (alem\u00e1n el uno e italiano el otro), que, de manera simult\u00e1nea, en la parte general del vigente c\u00f3digo penal costarricense de 1970, regularon doblemente a la preterintenci\u00f3n y por la aplicabilidad o inaplicabilidad de ellas a los 21 formales delitos calificados por el resultado existentes en la parte especial; y por otro, por la existencia de verdaderos delitos de sospecha y de la responsabilidad solidaria y en cascada en relaci\u00f3n con los delitos de injurias y calumnias cometidos a trav\u00e9s de los medios masivos de comunicaci\u00f3n y su vulneraci\u00f3n o no, junto con los formales delitos calificados por el resultado, al principio de culpabilidad. la hip\u00f3tesis de trabajo: \u00c2\u00bfson los formales delitos calificados por el resultado, los delitos de sospecha y la responsabilidad solidaria y en cascada de los delitos de injurias y calumnias cometidos a trav\u00e9s de los medios masivos de comunicaci\u00f3n, conformes, en el derecho penal costarricense, con el principio de culpabilidad o al menos susceptibles de ser interpretados de conformidad con \u00e9l?  el marco te\u00f3rico est\u00e1 definido por el estudio de la preterintenci\u00f3n, los delitos calificados por el resultado, los delitos de sospecha y la llamada responsabilidad en cascada en  la doctrina, desde la diversidad  que  los  caracteriza y a partir de la  estructura que los informa y la din\u00e1mica que los rige; y por el an\u00e1lisis de la evoluci\u00f3n de la responsabilidad objetiva, con particular \u00e9nfasis en la preterintenci\u00f3n y los delitos calificados por el resultado, desde el derecho antiguo y a lo largo del derecho romano, del derecho medieval, del derecho can\u00f3nico y del derecho com\u00fan, hasta su actual conformaci\u00f3n en los derechos penales alem\u00e1n e italiano, con especial \u00e9nfasis en su evoluci\u00f3n y final proscripci\u00f3n en el derecho penal espa\u00f1ol y costarricense.                          los m\u00e9todos: se trata de una tesis, que a partir la evoluci\u00f3n hist\u00f3rica de la responsabilidad objetiva y sobre la base de la dogm\u00e1tica, desde una perspectiva de derecho comparado, concluye con la formulaci\u00f3n de una propuesta de reforma en sede de lege ferenda para el derecho penal costarricense. Amalgama, pues, el an\u00e1lisis evolutivo, el an\u00e1lisis comparativo, el an\u00e1lisis dogm\u00e1tico y el an\u00e1lisis pragm\u00e1tico.<\/p>\n<p>&nbsp;<\/p>\n<h3>Datos acad\u00e9micos de la tesis doctoral \u00ab<strong>La evoluci\u00f3n de la legislaci\u00f3n penal espa\u00f1ola en materia de responsabilidad objetiva y su proyecci\u00f3n sobre el derecho penal costarricense<\/strong>\u00ab<\/h3>\n<ul>\n<li><strong>T\u00edtulo de la tesis:<\/strong>\u00a0 La evoluci\u00f3n de la legislaci\u00f3n penal espa\u00f1ola en materia de responsabilidad objetiva y su proyecci\u00f3n sobre el derecho penal costarricense <\/li>\n<li><strong>Autor:<\/strong>\u00a0 Victor Alfonso Dobles Ovares <\/li>\n<li><strong>Universidad:<\/strong>\u00a0 Salamanca<\/li>\n<li><strong>Fecha de lectura de la tesis:<\/strong>\u00a0 04\/02\/2008<\/li>\n<\/ul>\n<p>&nbsp;<\/p>\n<h3>Direcci\u00f3n y tribunal<\/h3>\n<ul>\n<li><strong>Director de la tesis<\/strong>\n<ul>\n<li>Ignacio Berdugo Gomez De La Torre<\/li>\n<\/ul>\n<\/li>\n<li><strong>Tribunal<\/strong>\n<ul>\n<li>Presidente del tribunal: Luis alberto Arroyo zapatero <\/li>\n<li>carmen Salinero alonso (vocal)<\/li>\n<li>Jos\u00e9 ramon Serrano piedecasas fernandez (vocal)<\/li>\n<li>Ana isabel Perez cepeda (vocal)<\/li>\n<\/ul>\n<\/li>\n<\/ul>\n<p>&nbsp;<\/p>\n","protected":false},"excerpt":{"rendered":"<p>Tesis doctoral de Victor Alfonso Dobles Ovares El problema que subyace a esta investigaci\u00f3n est\u00e1 definido, por un lado, por [&hellip;]<\/p>\n","protected":false},"author":1,"featured_media":0,"comment_status":"open","ping_status":"open","sticky":false,"template":"","format":"standard","meta":{"site-sidebar-layout":"default","site-content-layout":"","ast-site-content-layout":"","site-content-style":"default","site-sidebar-style":"default","ast-global-header-display":"","ast-banner-title-visibility":"","ast-main-header-display":"","ast-hfb-above-header-display":"","ast-hfb-below-header-display":"","ast-hfb-mobile-header-display":"","site-post-title":"","ast-breadcrumbs-content":"","ast-featured-img":"","footer-sml-layout":"","theme-transparent-header-meta":"","adv-header-id-meta":"","stick-header-meta":"","header-above-stick-meta":"","header-main-stick-meta":"","header-below-stick-meta":"","astra-migrate-meta-layouts":"default","ast-page-background-enabled":"default","ast-page-background-meta":{"desktop":{"background-color":"var(--ast-global-color-4)","background-image":"","background-repeat":"repeat","background-position":"center center","background-size":"auto","background-attachment":"scroll","background-type":"","background-media":"","overlay-type":"","overlay-color":"","overlay-gradient":""},"tablet":{"background-color":"","background-image":"","background-repeat":"repeat","background-position":"center center","background-size":"auto","background-attachment":"scroll","background-type":"","background-media":"","overlay-type":"","overlay-color":"","overlay-gradient":""},"mobile":{"background-color":"","background-image":"","background-repeat":"repeat","background-position":"center center","background-size":"auto","background-attachment":"scroll","background-type":"","background-media":"","overlay-type":"","overlay-color":"","overlay-gradient":""}},"ast-content-background-meta":{"desktop":{"background-color":"var(--ast-global-color-5)","background-image":"","background-repeat":"repeat","background-position":"center center","background-size":"auto","background-attachment":"scroll","background-type":"","background-media":"","overlay-type":"","overlay-color":"","overlay-gradient":""},"tablet":{"background-color":"var(--ast-global-color-5)","background-image":"","background-repeat":"repeat","background-position":"center center","background-size":"auto","background-attachment":"scroll","background-type":"","background-media":"","overlay-type":"","overlay-color":"","overlay-gradient":""},"mobile":{"background-color":"var(--ast-global-color-5)","background-image":"","background-repeat":"repeat","background-position":"center center","background-size":"auto","background-attachment":"scroll","background-type":"","background-media":"","overlay-type":"","overlay-color":"","overlay-gradient":""}},"footnotes":""},"categories":[4927,613,979,758,9386],"tags":[48668,9842,875,31135,10951,138572],"class_list":["post-62761","post","type-post","status-publish","format-standard","hentry","category-derecho-comparado","category-derecho-penal","category-derecho-y-legislacion-nacionales","category-historia-del-derecho-y-de-las-instituciones-juridicas","category-salamanca","tag-ana-isabel-perez-cepeda","tag-carmen-salinero-alonso","tag-ignacio-berdugo-gomez-de-la-torre","tag-jose-ramon-serrano-piedecasas-fernandez","tag-luis-alberto-arroyo-zapatero","tag-victor-alfonso-dobles-ovares"],"_links":{"self":[{"href":"https:\/\/www.deberes.net\/tesis\/wp-json\/wp\/v2\/posts\/62761","targetHints":{"allow":["GET"]}}],"collection":[{"href":"https:\/\/www.deberes.net\/tesis\/wp-json\/wp\/v2\/posts"}],"about":[{"href":"https:\/\/www.deberes.net\/tesis\/wp-json\/wp\/v2\/types\/post"}],"author":[{"embeddable":true,"href":"https:\/\/www.deberes.net\/tesis\/wp-json\/wp\/v2\/users\/1"}],"replies":[{"embeddable":true,"href":"https:\/\/www.deberes.net\/tesis\/wp-json\/wp\/v2\/comments?post=62761"}],"version-history":[{"count":0,"href":"https:\/\/www.deberes.net\/tesis\/wp-json\/wp\/v2\/posts\/62761\/revisions"}],"wp:attachment":[{"href":"https:\/\/www.deberes.net\/tesis\/wp-json\/wp\/v2\/media?parent=62761"}],"wp:term":[{"taxonomy":"category","embeddable":true,"href":"https:\/\/www.deberes.net\/tesis\/wp-json\/wp\/v2\/categories?post=62761"},{"taxonomy":"post_tag","embeddable":true,"href":"https:\/\/www.deberes.net\/tesis\/wp-json\/wp\/v2\/tags?post=62761"}],"curies":[{"name":"wp","href":"https:\/\/api.w.org\/{rel}","templated":true}]}}