{"id":62855,"date":"2008-11-02T00:00:00","date_gmt":"2008-11-02T00:00:00","guid":{"rendered":"https:\/\/www.deberes.net\/tesis\/sin-categoria\/genesis-de-la-danza-contemporanea-en-sevilla\/"},"modified":"2008-11-02T00:00:00","modified_gmt":"2008-11-02T00:00:00","slug":"genesis-de-la-danza-contemporanea-en-sevilla","status":"publish","type":"post","link":"https:\/\/www.deberes.net\/tesis\/danza-y-coreografia\/genesis-de-la-danza-contemporanea-en-sevilla\/","title":{"rendered":"G\u00e9nesis de la danza contempor\u00e1nea en sevilla"},"content":{"rendered":"<h2>Tesis doctoral de <strong> \u00e1frica Calvo Lluch <\/strong><\/h2>\n<p>Se trata de analizar los or\u00edgenes de la danza contempor\u00e1nea desde su aspecto hist\u00f3rico y desde diferentes \u00e1mbitos profesionales, en sevilla para conocer con el m\u00e1s absoluto rigor cient\u00edfico cuales han sido sus fuentes y las formas de introducci\u00f3n en nuestro contexto urbano concreto, empleando para ello elementos de investigaci\u00f3n cuantitativa y cualitativa, que permitir\u00e1 obtener unos resultados fiables en cuanto al origen y las corrientes de influencia de la danza contempor\u00e1nea en general y en particular en sevilla.<\/p>\n<p>&nbsp;<\/p>\n<h3>Datos acad\u00e9micos de la tesis doctoral \u00ab<strong>G\u00e9nesis de la danza contempor\u00e1nea en sevilla<\/strong>\u00ab<\/h3>\n<ul>\n<li><strong>T\u00edtulo de la tesis:<\/strong>\u00a0 G\u00e9nesis de la danza contempor\u00e1nea en sevilla <\/li>\n<li><strong>Autor:<\/strong>\u00a0 \u00e1frica Calvo Lluch <\/li>\n<li><strong>Universidad:<\/strong>\u00a0 Pablo de olavide<\/li>\n<li><strong>Fecha de lectura de la tesis:<\/strong>\u00a0 11\/02\/2008<\/li>\n<\/ul>\n<p>&nbsp;<\/p>\n<h3>Direcci\u00f3n y tribunal<\/h3>\n<ul>\n<li><strong>Director de la tesis<\/strong>\n<ul>\n<li>Juan  Carlos Fern\u00e1ndez Tru\u00e1n<\/li>\n<\/ul>\n<\/li>\n<li><strong>Tribunal<\/strong>\n<ul>\n<li>Presidente del tribunal: julio Cabero almenara <\/li>\n<li>Jos\u00e9 pascual Sanch\u00eds ram\u00edrez (vocal)<\/li>\n<li>mercedes Vernetta santana (vocal)<\/li>\n<li>eva Mar\u00eda Navarro navarro (vocal)<\/li>\n<\/ul>\n<\/li>\n<\/ul>\n<p>&nbsp;<\/p>\n","protected":false},"excerpt":{"rendered":"<p>Tesis doctoral de \u00e1frica Calvo Lluch Se trata de analizar los or\u00edgenes de la danza contempor\u00e1nea desde su aspecto hist\u00f3rico [&hellip;]<\/p>\n","protected":false},"author":1,"featured_media":0,"comment_status":"open","ping_status":"open","sticky":false,"template":"","format":"standard","meta":{"site-sidebar-layout":"default","site-content-layout":"","ast-site-content-layout":"","site-content-style":"default","site-sidebar-style":"default","ast-global-header-display":"","ast-banner-title-visibility":"","ast-main-header-display":"","ast-hfb-above-header-display":"","ast-hfb-below-header-display":"","ast-hfb-mobile-header-display":"","site-post-title":"","ast-breadcrumbs-content":"","ast-featured-img":"","footer-sml-layout":"","theme-transparent-header-meta":"","adv-header-id-meta":"","stick-header-meta":"","header-above-stick-meta":"","header-main-stick-meta":"","header-below-stick-meta":"","astra-migrate-meta-layouts":"default","ast-page-background-enabled":"default","ast-page-background-meta":{"desktop":{"background-color":"var(--ast-global-color-4)","background-image":"","background-repeat":"repeat","background-position":"center center","background-size":"auto","background-attachment":"scroll","background-type":"","background-media":"","overlay-type":"","overlay-color":"","overlay-gradient":""},"tablet":{"background-color":"","background-image":"","background-repeat":"repeat","background-position":"center center","background-size":"auto","background-attachment":"scroll","background-type":"","background-media":"","overlay-type":"","overlay-color":"","overlay-gradient":""},"mobile":{"background-color":"","background-image":"","background-repeat":"repeat","background-position":"center center","background-size":"auto","background-attachment":"scroll","background-type":"","background-media":"","overlay-type":"","overlay-color":"","overlay-gradient":""}},"ast-content-background-meta":{"desktop":{"background-color":"var(--ast-global-color-5)","background-image":"","background-repeat":"repeat","background-position":"center center","background-size":"auto","background-attachment":"scroll","background-type":"","background-media":"","overlay-type":"","overlay-color":"","overlay-gradient":""},"tablet":{"background-color":"var(--ast-global-color-5)","background-image":"","background-repeat":"repeat","background-position":"center center","background-size":"auto","background-attachment":"scroll","background-type":"","background-media":"","overlay-type":"","overlay-color":"","overlay-gradient":""},"mobile":{"background-color":"var(--ast-global-color-5)","background-image":"","background-repeat":"repeat","background-position":"center center","background-size":"auto","background-attachment":"scroll","background-type":"","background-media":"","overlay-type":"","overlay-color":"","overlay-gradient":""}},"footnotes":""},"categories":[14281,37286,22393],"tags":[138784,72227,138785,84994,38206,22446],"class_list":["post-62855","post","type-post","status-publish","format-standard","hentry","category-danza-y-coreografia","category-pablo-de-olavide","category-sector-de-la-educacion","tag-africa-calvo-lluch","tag-eva-maria-navarro-navarro","tag-jose-pascual-sanchis-ramirez","tag-juan-carlos-fernandez-truan","tag-julio-cabero-almenara","tag-mercedes-vernetta-santana"],"_links":{"self":[{"href":"https:\/\/www.deberes.net\/tesis\/wp-json\/wp\/v2\/posts\/62855","targetHints":{"allow":["GET"]}}],"collection":[{"href":"https:\/\/www.deberes.net\/tesis\/wp-json\/wp\/v2\/posts"}],"about":[{"href":"https:\/\/www.deberes.net\/tesis\/wp-json\/wp\/v2\/types\/post"}],"author":[{"embeddable":true,"href":"https:\/\/www.deberes.net\/tesis\/wp-json\/wp\/v2\/users\/1"}],"replies":[{"embeddable":true,"href":"https:\/\/www.deberes.net\/tesis\/wp-json\/wp\/v2\/comments?post=62855"}],"version-history":[{"count":0,"href":"https:\/\/www.deberes.net\/tesis\/wp-json\/wp\/v2\/posts\/62855\/revisions"}],"wp:attachment":[{"href":"https:\/\/www.deberes.net\/tesis\/wp-json\/wp\/v2\/media?parent=62855"}],"wp:term":[{"taxonomy":"category","embeddable":true,"href":"https:\/\/www.deberes.net\/tesis\/wp-json\/wp\/v2\/categories?post=62855"},{"taxonomy":"post_tag","embeddable":true,"href":"https:\/\/www.deberes.net\/tesis\/wp-json\/wp\/v2\/tags?post=62855"}],"curies":[{"name":"wp","href":"https:\/\/api.w.org\/{rel}","templated":true}]}}