{"id":62876,"date":"2008-12-02T00:00:00","date_gmt":"2008-12-02T00:00:00","guid":{"rendered":"https:\/\/www.deberes.net\/tesis\/sin-categoria\/la-informacion-agraria-en-espana-desde-sus-ora%c2%adgenes-hasta-la-agenda-2000\/"},"modified":"2008-12-02T00:00:00","modified_gmt":"2008-12-02T00:00:00","slug":"la-informacion-agraria-en-espana-desde-sus-ora%c2%adgenes-hasta-la-agenda-2000","status":"publish","type":"post","link":"https:\/\/www.deberes.net\/tesis\/sin-categoria\/la-informacion-agraria-en-espana-desde-sus-ora%c2%adgenes-hasta-la-agenda-2000\/","title":{"rendered":"La informaci\u00f3n agraria en espa\u00f1a. desde sus or\u00edgenes hasta la agenda 2000."},"content":{"rendered":"<h2>Tesis doctoral de <strong> Yanet Acosta Meneses <\/strong><\/h2>\n<p>Esta tesis analiza el tratamiento de la informaci\u00f3n agraria en los medios de comunicaci\u00f3n espa\u00f1oles de difusi\u00f3n nacional editados o realizados en Madrid -prensa generalista, prensa econ\u00f3mica, radio, televisi\u00f3n e internet- desde el siglo xviii hasta el a\u00f1o 2000. Tambi\u00e9n estudia la evoluci\u00f3n de la prensa especializada en agricultura desde su origen, en el siglo xviii, hasta la aprobaci\u00f3n de la agenda 2000. para ello se estudian las secciones peri\u00f3dicas de informaci\u00f3n agraria en los medios de comunicaci\u00f3n de informaci\u00f3n general y econ\u00f3mica, los principales temas abordados y su  enfoque -econ\u00f3mico, t\u00e9cnico, pol\u00edtico o social-, al igual que el de las principales publicaciones agrarias, en las que tambi\u00e9n se investiga su estructura de propiedad. adem\u00e1s, se analiza la estructura y contenidos de los programas de radio y televisi\u00f3n dedicados a la agricultura, as\u00ed como los casos particulares de la aparici\u00f3n de un canal sat\u00e9lite especializado en agricultura y agencias de noticias. Finalmente, se estudia la informaci\u00f3n agraria ofrecida por los portales de internet.<\/p>\n<p>&nbsp;<\/p>\n<h3>Datos acad\u00e9micos de la tesis doctoral \u00ab<strong>La informaci\u00f3n agraria en espa\u00f1a. desde sus or\u00edgenes hasta la agenda 2000.<\/strong>\u00ab<\/h3>\n<ul>\n<li><strong>T\u00edtulo de la tesis:<\/strong>\u00a0 La informaci\u00f3n agraria en espa\u00f1a. desde sus or\u00edgenes hasta la agenda 2000. <\/li>\n<li><strong>Autor:<\/strong>\u00a0 Yanet Acosta Meneses <\/li>\n<li><strong>Universidad:<\/strong>\u00a0 Complutense de Madrid<\/li>\n<li><strong>Fecha de lectura de la tesis:<\/strong>\u00a0 12\/02\/2008<\/li>\n<\/ul>\n<p>&nbsp;<\/p>\n<h3>Direcci\u00f3n y tribunal<\/h3>\n<ul>\n<li><strong>Director de la tesis<\/strong>\n<ul>\n<li>Mar\u00eda Dolores S\u00e1iz<\/li>\n<\/ul>\n<\/li>\n<li><strong>Tribunal<\/strong>\n<ul>\n<li>Presidente del tribunal: felic\u00edsimo Valbuena de la fuente <\/li>\n<li>Jos\u00e9 ignacio Armentia vizuete (vocal)<\/li>\n<li>angel Bahamonde magro (vocal)<\/li>\n<li>jaume Guillamet lloveras (vocal)<\/li>\n<\/ul>\n<\/li>\n<\/ul>\n<p>&nbsp;<\/p>\n","protected":false},"excerpt":{"rendered":"<p>Tesis doctoral de Yanet Acosta Meneses Esta tesis analiza el tratamiento de la informaci\u00f3n agraria en los medios de comunicaci\u00f3n [&hellip;]<\/p>\n","protected":false},"author":1,"featured_media":0,"comment_status":"open","ping_status":"open","sticky":false,"template":"","format":"standard","meta":{"site-sidebar-layout":"default","site-content-layout":"","ast-site-content-layout":"","site-content-style":"default","site-sidebar-style":"default","ast-global-header-display":"","ast-banner-title-visibility":"","ast-main-header-display":"","ast-hfb-above-header-display":"","ast-hfb-below-header-display":"","ast-hfb-mobile-header-display":"","site-post-title":"","ast-breadcrumbs-content":"","ast-featured-img":"","footer-sml-layout":"","theme-transparent-header-meta":"","adv-header-id-meta":"","stick-header-meta":"","header-above-stick-meta":"","header-main-stick-meta":"","header-below-stick-meta":"","astra-migrate-meta-layouts":"default","ast-page-background-enabled":"default","ast-page-background-meta":{"desktop":{"background-color":"var(--ast-global-color-4)","background-image":"","background-repeat":"repeat","background-position":"center center","background-size":"auto","background-attachment":"scroll","background-type":"","background-media":"","overlay-type":"","overlay-color":"","overlay-gradient":""},"tablet":{"background-color":"","background-image":"","background-repeat":"repeat","background-position":"center center","background-size":"auto","background-attachment":"scroll","background-type":"","background-media":"","overlay-type":"","overlay-color":"","overlay-gradient":""},"mobile":{"background-color":"","background-image":"","background-repeat":"repeat","background-position":"center center","background-size":"auto","background-attachment":"scroll","background-type":"","background-media":"","overlay-type":"","overlay-color":"","overlay-gradient":""}},"ast-content-background-meta":{"desktop":{"background-color":"var(--ast-global-color-5)","background-image":"","background-repeat":"repeat","background-position":"center center","background-size":"auto","background-attachment":"scroll","background-type":"","background-media":"","overlay-type":"","overlay-color":"","overlay-gradient":""},"tablet":{"background-color":"var(--ast-global-color-5)","background-image":"","background-repeat":"repeat","background-position":"center center","background-size":"auto","background-attachment":"scroll","background-type":"","background-media":"","overlay-type":"","overlay-color":"","overlay-gradient":""},"mobile":{"background-color":"var(--ast-global-color-5)","background-image":"","background-repeat":"repeat","background-position":"center center","background-size":"auto","background-attachment":"scroll","background-type":"","background-media":"","overlay-type":"","overlay-color":"","overlay-gradient":""}},"footnotes":""},"categories":[1],"tags":[5977,7172,2912,45481,138835,138834],"class_list":["post-62876","post","type-post","status-publish","format-standard","hentry","category-sin-categoria","tag-angel-bahamonde-magro","tag-felicisimo-valbuena-de-la-fuente","tag-jaume-guillamet-lloveras","tag-jose-ignacio-armentia-vizuete","tag-maria-dolores-saiz","tag-yanet-acosta-meneses"],"_links":{"self":[{"href":"https:\/\/www.deberes.net\/tesis\/wp-json\/wp\/v2\/posts\/62876","targetHints":{"allow":["GET"]}}],"collection":[{"href":"https:\/\/www.deberes.net\/tesis\/wp-json\/wp\/v2\/posts"}],"about":[{"href":"https:\/\/www.deberes.net\/tesis\/wp-json\/wp\/v2\/types\/post"}],"author":[{"embeddable":true,"href":"https:\/\/www.deberes.net\/tesis\/wp-json\/wp\/v2\/users\/1"}],"replies":[{"embeddable":true,"href":"https:\/\/www.deberes.net\/tesis\/wp-json\/wp\/v2\/comments?post=62876"}],"version-history":[{"count":0,"href":"https:\/\/www.deberes.net\/tesis\/wp-json\/wp\/v2\/posts\/62876\/revisions"}],"wp:attachment":[{"href":"https:\/\/www.deberes.net\/tesis\/wp-json\/wp\/v2\/media?parent=62876"}],"wp:term":[{"taxonomy":"category","embeddable":true,"href":"https:\/\/www.deberes.net\/tesis\/wp-json\/wp\/v2\/categories?post=62876"},{"taxonomy":"post_tag","embeddable":true,"href":"https:\/\/www.deberes.net\/tesis\/wp-json\/wp\/v2\/tags?post=62876"}],"curies":[{"name":"wp","href":"https:\/\/api.w.org\/{rel}","templated":true}]}}