{"id":62879,"date":"2008-12-02T00:00:00","date_gmt":"2008-12-02T00:00:00","guid":{"rendered":"https:\/\/www.deberes.net\/tesis\/sin-categoria\/grafica-publicitaria-la-trayectoria-profesional-de-alexandre-cirici-pellicer-1914-1983-una-biografa%c2%ada-grafica\/"},"modified":"2008-12-02T00:00:00","modified_gmt":"2008-12-02T00:00:00","slug":"grafica-publicitaria-la-trayectoria-profesional-de-alexandre-cirici-pellicer-1914-1983-una-biografa%c2%ada-grafica","status":"publish","type":"post","link":"https:\/\/www.deberes.net\/tesis\/barcelona\/grafica-publicitaria-la-trayectoria-profesional-de-alexandre-cirici-pellicer-1914-1983-una-biografa%c2%ada-grafica\/","title":{"rendered":"Gr\u00e1fica publicitaria: la trayectoria profesional de alexandre cirici pellicer (1914-1983. una biograf\u00edagr\u00e1fica)"},"content":{"rendered":"<h2>Tesis doctoral de <strong> Mar\u00eda Teresa Mart\u00ednez Figuerola <\/strong><\/h2>\n<p>Alexandre cirici ha sido, y es, una personalidad clave en la historia de la cultura catalana contempor\u00e1nea por muchas razones. Se le conoce sobretodo por su labor como cr\u00edtico e historiador del arte, como pol\u00edtico y como escritor. el estudio llevado a cabo quiere contribuir a la comprensi\u00f3n global de la figura de cirici colmando el vac\u00edo existente derivado del desconocimiento generalizado de su labor profesional desarrollada en los \u00e1mbitos de la publicidad, el dise\u00f1o gr\u00e1fico y la comunicaci\u00f3n visual durante casi tres d\u00e9cadas, de 1951 a 1980. tambi\u00e9n hay que decir que con esta investigaci\u00f3n se completa el panorama del dise\u00f1o gr\u00e1fico en catalunya desde la guerra civil hasta la transici\u00f3n democr\u00e1tica posterior a la muerte de franco. huelga decir que esta investigaci\u00f3n es, o deber\u00eda ser, una herramienta \u00fatil para cr\u00edticos e historiadores as\u00ed como para investigadores, docentes, estudiantes y estudiosos del dise\u00f1o y de nuestra cultura barcelonesa. Busca despertar el entusiasmo de futuras generaciones por cultura del dise\u00f1o y la comunicaci\u00f3n visual que han heredado, protegiendo y expandiendo de esta forma su propio legado.<\/p>\n<p>&nbsp;<\/p>\n<h3>Datos acad\u00e9micos de la tesis doctoral \u00ab<strong>Gr\u00e1fica publicitaria: la trayectoria profesional de alexandre cirici pellicer (1914-1983. una biograf\u00edagr\u00e1fica)<\/strong>\u00ab<\/h3>\n<ul>\n<li><strong>T\u00edtulo de la tesis:<\/strong>\u00a0 Gr\u00e1fica publicitaria: la trayectoria profesional de alexandre cirici pellicer (1914-1983. una biograf\u00edagr\u00e1fica) <\/li>\n<li><strong>Autor:<\/strong>\u00a0 Mar\u00eda Teresa Mart\u00ednez Figuerola <\/li>\n<li><strong>Universidad:<\/strong>\u00a0 Barcelona<\/li>\n<li><strong>Fecha de lectura de la tesis:<\/strong>\u00a0 12\/02\/2008<\/li>\n<\/ul>\n<p>&nbsp;<\/p>\n<h3>Direcci\u00f3n y tribunal<\/h3>\n<ul>\n<li><strong>Director de la tesis<\/strong>\n<ul>\n<li>Anna Calvera Sagu\u00e9<\/li>\n<\/ul>\n<\/li>\n<li><strong>Tribunal<\/strong>\n<ul>\n<li>Presidente del tribunal: jordi Pericot canaleta <\/li>\n<li>norbert Bilbeny garcia (vocal)<\/li>\n<li>merc\u00e9 Vidal jans\u00ed\u00a0 (vocal)<\/li>\n<li>narc\u00eds Selles rigat (vocal)<\/li>\n<\/ul>\n<\/li>\n<\/ul>\n<p>&nbsp;<\/p>\n","protected":false},"excerpt":{"rendered":"<p>Tesis doctoral de Mar\u00eda Teresa Mart\u00ednez Figuerola Alexandre cirici ha sido, y es, una personalidad clave en la historia de [&hellip;]<\/p>\n","protected":false},"author":1,"featured_media":0,"comment_status":"open","ping_status":"open","sticky":false,"template":"","format":"standard","meta":{"site-sidebar-layout":"default","site-content-layout":"","ast-site-content-layout":"","site-content-style":"default","site-sidebar-style":"default","ast-global-header-display":"","ast-banner-title-visibility":"","ast-main-header-display":"","ast-hfb-above-header-display":"","ast-hfb-below-header-display":"","ast-hfb-mobile-header-display":"","site-post-title":"","ast-breadcrumbs-content":"","ast-featured-img":"","footer-sml-layout":"","theme-transparent-header-meta":"","adv-header-id-meta":"","stick-header-meta":"","header-above-stick-meta":"","header-main-stick-meta":"","header-below-stick-meta":"","astra-migrate-meta-layouts":"default","ast-page-background-enabled":"default","ast-page-background-meta":{"desktop":{"background-color":"var(--ast-global-color-4)","background-image":"","background-repeat":"repeat","background-position":"center center","background-size":"auto","background-attachment":"scroll","background-type":"","background-media":"","overlay-type":"","overlay-color":"","overlay-gradient":""},"tablet":{"background-color":"","background-image":"","background-repeat":"repeat","background-position":"center center","background-size":"auto","background-attachment":"scroll","background-type":"","background-media":"","overlay-type":"","overlay-color":"","overlay-gradient":""},"mobile":{"background-color":"","background-image":"","background-repeat":"repeat","background-position":"center center","background-size":"auto","background-attachment":"scroll","background-type":"","background-media":"","overlay-type":"","overlay-color":"","overlay-gradient":""}},"ast-content-background-meta":{"desktop":{"background-color":"var(--ast-global-color-5)","background-image":"","background-repeat":"repeat","background-position":"center center","background-size":"auto","background-attachment":"scroll","background-type":"","background-media":"","overlay-type":"","overlay-color":"","overlay-gradient":""},"tablet":{"background-color":"var(--ast-global-color-5)","background-image":"","background-repeat":"repeat","background-position":"center center","background-size":"auto","background-attachment":"scroll","background-type":"","background-media":"","overlay-type":"","overlay-color":"","overlay-gradient":""},"mobile":{"background-color":"var(--ast-global-color-5)","background-image":"","background-repeat":"repeat","background-position":"center center","background-size":"auto","background-attachment":"scroll","background-type":"","background-media":"","overlay-type":"","overlay-color":"","overlay-gradient":""}},"footnotes":""},"categories":[951,4510,1111],"tags":[15951,26198,138842,100516,138843,32930],"class_list":["post-62879","post","type-post","status-publish","format-standard","hentry","category-barcelona","category-estetica-de-las-bellas-artes","category-teoria-analisis-y-critica-de-las-bellas-artes","tag-anna-calvera-sague","tag-jordi-pericot-canaleta","tag-maria-teresa-Martinez-figuerola","tag-merce-vidal-jansi","tag-narcis-selles-rigat","tag-norbert-bilbeny-garcia"],"_links":{"self":[{"href":"https:\/\/www.deberes.net\/tesis\/wp-json\/wp\/v2\/posts\/62879","targetHints":{"allow":["GET"]}}],"collection":[{"href":"https:\/\/www.deberes.net\/tesis\/wp-json\/wp\/v2\/posts"}],"about":[{"href":"https:\/\/www.deberes.net\/tesis\/wp-json\/wp\/v2\/types\/post"}],"author":[{"embeddable":true,"href":"https:\/\/www.deberes.net\/tesis\/wp-json\/wp\/v2\/users\/1"}],"replies":[{"embeddable":true,"href":"https:\/\/www.deberes.net\/tesis\/wp-json\/wp\/v2\/comments?post=62879"}],"version-history":[{"count":0,"href":"https:\/\/www.deberes.net\/tesis\/wp-json\/wp\/v2\/posts\/62879\/revisions"}],"wp:attachment":[{"href":"https:\/\/www.deberes.net\/tesis\/wp-json\/wp\/v2\/media?parent=62879"}],"wp:term":[{"taxonomy":"category","embeddable":true,"href":"https:\/\/www.deberes.net\/tesis\/wp-json\/wp\/v2\/categories?post=62879"},{"taxonomy":"post_tag","embeddable":true,"href":"https:\/\/www.deberes.net\/tesis\/wp-json\/wp\/v2\/tags?post=62879"}],"curies":[{"name":"wp","href":"https:\/\/api.w.org\/{rel}","templated":true}]}}