{"id":62935,"date":"2018-03-09T22:50:51","date_gmt":"2018-03-09T22:50:51","guid":{"rendered":"https:\/\/www.deberes.net\/tesis\/sin-categoria\/el-retrato-de-estado-durante-el-reinado-de-carlos-ii\/"},"modified":"2018-03-09T22:50:51","modified_gmt":"2018-03-09T22:50:51","slug":"el-retrato-de-estado-durante-el-reinado-de-carlos-ii","status":"publish","type":"post","link":"https:\/\/www.deberes.net\/tesis\/historia\/el-retrato-de-estado-durante-el-reinado-de-carlos-ii\/","title":{"rendered":"El retrato de estado durante el reinado de carlos ii"},"content":{"rendered":"<h2>Tesis doctoral de <strong> \u00e1lvaro Pascual Chenel <\/strong><\/h2>\n<p>En esta tesis se estudia de manera global la representaci\u00f3n regia en \u00e9poca de carlos ii. Pretende ser un estudio amplio en todos los sentidos, por lo que se ha intentado trascender los aspectos puramente formales, intentando ir m\u00e1s all\u00e1 del valor est\u00e9tico y pl\u00e1stico del arte, insertando la obra art\u00edstica en el momento hist\u00f3rico en que se cre\u00f3 para poder llegar a una mayor profundizaci\u00f3n en el conocimiento de la misma. as\u00ed pues no s\u00f3lo se estudia el retrato del rey, sino tambi\u00e9n el de otros personajes que tuvieron una fundamental importancia en el desarrollo del reinado, y sin cuya presencia no se explican muchos de los nuevos modelos iconogr\u00e1ficos que en aquellos momentos se crearon. Son \u00e9stos fundamentalmente do\u00f1a mariana de austria cuya poco habitual labor pol\u00edtica al frente de la regencia, oblig\u00f3 a buscar una nueva iconograf\u00eda que durante la primera parte del reinado tuvo una decisiva actuaci\u00f3n. Puesto que se pretende un estudio amplio, el trabajo no s\u00f3lo se pod\u00eda detener en los retratos pintados, sino que se ha abordado tambi\u00e9n el an\u00e1lisis del grabado, que adquiere en estos momentos una fundamental importancia como medio de propaganda de masas. Lo mismo ocurre con los retratos esculpidos de mucha menor importancia, motivo por el que permanecen generalmente en el olvido. Como no pod\u00eda ser de otro modo se incluye asimismo el estudio de los retratos de las dos mujeres que compartieron su vida con carlos ii como reina consortes: mar\u00eda luisa de orle\u00e1ns y mariana de neoburgo.<\/p>\n<p>&nbsp;<\/p>\n<h3>Datos acad\u00e9micos de la tesis doctoral \u00ab<strong>El retrato de estado durante el reinado de carlos ii<\/strong>\u00ab<\/h3>\n<ul>\n<li><strong>T\u00edtulo de la tesis:<\/strong>\u00a0 El retrato de estado durante el reinado de carlos ii <\/li>\n<li><strong>Autor:<\/strong>\u00a0 \u00e1lvaro Pascual Chenel <\/li>\n<li><strong>Universidad:<\/strong>\u00a0 Alcal\u00e1<\/li>\n<li><strong>Fecha de lectura de la tesis:<\/strong>\u00a0 15\/02\/2008<\/li>\n<\/ul>\n<p>&nbsp;<\/p>\n<h3>Direcci\u00f3n y tribunal<\/h3>\n<ul>\n<li><strong>Director de la tesis<\/strong>\n<ul>\n<li>Antonio Martinez Ripoll<\/li>\n<\/ul>\n<\/li>\n<li><strong>Tribunal<\/strong>\n<ul>\n<li>Presidente del tribunal: Jaime Contreras contreras <\/li>\n<li>gabrielle Finaldi (vocal)<\/li>\n<li>M\u00aa \u00e1ngeles Raya raya (vocal)<\/li>\n<li>Francisco Jos\u00e9 Portela sandoval (vocal)<\/li>\n<\/ul>\n<\/li>\n<\/ul>\n<p>&nbsp;<\/p>\n","protected":false},"excerpt":{"rendered":"<p>Tesis doctoral de \u00e1lvaro Pascual Chenel En esta tesis se estudia de manera global la representaci\u00f3n regia en \u00e9poca de [&hellip;]<\/p>\n","protected":false},"author":1,"featured_media":0,"comment_status":"open","ping_status":"open","sticky":false,"template":"","format":"standard","meta":{"site-sidebar-layout":"default","site-content-layout":"","ast-site-content-layout":"","site-content-style":"default","site-sidebar-style":"default","ast-global-header-display":"","ast-banner-title-visibility":"","ast-main-header-display":"","ast-hfb-above-header-display":"","ast-hfb-below-header-display":"","ast-hfb-mobile-header-display":"","site-post-title":"","ast-breadcrumbs-content":"","ast-featured-img":"","footer-sml-layout":"","theme-transparent-header-meta":"","adv-header-id-meta":"","stick-header-meta":"","header-above-stick-meta":"","header-main-stick-meta":"","header-below-stick-meta":"","astra-migrate-meta-layouts":"default","ast-page-background-enabled":"default","ast-page-background-meta":{"desktop":{"background-color":"var(--ast-global-color-4)","background-image":"","background-repeat":"repeat","background-position":"center center","background-size":"auto","background-attachment":"scroll","background-type":"","background-media":"","overlay-type":"","overlay-color":"","overlay-gradient":""},"tablet":{"background-color":"","background-image":"","background-repeat":"repeat","background-position":"center center","background-size":"auto","background-attachment":"scroll","background-type":"","background-media":"","overlay-type":"","overlay-color":"","overlay-gradient":""},"mobile":{"background-color":"","background-image":"","background-repeat":"repeat","background-position":"center center","background-size":"auto","background-attachment":"scroll","background-type":"","background-media":"","overlay-type":"","overlay-color":"","overlay-gradient":""}},"ast-content-background-meta":{"desktop":{"background-color":"var(--ast-global-color-5)","background-image":"","background-repeat":"repeat","background-position":"center center","background-size":"auto","background-attachment":"scroll","background-type":"","background-media":"","overlay-type":"","overlay-color":"","overlay-gradient":""},"tablet":{"background-color":"var(--ast-global-color-5)","background-image":"","background-repeat":"repeat","background-position":"center center","background-size":"auto","background-attachment":"scroll","background-type":"","background-media":"","overlay-type":"","overlay-color":"","overlay-gradient":""},"mobile":{"background-color":"var(--ast-global-color-5)","background-image":"","background-repeat":"repeat","background-position":"center center","background-size":"auto","background-attachment":"scroll","background-type":"","background-media":"","overlay-type":"","overlay-color":"","overlay-gradient":""}},"footnotes":""},"categories":[17426,104],"tags":[138970,6812,5884,138971,12527,138972],"class_list":["post-62935","post","type-post","status-publish","format-standard","hentry","category-alcala","category-historia","tag-alvaro-pascual-chenel","tag-antonio-Martinez-ripoll","tag-francisco-jose-portela-sandoval","tag-gabrielle-finaldi","tag-jaime-contreras-contreras","tag-ma-angeles-raya-raya"],"_links":{"self":[{"href":"https:\/\/www.deberes.net\/tesis\/wp-json\/wp\/v2\/posts\/62935","targetHints":{"allow":["GET"]}}],"collection":[{"href":"https:\/\/www.deberes.net\/tesis\/wp-json\/wp\/v2\/posts"}],"about":[{"href":"https:\/\/www.deberes.net\/tesis\/wp-json\/wp\/v2\/types\/post"}],"author":[{"embeddable":true,"href":"https:\/\/www.deberes.net\/tesis\/wp-json\/wp\/v2\/users\/1"}],"replies":[{"embeddable":true,"href":"https:\/\/www.deberes.net\/tesis\/wp-json\/wp\/v2\/comments?post=62935"}],"version-history":[{"count":0,"href":"https:\/\/www.deberes.net\/tesis\/wp-json\/wp\/v2\/posts\/62935\/revisions"}],"wp:attachment":[{"href":"https:\/\/www.deberes.net\/tesis\/wp-json\/wp\/v2\/media?parent=62935"}],"wp:term":[{"taxonomy":"category","embeddable":true,"href":"https:\/\/www.deberes.net\/tesis\/wp-json\/wp\/v2\/categories?post=62935"},{"taxonomy":"post_tag","embeddable":true,"href":"https:\/\/www.deberes.net\/tesis\/wp-json\/wp\/v2\/tags?post=62935"}],"curies":[{"name":"wp","href":"https:\/\/api.w.org\/{rel}","templated":true}]}}