{"id":62985,"date":"2018-03-09T22:50:55","date_gmt":"2018-03-09T22:50:55","guid":{"rendered":"https:\/\/www.deberes.net\/tesis\/sin-categoria\/inmigracion-irregular-africana-y-prensa-en-canarias-1999-2003\/"},"modified":"2018-03-09T22:50:55","modified_gmt":"2018-03-09T22:50:55","slug":"inmigracion-irregular-africana-y-prensa-en-canarias-1999-2003","status":"publish","type":"post","link":"https:\/\/www.deberes.net\/tesis\/comunicaciones-sociales\/inmigracion-irregular-africana-y-prensa-en-canarias-1999-2003\/","title":{"rendered":"Inmigraci\u00f3n irregular africana y prensa en canarias (1999-2003)"},"content":{"rendered":"<h2>Tesis doctoral de <strong> Mar\u00eda Adoraci\u00f3n Merino Arribas <\/strong><\/h2>\n<p>La inmigraci\u00f3n ha sio un motivo de debate y de tensiones sociales y pol\u00edticas en canarias a las puertas del siglo xxi, debido a la llegada incontrolada de personas que se quedan en situaci\u00f3n administrativa irregular. Este trabajo analiza cualitativa y cuantitativamente este fen\u00f3meno en los cinco peri\u00f3dicos de mayor tirada en el archipilago de canarias: canaria 7, la provincia\/diario de las palmas, diario de avisos, el d\u00eda y la opini\u00f3n de tenerife durante el lustro 1999-2003.<\/p>\n<p>&nbsp;<\/p>\n<h3>Datos acad\u00e9micos de la tesis doctoral \u00ab<strong>Inmigraci\u00f3n irregular africana y prensa en canarias (1999-2003)<\/strong>\u00ab<\/h3>\n<ul>\n<li><strong>T\u00edtulo de la tesis:<\/strong>\u00a0 Inmigraci\u00f3n irregular africana y prensa en canarias (1999-2003) <\/li>\n<li><strong>Autor:<\/strong>\u00a0 Mar\u00eda Adoraci\u00f3n Merino Arribas <\/li>\n<li><strong>Universidad:<\/strong>\u00a0 La laguna<\/li>\n<li><strong>Fecha de lectura de la tesis:<\/strong>\u00a0 19\/02\/2008<\/li>\n<\/ul>\n<p>&nbsp;<\/p>\n<h3>Direcci\u00f3n y tribunal<\/h3>\n<ul>\n<li><strong>Director de la tesis<\/strong>\n<ul>\n<li>Ricardo Aciron Royo<\/li>\n<\/ul>\n<\/li>\n<li><strong>Tribunal<\/strong>\n<ul>\n<li>Presidente del tribunal: carmelo Garitaonandia garnacho <\/li>\n<li>vicente Manuel Zapata hern\u00e1ndez (vocal)<\/li>\n<li> Alem\u00e1n de armas adri\u00e1n (vocal)<\/li>\n<li>Fernando L\u00f3pez pan (vocal)<\/li>\n<\/ul>\n<\/li>\n<\/ul>\n<p>&nbsp;<\/p>\n","protected":false},"excerpt":{"rendered":"<p>Tesis doctoral de Mar\u00eda Adoraci\u00f3n Merino Arribas La inmigraci\u00f3n ha sio un motivo de debate y de tensiones sociales y [&hellip;]<\/p>\n","protected":false},"author":1,"featured_media":0,"comment_status":"open","ping_status":"open","sticky":false,"template":"","format":"standard","meta":{"site-sidebar-layout":"default","site-content-layout":"","ast-site-content-layout":"","site-content-style":"default","site-sidebar-style":"default","ast-global-header-display":"","ast-banner-title-visibility":"","ast-main-header-display":"","ast-hfb-above-header-display":"","ast-hfb-below-header-display":"","ast-hfb-mobile-header-display":"","site-post-title":"","ast-breadcrumbs-content":"","ast-featured-img":"","footer-sml-layout":"","theme-transparent-header-meta":"","adv-header-id-meta":"","stick-header-meta":"","header-above-stick-meta":"","header-main-stick-meta":"","header-below-stick-meta":"","astra-migrate-meta-layouts":"default","ast-page-background-enabled":"default","ast-page-background-meta":{"desktop":{"background-color":"var(--ast-global-color-4)","background-image":"","background-repeat":"repeat","background-position":"center center","background-size":"auto","background-attachment":"scroll","background-type":"","background-media":"","overlay-type":"","overlay-color":"","overlay-gradient":""},"tablet":{"background-color":"","background-image":"","background-repeat":"repeat","background-position":"center center","background-size":"auto","background-attachment":"scroll","background-type":"","background-media":"","overlay-type":"","overlay-color":"","overlay-gradient":""},"mobile":{"background-color":"","background-image":"","background-repeat":"repeat","background-position":"center center","background-size":"auto","background-attachment":"scroll","background-type":"","background-media":"","overlay-type":"","overlay-color":"","overlay-gradient":""}},"ast-content-background-meta":{"desktop":{"background-color":"var(--ast-global-color-5)","background-image":"","background-repeat":"repeat","background-position":"center center","background-size":"auto","background-attachment":"scroll","background-type":"","background-media":"","overlay-type":"","overlay-color":"","overlay-gradient":""},"tablet":{"background-color":"var(--ast-global-color-5)","background-image":"","background-repeat":"repeat","background-position":"center center","background-size":"auto","background-attachment":"scroll","background-type":"","background-media":"","overlay-type":"","overlay-color":"","overlay-gradient":""},"mobile":{"background-color":"var(--ast-global-color-5)","background-image":"","background-repeat":"repeat","background-position":"center center","background-size":"auto","background-attachment":"scroll","background-type":"","background-media":"","overlay-type":"","overlay-color":"","overlay-gradient":""}},"footnotes":""},"categories":[4735,9915],"tags":[42561,13216,18114,139074,5413,75570],"class_list":["post-62985","post","type-post","status-publish","format-standard","hentry","category-comunicaciones-sociales","category-la-laguna","tag-aleman-de-armas-adrian","tag-carmelo-garitaonandia-garnacho","tag-fernando-lopez-pan","tag-maria-adoracion-merino-arribas","tag-ricardo-aciron-royo","tag-vicente-manuel-zapata-hernandez"],"_links":{"self":[{"href":"https:\/\/www.deberes.net\/tesis\/wp-json\/wp\/v2\/posts\/62985","targetHints":{"allow":["GET"]}}],"collection":[{"href":"https:\/\/www.deberes.net\/tesis\/wp-json\/wp\/v2\/posts"}],"about":[{"href":"https:\/\/www.deberes.net\/tesis\/wp-json\/wp\/v2\/types\/post"}],"author":[{"embeddable":true,"href":"https:\/\/www.deberes.net\/tesis\/wp-json\/wp\/v2\/users\/1"}],"replies":[{"embeddable":true,"href":"https:\/\/www.deberes.net\/tesis\/wp-json\/wp\/v2\/comments?post=62985"}],"version-history":[{"count":0,"href":"https:\/\/www.deberes.net\/tesis\/wp-json\/wp\/v2\/posts\/62985\/revisions"}],"wp:attachment":[{"href":"https:\/\/www.deberes.net\/tesis\/wp-json\/wp\/v2\/media?parent=62985"}],"wp:term":[{"taxonomy":"category","embeddable":true,"href":"https:\/\/www.deberes.net\/tesis\/wp-json\/wp\/v2\/categories?post=62985"},{"taxonomy":"post_tag","embeddable":true,"href":"https:\/\/www.deberes.net\/tesis\/wp-json\/wp\/v2\/tags?post=62985"}],"curies":[{"name":"wp","href":"https:\/\/api.w.org\/{rel}","templated":true}]}}