{"id":63024,"date":"2018-03-09T22:50:59","date_gmt":"2018-03-09T22:50:59","guid":{"rendered":"https:\/\/www.deberes.net\/tesis\/sin-categoria\/de-la-empresa-familiar-a-la-familia-emprendedora-una-propuesta-para-el-siglo-xxi\/"},"modified":"2018-03-09T22:50:59","modified_gmt":"2018-03-09T22:50:59","slug":"de-la-empresa-familiar-a-la-familia-emprendedora-una-propuesta-para-el-siglo-xxi","status":"publish","type":"post","link":"https:\/\/www.deberes.net\/tesis\/antropologia\/de-la-empresa-familiar-a-la-familia-emprendedora-una-propuesta-para-el-siglo-xxi\/","title":{"rendered":"De la empresa familiar a la familia emprendedora. una propuesta para el siglo xxi"},"content":{"rendered":"<h2>Tesis doctoral de <strong> Alejandro Jos\u00e9 L\u00f3pez Oliva <\/strong><\/h2>\n<p>El ensayo-propuesta de m\u00e1ximos que se presenta consta de unas tesis (parte te\u00f3rica) y de un proyecto de aplicaci\u00f3n (parte jur\u00eddico-pr\u00e1ctica). El fundamento motriz de la tesis radica en la existencia de la dimensi\u00f3n trascendente del ser humano y en su manifestaci\u00f3n en la fe del creyente que determinan una forma de vida y una antropolog\u00eda distintas a la cultura dominante (capitulo i), lo que aplicado a la realidad jur\u00eddico-social de la empresa familiar, conlleva un cambio sustancial en la misma.   terminol\u00f3gicamente hablando, la familia pasa a ser lo sustantivo y la empresa lo adjetivo por lo que ya no cabe hablar de empresa familiar sino de familia emprendedora. La sociedad mercantil pasa a ser una comunidad de personas en comuni\u00f3n de esp\u00edritu que regenera y reordena las relaciones personales, familiares y laborales de sus integrantes de manera que la familia deja de ser un problema para la empresa y pasa a ser el motor que le sostiene en pro de la plena realizaci\u00f3n y dignidad del trabajador, del empresario, de sus respectivas familias, y por ende, de la sociedad entera.   la estructura y el contenido de los \u00f3rganos familiares y societarios de la empresa (capitulo ii), as\u00ed como las relaciones jur\u00eddicas de sus miembros (capitulo iii), se basan en la formalizaci\u00f3n y efectiva aplicaci\u00f3n de la familiae constitutio o protocolo de la familia emprendedora (capitulo ii y iii), centro neur\u00e1lgico de la presente instituci\u00f3n, que adquiere su eficacia y aplicaci\u00f3n frente a terceros mediante pactos sociales y estatutarios erga omnes (capitulo iv), y que obtiene su legitimidad jur\u00eddica, social y moral de la interrelaci\u00f3n entre una serie de derechos fundamentales y los principios de autonom\u00eda de la voluntad, dispositivo, y de subsidiariedad, propios de una sociedad democr\u00e1tica y de derecho, en el \u00e1mbito de los derechos humanos (capitulo iii).<\/p>\n<p>&nbsp;<\/p>\n<h3>Datos acad\u00e9micos de la tesis doctoral \u00ab<strong>De la empresa familiar a la familia emprendedora. una propuesta para el siglo xxi<\/strong>\u00ab<\/h3>\n<ul>\n<li><strong>T\u00edtulo de la tesis:<\/strong>\u00a0 De la empresa familiar a la familia emprendedora. una propuesta para el siglo xxi <\/li>\n<li><strong>Autor:<\/strong>\u00a0 Alejandro Jos\u00e9 L\u00f3pez Oliva <\/li>\n<li><strong>Universidad:<\/strong>\u00a0 Cat\u00f3lica de Valencia san vicente m\u00e1rtir<\/li>\n<li><strong>Fecha de lectura de la tesis:<\/strong>\u00a0 21\/02\/2008<\/li>\n<\/ul>\n<p>&nbsp;<\/p>\n<h3>Direcci\u00f3n y tribunal<\/h3>\n<ul>\n<li><strong>Director de la tesis<\/strong>\n<ul>\n<li>Nicol\u00e1s S\u00e1nchez Garc\u00eda<\/li>\n<\/ul>\n<\/li>\n<li><strong>Tribunal<\/strong>\n<ul>\n<li>Presidente del tribunal: Jos\u00e9 tom\u00e1s Raga gil <\/li>\n<li>eduardo Ortiz llueca (vocal)<\/li>\n<li>Francisco Jim\u00e9nez ambel (vocal)<\/li>\n<li>Jos\u00e9 P\u00e9rez ad\u00e1n (vocal)<\/li>\n<\/ul>\n<\/li>\n<\/ul>\n<p>&nbsp;<\/p>\n","protected":false},"excerpt":{"rendered":"<p>Tesis doctoral de Alejandro Jos\u00e9 L\u00f3pez Oliva El ensayo-propuesta de m\u00e1ximos que se presenta consta de unas tesis (parte te\u00f3rica) [&hellip;]<\/p>\n","protected":false},"author":1,"featured_media":0,"comment_status":"open","ping_status":"open","sticky":false,"template":"","format":"standard","meta":{"site-sidebar-layout":"default","site-content-layout":"","ast-site-content-layout":"","site-content-style":"default","site-sidebar-style":"default","ast-global-header-display":"","ast-banner-title-visibility":"","ast-main-header-display":"","ast-hfb-above-header-display":"","ast-hfb-below-header-display":"","ast-hfb-mobile-header-display":"","site-post-title":"","ast-breadcrumbs-content":"","ast-featured-img":"","footer-sml-layout":"","theme-transparent-header-meta":"","adv-header-id-meta":"","stick-header-meta":"","header-above-stick-meta":"","header-main-stick-meta":"","header-below-stick-meta":"","astra-migrate-meta-layouts":"default","ast-page-background-enabled":"default","ast-page-background-meta":{"desktop":{"background-color":"var(--ast-global-color-4)","background-image":"","background-repeat":"repeat","background-position":"center center","background-size":"auto","background-attachment":"scroll","background-type":"","background-media":"","overlay-type":"","overlay-color":"","overlay-gradient":""},"tablet":{"background-color":"","background-image":"","background-repeat":"repeat","background-position":"center center","background-size":"auto","background-attachment":"scroll","background-type":"","background-media":"","overlay-type":"","overlay-color":"","overlay-gradient":""},"mobile":{"background-color":"","background-image":"","background-repeat":"repeat","background-position":"center center","background-size":"auto","background-attachment":"scroll","background-type":"","background-media":"","overlay-type":"","overlay-color":"","overlay-gradient":""}},"ast-content-background-meta":{"desktop":{"background-color":"var(--ast-global-color-5)","background-image":"","background-repeat":"repeat","background-position":"center center","background-size":"auto","background-attachment":"scroll","background-type":"","background-media":"","overlay-type":"","overlay-color":"","overlay-gradient":""},"tablet":{"background-color":"var(--ast-global-color-5)","background-image":"","background-repeat":"repeat","background-position":"center center","background-size":"auto","background-attachment":"scroll","background-type":"","background-media":"","overlay-type":"","overlay-color":"","overlay-gradient":""},"mobile":{"background-color":"var(--ast-global-color-5)","background-image":"","background-repeat":"repeat","background-position":"center center","background-size":"auto","background-attachment":"scroll","background-type":"","background-media":"","overlay-type":"","overlay-color":"","overlay-gradient":""}},"footnotes":""},"categories":[681,131541,2826,3192,19869],"tags":[139165,104291,139167,98170,9861,139166],"class_list":["post-63024","post","type-post","status-publish","format-standard","hentry","category-antropologia","category-catolica-de-valencia-san-vicente-martir","category-derecho-mercantil","category-derecho-natural","category-derechos-humanos","tag-alejandro-jose-lopez-oliva","tag-eduardo-ortiz-llueca","tag-francisco-jimenez-ambel","tag-jose-perez-adan","tag-jose-tomas-raga-gil","tag-nicolas-sanchez-garcia"],"_links":{"self":[{"href":"https:\/\/www.deberes.net\/tesis\/wp-json\/wp\/v2\/posts\/63024","targetHints":{"allow":["GET"]}}],"collection":[{"href":"https:\/\/www.deberes.net\/tesis\/wp-json\/wp\/v2\/posts"}],"about":[{"href":"https:\/\/www.deberes.net\/tesis\/wp-json\/wp\/v2\/types\/post"}],"author":[{"embeddable":true,"href":"https:\/\/www.deberes.net\/tesis\/wp-json\/wp\/v2\/users\/1"}],"replies":[{"embeddable":true,"href":"https:\/\/www.deberes.net\/tesis\/wp-json\/wp\/v2\/comments?post=63024"}],"version-history":[{"count":0,"href":"https:\/\/www.deberes.net\/tesis\/wp-json\/wp\/v2\/posts\/63024\/revisions"}],"wp:attachment":[{"href":"https:\/\/www.deberes.net\/tesis\/wp-json\/wp\/v2\/media?parent=63024"}],"wp:term":[{"taxonomy":"category","embeddable":true,"href":"https:\/\/www.deberes.net\/tesis\/wp-json\/wp\/v2\/categories?post=63024"},{"taxonomy":"post_tag","embeddable":true,"href":"https:\/\/www.deberes.net\/tesis\/wp-json\/wp\/v2\/tags?post=63024"}],"curies":[{"name":"wp","href":"https:\/\/api.w.org\/{rel}","templated":true}]}}