{"id":63055,"date":"2018-03-09T22:50:59","date_gmt":"2018-03-09T22:50:59","guid":{"rendered":"https:\/\/www.deberes.net\/tesis\/sin-categoria\/tutti-da-capo-fundamentacion-teorica-y-desarrollo-didactico-de-una-propuesta-para-la-educacion-musical-integral-desde-los-2-hasta-los-16-anos\/"},"modified":"2018-03-09T22:50:59","modified_gmt":"2018-03-09T22:50:59","slug":"tutti-da-capo-fundamentacion-teorica-y-desarrollo-didactico-de-una-propuesta-para-la-educacion-musical-integral-desde-los-2-hasta-los-16-anos","status":"publish","type":"post","link":"https:\/\/www.deberes.net\/tesis\/teoria-y-metodos-educativos\/tutti-da-capo-fundamentacion-teorica-y-desarrollo-didactico-de-una-propuesta-para-la-educacion-musical-integral-desde-los-2-hasta-los-16-anos\/","title":{"rendered":"Tutti da capo. fundamentacion teorica y desarrollo didactico de una propuesta para la educacion musical integral desde los 2 hasta los 16 a\u00f1os"},"content":{"rendered":"<h2>Tesis doctoral de <strong> M\u00aa Pilar Ochoa De Eribe Royo <\/strong><\/h2>\n<p>Esta tesis consiste en la fundamentaci\u00f3n te\u00f3rica y el desarrollo de una propuesta did\u00e1ctica -tutti da capo- para la educaci\u00f3n musical integral, que abarca el periodo comprendido entre los dos y los diecis\u00e9is a\u00f1os. tutti da capo comienza con una fundamentaci\u00f3n te\u00f3rica hecha desde tres perspectivas: la primera de ellas trata de la presencia de la educci\u00f3n musical a lo largo de la historia, con un recorrido que parte de las grandes corrientes de pensamiento de la \u00e9poca anterior a confucio y de nuestra antig\u00ed\u00bcedad cl\u00e1sica, hasta llegar a nuestros d\u00edas; la segunda aporta la justificaci\u00f3n de la necesidad de la educaci\u00f3n musical como factor de desarrollo integral, siempre y cuando \u00e9sta se lleve a cabo teniendo en cuenta el potencial de la materia, que transciende m\u00e1s all\u00e1 del conocimiento espec\u00edfico; la tercera perspectiva es la cita de las fuentes pedagog\u00edas y las ideas clave de las mismas que han influido en esta propuesta -suzuki, willems, kod\u00e1ly, orff, dalcroze, ward, urbieta, corneloup, ja\u00ed\u00abll, baschet, percustra, vivaldi-. tutti da capo, nuestra propuesta did\u00e1ctica musical, parte de las competencias educativas generales y, a trav\u00e9s de un proceso de derivaci\u00f3n en el que todos los elementos se relacionan -las competencias generales, los bloques de contenido, las competencias espec\u00edficas, los criterios y orientaciones de evaluaci\u00f3n, y las actividades- llega a un grado de coherencia imprescindible para hacer de ella una propuesta s\u00f3lida que dise\u00f1a una formaci\u00f3n musical integral favorecedora del desarrollo est\u00e9tico, sensorial, cognitivo, comunicativo y social de la persona. tutti da capo muestra que la educaci\u00f3n musical no es s\u00f3lo una necesidad cultural sino que contribuye con el logro de competencias generales tales como aprender a aprender y pensar, aprender a comunicar, aprender a vivir juntos, aprender a ser yo mismo y aprender a hacer y emprender. el desarrollo de la propuesta tutti da capo llega a un alto grado de concreci\u00f3n, como se muestra en la exposici\u00f3n pormenorizada del programa en cada uno de sus cuatro bloques de contenido &#8211; lenguaje musical, canto, audici\u00f3n e instrumento-. El momento aparici\u00f3n de los diferentes contenidos aparece secuenciado seg\u00fan edades. El mayor grado de concreci\u00f3n se da en la ejemplificaci\u00f3n de actividades que giran en torno al aprendizaje de algunos contenidos propuestos, a lo largo de todas las edades. Una amplia bater\u00eda de actividades, de 2 a 16 a\u00f1os, cuyo desarrollo -planteamiento de la actividad, objetivo, competencia espec\u00edfica, metodolog\u00eda, criterios de evaluaci\u00f3n- nos conduce nuevamente a la relaci\u00f3n de dichas actividades con las competencias espec\u00edficas y generales.<\/p>\n<p>&nbsp;<\/p>\n<h3>Datos acad\u00e9micos de la tesis doctoral \u00ab<strong>Tutti da capo. fundamentacion teorica y desarrollo didactico de una propuesta para la educacion musical integral desde los 2 hasta los 16 a\u00f1os<\/strong>\u00ab<\/h3>\n<ul>\n<li><strong>T\u00edtulo de la tesis:<\/strong>\u00a0 Tutti da capo. fundamentacion teorica y desarrollo didactico de una propuesta para la educacion musical integral desde los 2 hasta los 16 a\u00f1os <\/li>\n<li><strong>Autor:<\/strong>\u00a0 M\u00aa Pilar Ochoa De Eribe Royo <\/li>\n<li><strong>Universidad:<\/strong>\u00a0 Pa\u00eds vasco\/euskal herriko unibertsitatea<\/li>\n<li><strong>Fecha de lectura de la tesis:<\/strong>\u00a0 22\/02\/2008<\/li>\n<\/ul>\n<p>&nbsp;<\/p>\n<h3>Direcci\u00f3n y tribunal<\/h3>\n<ul>\n<li><strong>Director de la tesis<\/strong>\n<ul>\n<li>Xabier Garagorri Yarza<\/li>\n<\/ul>\n<\/li>\n<li><strong>Tribunal<\/strong>\n<ul>\n<li>Presidente del tribunal: i\u00f1aki Dendaluce segurola <\/li>\n<li>Andrea Giraldez hayes (vocal)<\/li>\n<li>maravillas Diaz gomez (vocal)<\/li>\n<li>Mar\u00eda  de los angeles Subirats bayego (vocal)<\/li>\n<\/ul>\n<\/li>\n<\/ul>\n<p>&nbsp;<\/p>\n","protected":false},"excerpt":{"rendered":"<p>Tesis doctoral de M\u00aa Pilar Ochoa De Eribe Royo Esta tesis consiste en la fundamentaci\u00f3n te\u00f3rica y el desarrollo de [&hellip;]<\/p>\n","protected":false},"author":1,"featured_media":0,"comment_status":"open","ping_status":"open","sticky":false,"template":"","format":"standard","meta":{"site-sidebar-layout":"default","site-content-layout":"","ast-site-content-layout":"","site-content-style":"default","site-sidebar-style":"default","ast-global-header-display":"","ast-banner-title-visibility":"","ast-main-header-display":"","ast-hfb-above-header-display":"","ast-hfb-below-header-display":"","ast-hfb-mobile-header-display":"","site-post-title":"","ast-breadcrumbs-content":"","ast-featured-img":"","footer-sml-layout":"","theme-transparent-header-meta":"","adv-header-id-meta":"","stick-header-meta":"","header-above-stick-meta":"","header-main-stick-meta":"","header-below-stick-meta":"","astra-migrate-meta-layouts":"default","ast-page-background-enabled":"default","ast-page-background-meta":{"desktop":{"background-color":"var(--ast-global-color-4)","background-image":"","background-repeat":"repeat","background-position":"center center","background-size":"auto","background-attachment":"scroll","background-type":"","background-media":"","overlay-type":"","overlay-color":"","overlay-gradient":""},"tablet":{"background-color":"","background-image":"","background-repeat":"repeat","background-position":"center center","background-size":"auto","background-attachment":"scroll","background-type":"","background-media":"","overlay-type":"","overlay-color":"","overlay-gradient":""},"mobile":{"background-color":"","background-image":"","background-repeat":"repeat","background-position":"center center","background-size":"auto","background-attachment":"scroll","background-type":"","background-media":"","overlay-type":"","overlay-color":"","overlay-gradient":""}},"ast-content-background-meta":{"desktop":{"background-color":"var(--ast-global-color-5)","background-image":"","background-repeat":"repeat","background-position":"center center","background-size":"auto","background-attachment":"scroll","background-type":"","background-media":"","overlay-type":"","overlay-color":"","overlay-gradient":""},"tablet":{"background-color":"var(--ast-global-color-5)","background-image":"","background-repeat":"repeat","background-position":"center center","background-size":"auto","background-attachment":"scroll","background-type":"","background-media":"","overlay-type":"","overlay-color":"","overlay-gradient":""},"mobile":{"background-color":"var(--ast-global-color-5)","background-image":"","background-repeat":"repeat","background-position":"center center","background-size":"auto","background-attachment":"scroll","background-type":"","background-media":"","overlay-type":"","overlay-color":"","overlay-gradient":""}},"footnotes":""},"categories":[9132,12909,1341],"tags":[116479,9287,54870,72032,139230,28212],"class_list":["post-63055","post","type-post","status-publish","format-standard","hentry","category-musica-y-musicologia","category-pais-vasco-euskal-herriko-unibertsitatea","category-teoria-y-metodos-educativos","tag-andrea-giraldez-hayes","tag-inaki-dendaluce-segurola","tag-maravillas-diaz-gomez","tag-maria-de-los-angeles-subirats-bayego","tag-ma-pilar-ochoa-de-eribe-royo","tag-xabier-garagorri-yarza"],"_links":{"self":[{"href":"https:\/\/www.deberes.net\/tesis\/wp-json\/wp\/v2\/posts\/63055","targetHints":{"allow":["GET"]}}],"collection":[{"href":"https:\/\/www.deberes.net\/tesis\/wp-json\/wp\/v2\/posts"}],"about":[{"href":"https:\/\/www.deberes.net\/tesis\/wp-json\/wp\/v2\/types\/post"}],"author":[{"embeddable":true,"href":"https:\/\/www.deberes.net\/tesis\/wp-json\/wp\/v2\/users\/1"}],"replies":[{"embeddable":true,"href":"https:\/\/www.deberes.net\/tesis\/wp-json\/wp\/v2\/comments?post=63055"}],"version-history":[{"count":0,"href":"https:\/\/www.deberes.net\/tesis\/wp-json\/wp\/v2\/posts\/63055\/revisions"}],"wp:attachment":[{"href":"https:\/\/www.deberes.net\/tesis\/wp-json\/wp\/v2\/media?parent=63055"}],"wp:term":[{"taxonomy":"category","embeddable":true,"href":"https:\/\/www.deberes.net\/tesis\/wp-json\/wp\/v2\/categories?post=63055"},{"taxonomy":"post_tag","embeddable":true,"href":"https:\/\/www.deberes.net\/tesis\/wp-json\/wp\/v2\/tags?post=63055"}],"curies":[{"name":"wp","href":"https:\/\/api.w.org\/{rel}","templated":true}]}}