{"id":63080,"date":"2018-03-09T22:50:59","date_gmt":"2018-03-09T22:50:59","guid":{"rendered":"https:\/\/www.deberes.net\/tesis\/sin-categoria\/renovacion-literaria-y-relevo-generacional-en-la-obra-de-thomas-brussig\/"},"modified":"2018-03-09T22:50:59","modified_gmt":"2018-03-09T22:50:59","slug":"renovacion-literaria-y-relevo-generacional-en-la-obra-de-thomas-brussig","status":"publish","type":"post","link":"https:\/\/www.deberes.net\/tesis\/analisis-literario\/renovacion-literaria-y-relevo-generacional-en-la-obra-de-thomas-brussig\/","title":{"rendered":"Renovaci\u00f3n literaria y relevo generacional en la obra de thomas brussig"},"content":{"rendered":"<h2>Tesis doctoral de <strong> Ana S\u00e1nchez Santolino <\/strong><\/h2>\n<p>A mediados de los 90 se constata en el panorama literario alem\u00e1n la irrupci\u00f3n de un grupo de escritores nacidos en torno a 1960, la \u00abgeneraci\u00f3n del 89\u00bb. Thomas brussig sorprende a la cr\u00edtica con helden wie wir, una \u00abnovela pol\u00edtica con medios sexuales\u00bb. La obra del autor atestigua un nuevo sentir a nivel social, personal y literario que sustenta un relevo generacional, pues reacciona contra una generaci\u00f3n de padres y de intelectuales que para \u00e9l fracas\u00f3 en su compromiso social. La generaci\u00f3n que toma las riendas creci\u00f3 en un contexto marcado por tres determinantes: su infancia en una dictadura, cuya ideolog\u00eda utopista contemplan con escepticismo; la unificaci\u00f3n, valorada no como la uni\u00f3n de dos partes, sino como la destrucci\u00f3n de su mundo; el estado de bienestar que propicia una cultura medi\u00e1tica de masas y hedonista. As\u00ed, desde un enfoque despreocupado y humor\u00edstico, recuperan el placer de narrar simplemente su infancia, sin reprimir una mirada cr\u00edtica a los elementos que influyeron negativamente en su formaci\u00f3n, eso s\u00ed, sin rencor ni buscar culpables. Surge una literatura de evocaci\u00f3n y reivindicaci\u00f3n de la validez del pasado que establece el terreno en el que germina la construcci\u00f3n de su identidad en oposici\u00f3n a la supremac\u00eda de valores occidentales que se impuso tras la ca\u00edda del muro. En este contexto, brussig exige la revisi\u00f3n de los pilares del debate en torno a la unificaci\u00f3n para lograr un enfrentamiento sincero a la propia culpa en el sistema de la rda como requisito previo para afrontar los retos del presente. Asimismo reivindica la integraci\u00f3n de las experiencias vividas por los ciudadanos de la extinta rda en la memoria cultural de la alemania unificada. Las l\u00edneas tem\u00e1ticas de sus novelas y dramas plantean la problem\u00e1tica que inquieta a su generaci\u00f3n: la etapa de la adolescencia, cuyos conflictos espec\u00edficos son agudizados por las privaciones materiales, la falta de libertad y la manipulaci\u00f3n ideol\u00f3gica sufrida en la rda; el papel de los intelectuales, demasiado preocupados con un proyecto socialista ut\u00f3pico que les ceg\u00f3 ante los problemas reales de su pueblo; el proceso de unificaci\u00f3n, que para brussig no fue un acto meditado sino producto de una cadena de casualidades que desemboc\u00f3 en la anexi\u00f3n a los valores de occidente, y no respet\u00f3 las peculiaridades de la rda, provocando carencias psicol\u00f3gicas, miedo existencial y p\u00e9rdida de valores. Su obra clave, helden wie wir, parte de modelos literarios angloamericanos y aborda estos temas a trav\u00e9s de un entramado aleg\u00f3rico y grotesco encauzado a la desmitificaci\u00f3n tanto de las supuestas bondades del sistema como de la unificaci\u00f3n como acto heroico, para revelar que el socialismo de la rda fue un sistema perverso y que todos sus ciudadanos contribuyeron a sus 40 a\u00f1os de existencia.<\/p>\n<p>&nbsp;<\/p>\n<h3>Datos acad\u00e9micos de la tesis doctoral \u00ab<strong>Renovaci\u00f3n literaria y relevo generacional en la obra de thomas brussig<\/strong>\u00ab<\/h3>\n<ul>\n<li><strong>T\u00edtulo de la tesis:<\/strong>\u00a0 Renovaci\u00f3n literaria y relevo generacional en la obra de thomas brussig <\/li>\n<li><strong>Autor:<\/strong>\u00a0 Ana S\u00e1nchez Santolino <\/li>\n<li><strong>Universidad:<\/strong>\u00a0 Salamanca<\/li>\n<li><strong>Fecha de lectura de la tesis:<\/strong>\u00a0 22\/02\/2008<\/li>\n<\/ul>\n<p>&nbsp;<\/p>\n<h3>Direcci\u00f3n y tribunal<\/h3>\n<ul>\n<li><strong>Director de la tesis<\/strong>\n<ul>\n<li>Manuel Ignacio Montesinos Caperos<\/li>\n<\/ul>\n<\/li>\n<li><strong>Tribunal<\/strong>\n<ul>\n<li>Presidente del tribunal: Luis angel Acosta gomez <\/li>\n<li>Jes\u00fas M\u00aa Hern\u00e1ndez rojo (vocal)<\/li>\n<li>Carlos Buj\u00e1n l\u00f3pez (vocal)<\/li>\n<li>M\u00aa loreto Vilar panella (vocal)<\/li>\n<\/ul>\n<\/li>\n<\/ul>\n<p>&nbsp;<\/p>\n","protected":false},"excerpt":{"rendered":"<p>Tesis doctoral de Ana S\u00e1nchez Santolino A mediados de los 90 se constata en el panorama literario alem\u00e1n la irrupci\u00f3n [&hellip;]<\/p>\n","protected":false},"author":1,"featured_media":0,"comment_status":"open","ping_status":"open","sticky":false,"template":"","format":"standard","meta":{"site-sidebar-layout":"default","site-content-layout":"","ast-site-content-layout":"","site-content-style":"default","site-sidebar-style":"default","ast-global-header-display":"","ast-banner-title-visibility":"","ast-main-header-display":"","ast-hfb-above-header-display":"","ast-hfb-below-header-display":"","ast-hfb-mobile-header-display":"","site-post-title":"","ast-breadcrumbs-content":"","ast-featured-img":"","footer-sml-layout":"","theme-transparent-header-meta":"","adv-header-id-meta":"","stick-header-meta":"","header-above-stick-meta":"","header-main-stick-meta":"","header-below-stick-meta":"","astra-migrate-meta-layouts":"default","ast-page-background-enabled":"default","ast-page-background-meta":{"desktop":{"background-color":"var(--ast-global-color-4)","background-image":"","background-repeat":"repeat","background-position":"center center","background-size":"auto","background-attachment":"scroll","background-type":"","background-media":"","overlay-type":"","overlay-color":"","overlay-gradient":""},"tablet":{"background-color":"","background-image":"","background-repeat":"repeat","background-position":"center center","background-size":"auto","background-attachment":"scroll","background-type":"","background-media":"","overlay-type":"","overlay-color":"","overlay-gradient":""},"mobile":{"background-color":"","background-image":"","background-repeat":"repeat","background-position":"center center","background-size":"auto","background-attachment":"scroll","background-type":"","background-media":"","overlay-type":"","overlay-color":"","overlay-gradient":""}},"ast-content-background-meta":{"desktop":{"background-color":"var(--ast-global-color-5)","background-image":"","background-repeat":"repeat","background-position":"center center","background-size":"auto","background-attachment":"scroll","background-type":"","background-media":"","overlay-type":"","overlay-color":"","overlay-gradient":""},"tablet":{"background-color":"var(--ast-global-color-5)","background-image":"","background-repeat":"repeat","background-position":"center center","background-size":"auto","background-attachment":"scroll","background-type":"","background-media":"","overlay-type":"","overlay-color":"","overlay-gradient":""},"mobile":{"background-color":"var(--ast-global-color-5)","background-image":"","background-repeat":"repeat","background-position":"center center","background-size":"auto","background-attachment":"scroll","background-type":"","background-media":"","overlay-type":"","overlay-color":"","overlay-gradient":""}},"footnotes":""},"categories":[148,713,682,9386,2231],"tags":[139286,20373,139288,6246,139287,139289],"class_list":["post-63080","post","type-post","status-publish","format-standard","hentry","category-analisis-literario","category-historia-de-la-literatura","category-poemas-y-relatos","category-salamanca","category-sociologia-de-la-literatura","tag-ana-sanchez-santolino","tag-carlos-bujan-lopez","tag-jesus-ma-hernandez-rojo","tag-luis-angel-acosta-gomez","tag-manuel-ignacio-montesinos-caperos","tag-ma-loreto-vilar-panella"],"_links":{"self":[{"href":"https:\/\/www.deberes.net\/tesis\/wp-json\/wp\/v2\/posts\/63080","targetHints":{"allow":["GET"]}}],"collection":[{"href":"https:\/\/www.deberes.net\/tesis\/wp-json\/wp\/v2\/posts"}],"about":[{"href":"https:\/\/www.deberes.net\/tesis\/wp-json\/wp\/v2\/types\/post"}],"author":[{"embeddable":true,"href":"https:\/\/www.deberes.net\/tesis\/wp-json\/wp\/v2\/users\/1"}],"replies":[{"embeddable":true,"href":"https:\/\/www.deberes.net\/tesis\/wp-json\/wp\/v2\/comments?post=63080"}],"version-history":[{"count":0,"href":"https:\/\/www.deberes.net\/tesis\/wp-json\/wp\/v2\/posts\/63080\/revisions"}],"wp:attachment":[{"href":"https:\/\/www.deberes.net\/tesis\/wp-json\/wp\/v2\/media?parent=63080"}],"wp:term":[{"taxonomy":"category","embeddable":true,"href":"https:\/\/www.deberes.net\/tesis\/wp-json\/wp\/v2\/categories?post=63080"},{"taxonomy":"post_tag","embeddable":true,"href":"https:\/\/www.deberes.net\/tesis\/wp-json\/wp\/v2\/tags?post=63080"}],"curies":[{"name":"wp","href":"https:\/\/api.w.org\/{rel}","templated":true}]}}