{"id":63118,"date":"2018-03-09T22:51:02","date_gmt":"2018-03-09T22:51:02","guid":{"rendered":"https:\/\/www.deberes.net\/tesis\/sin-categoria\/el-impacto-de-los-costes-medioambientales-en-la-cadena-del-porcino-el-caso-de-catalunya\/"},"modified":"2018-03-09T22:51:02","modified_gmt":"2018-03-09T22:51:02","slug":"el-impacto-de-los-costes-medioambientales-en-la-cadena-del-porcino-el-caso-de-catalunya","status":"publish","type":"post","link":"https:\/\/www.deberes.net\/tesis\/sector-de-agricultura-silvicultura-ganaderia-y-pesca\/el-impacto-de-los-costes-medioambientales-en-la-cadena-del-porcino-el-caso-de-catalunya\/","title":{"rendered":"El impacto de los costes medioambientales en la cadena del porcino. el caso de catalunya"},"content":{"rendered":"<h2>Tesis doctoral de <strong> Mar\u00eda Vict\u00f3ria Soldevila Lafon <\/strong><\/h2>\n<p>El porcino en catalu\u00f1a ha supuesto una alternativa de diversificaci\u00f3n de las rentas de muchas explotaciones agrarias. El aumento de los censos y la producci\u00f3n c\u00e1rnica ha convertido al porcino en el principal sector agroalimentario de cataluna y un importante sector exportador. Sin embargo, la concentraci\u00f3n de la producci\u00f3n y el aumento de la dimensi\u00f3n media de las explotaciones porcinas ha desembocado en un grave problema medioambiental. La tesis analiza el impacto de la regulaci\u00f3n medioambiental sobre las explotaciones porcinas y en la fili\u00e9re porcina catalana. El an\u00e1lisis de la fili\u00e9re permite observar los cambios en las relaciones de poder de la fili\u00e9re, as\u00ed como la creciente segmentaci\u00f3n de los mercados finales de la carne de cerdo y elaborados porcinos. Estos cambios han incidido sobre las explotaciones porcinas que han tenido que hacer frente a los nuevos requerimientos de la fili\u00e9re. Pero las normativas medioambientales est\u00e1n suponiendo un nuevo reto para las explotaciones porcinas catalanas, que se han visto obligadas a establecer unas nuevas relaciones con las explotaciones agr\u00edcolas para dar salida a los purines. Por otra parte, tambi\u00e9n han tenido que hacer frente al incremento de costes derivados de dichas normativas. Todo ello ha redundado en crecientes tensiones en la fili\u00e9re porcina catalana.<\/p>\n<p>&nbsp;<\/p>\n<h3>Datos acad\u00e9micos de la tesis doctoral \u00ab<strong>El impacto de los costes medioambientales en la cadena del porcino. el caso de catalunya<\/strong>\u00ab<\/h3>\n<ul>\n<li><strong>T\u00edtulo de la tesis:<\/strong>\u00a0 El impacto de los costes medioambientales en la cadena del porcino. el caso de catalunya <\/li>\n<li><strong>Autor:<\/strong>\u00a0 Mar\u00eda Vict\u00f3ria Soldevila Lafon <\/li>\n<li><strong>Universidad:<\/strong>\u00a0 Barcelona<\/li>\n<li><strong>Fecha de lectura de la tesis:<\/strong>\u00a0 25\/02\/2008<\/li>\n<\/ul>\n<p>&nbsp;<\/p>\n<h3>Direcci\u00f3n y tribunal<\/h3>\n<ul>\n<li><strong>Director de la tesis<\/strong>\n<ul>\n<li>Lourdes Viladomiu Canela<\/li>\n<\/ul>\n<\/li>\n<li><strong>Tribunal<\/strong>\n<ul>\n<li>Presidente del tribunal: mirem Etxezarreta zubizarreta <\/li>\n<li>pedro Segura (vocal)<\/li>\n<li>ferr\u00e1n Ma\u00f1\u00e9 (vocal)<\/li>\n<li>jordi Rosell (vocal)<\/li>\n<\/ul>\n<\/li>\n<\/ul>\n<p>&nbsp;<\/p>\n","protected":false},"excerpt":{"rendered":"<p>Tesis doctoral de Mar\u00eda Vict\u00f3ria Soldevila Lafon El porcino en catalu\u00f1a ha supuesto una alternativa de diversificaci\u00f3n de las rentas [&hellip;]<\/p>\n","protected":false},"author":1,"featured_media":0,"comment_status":"open","ping_status":"open","sticky":false,"template":"","format":"standard","meta":{"site-sidebar-layout":"default","site-content-layout":"","ast-site-content-layout":"","site-content-style":"default","site-sidebar-style":"default","ast-global-header-display":"","ast-banner-title-visibility":"","ast-main-header-display":"","ast-hfb-above-header-display":"","ast-hfb-below-header-display":"","ast-hfb-mobile-header-display":"","site-post-title":"","ast-breadcrumbs-content":"","ast-featured-img":"","footer-sml-layout":"","theme-transparent-header-meta":"","adv-header-id-meta":"","stick-header-meta":"","header-above-stick-meta":"","header-main-stick-meta":"","header-below-stick-meta":"","astra-migrate-meta-layouts":"default","ast-page-background-enabled":"default","ast-page-background-meta":{"desktop":{"background-color":"var(--ast-global-color-4)","background-image":"","background-repeat":"repeat","background-position":"center center","background-size":"auto","background-attachment":"scroll","background-type":"","background-media":"","overlay-type":"","overlay-color":"","overlay-gradient":""},"tablet":{"background-color":"","background-image":"","background-repeat":"repeat","background-position":"center center","background-size":"auto","background-attachment":"scroll","background-type":"","background-media":"","overlay-type":"","overlay-color":"","overlay-gradient":""},"mobile":{"background-color":"","background-image":"","background-repeat":"repeat","background-position":"center center","background-size":"auto","background-attachment":"scroll","background-type":"","background-media":"","overlay-type":"","overlay-color":"","overlay-gradient":""}},"ast-content-background-meta":{"desktop":{"background-color":"var(--ast-global-color-5)","background-image":"","background-repeat":"repeat","background-position":"center center","background-size":"auto","background-attachment":"scroll","background-type":"","background-media":"","overlay-type":"","overlay-color":"","overlay-gradient":""},"tablet":{"background-color":"var(--ast-global-color-5)","background-image":"","background-repeat":"repeat","background-position":"center center","background-size":"auto","background-attachment":"scroll","background-type":"","background-media":"","overlay-type":"","overlay-color":"","overlay-gradient":""},"mobile":{"background-color":"var(--ast-global-color-5)","background-image":"","background-repeat":"repeat","background-position":"center center","background-size":"auto","background-attachment":"scroll","background-type":"","background-media":"","overlay-type":"","overlay-color":"","overlay-gradient":""}},"footnotes":""},"categories":[951,935],"tags":[139377,57965,19684,139375,19683,139376],"class_list":["post-63118","post","type-post","status-publish","format-standard","hentry","category-barcelona","category-sector-de-agricultura-silvicultura-ganaderia-y-pesca","tag-ferran-mane","tag-jordi-rosell","tag-lourdes-viladomiu-canela","tag-maria-victaria-soldevila-lafon","tag-mirem-etxezarreta-zubizarreta","tag-pedro-segura"],"_links":{"self":[{"href":"https:\/\/www.deberes.net\/tesis\/wp-json\/wp\/v2\/posts\/63118","targetHints":{"allow":["GET"]}}],"collection":[{"href":"https:\/\/www.deberes.net\/tesis\/wp-json\/wp\/v2\/posts"}],"about":[{"href":"https:\/\/www.deberes.net\/tesis\/wp-json\/wp\/v2\/types\/post"}],"author":[{"embeddable":true,"href":"https:\/\/www.deberes.net\/tesis\/wp-json\/wp\/v2\/users\/1"}],"replies":[{"embeddable":true,"href":"https:\/\/www.deberes.net\/tesis\/wp-json\/wp\/v2\/comments?post=63118"}],"version-history":[{"count":0,"href":"https:\/\/www.deberes.net\/tesis\/wp-json\/wp\/v2\/posts\/63118\/revisions"}],"wp:attachment":[{"href":"https:\/\/www.deberes.net\/tesis\/wp-json\/wp\/v2\/media?parent=63118"}],"wp:term":[{"taxonomy":"category","embeddable":true,"href":"https:\/\/www.deberes.net\/tesis\/wp-json\/wp\/v2\/categories?post=63118"},{"taxonomy":"post_tag","embeddable":true,"href":"https:\/\/www.deberes.net\/tesis\/wp-json\/wp\/v2\/tags?post=63118"}],"curies":[{"name":"wp","href":"https:\/\/api.w.org\/{rel}","templated":true}]}}