{"id":63176,"date":"2018-03-09T22:51:06","date_gmt":"2018-03-09T22:51:06","guid":{"rendered":"https:\/\/www.deberes.net\/tesis\/sin-categoria\/demografa%c2%ada-economa%c2%ada-sociedad-y-pola%c2%adtica-en-un-espacio-fronterizo-el-distrito-de-portalegre\/"},"modified":"2018-03-09T22:51:06","modified_gmt":"2018-03-09T22:51:06","slug":"demografa%c2%ada-economa%c2%ada-sociedad-y-pola%c2%adtica-en-un-espacio-fronterizo-el-distrito-de-portalegre","status":"publish","type":"post","link":"https:\/\/www.deberes.net\/tesis\/economia-del-area-europea\/demografa%c2%ada-economa%c2%ada-sociedad-y-pola%c2%adtica-en-un-espacio-fronterizo-el-distrito-de-portalegre\/","title":{"rendered":"Demograf\u00eda, econom\u00eda, sociedad y pol\u00edtica en un espacio fronterizo: el distrito de portalegre"},"content":{"rendered":"<h2>Tesis doctoral de <strong> Arlindo Sena Pestana Da Silva Freitas <\/strong><\/h2>\n<p>La presente tesis se organiza en dos partes fundamentales: la primera tiene como objeto o estudio la vida pol\u00edtica, econ\u00f3mica social y cultural de un conjunto de poblaciones situadas en el distrito de portalegre. la segunda se centra en el estado de vida cotidiano de la vida portuguesa, centrada esa reflexi\u00f3n como un espacio marginal en una \u00e9poca de paz situada entre 1850-1930.<\/p>\n<p>&nbsp;<\/p>\n<h3>Datos acad\u00e9micos de la tesis doctoral \u00ab<strong>Demograf\u00eda, econom\u00eda, sociedad y pol\u00edtica en un espacio fronterizo: el distrito de portalegre<\/strong>\u00ab<\/h3>\n<ul>\n<li><strong>T\u00edtulo de la tesis:<\/strong>\u00a0 Demograf\u00eda, econom\u00eda, sociedad y pol\u00edtica en un espacio fronterizo: el distrito de portalegre <\/li>\n<li><strong>Autor:<\/strong>\u00a0 Arlindo Sena Pestana Da Silva Freitas <\/li>\n<li><strong>Universidad:<\/strong>\u00a0 Extremadura<\/li>\n<li><strong>Fecha de lectura de la tesis:<\/strong>\u00a0 28\/02\/2008<\/li>\n<\/ul>\n<p>&nbsp;<\/p>\n<h3>Direcci\u00f3n y tribunal<\/h3>\n<ul>\n<li><strong>Director de la tesis<\/strong>\n<ul>\n<li>Juan Garc\u00eda P\u00e9rez<\/li>\n<\/ul>\n<\/li>\n<li><strong>Tribunal<\/strong>\n<ul>\n<li>Presidente del tribunal: germ\u00e1n Rueda hernanz <\/li>\n<li>Fernando S\u00e1nchez marroyo (vocal)<\/li>\n<li>Juli\u00e1n Chaves palacios (vocal)<\/li>\n<li>Antonio Pires ventura (vocal)<\/li>\n<\/ul>\n<\/li>\n<\/ul>\n<p>&nbsp;<\/p>\n","protected":false},"excerpt":{"rendered":"<p>Tesis doctoral de Arlindo Sena Pestana Da Silva Freitas La presente tesis se organiza en dos partes fundamentales: la primera [&hellip;]<\/p>\n","protected":false},"author":1,"featured_media":0,"comment_status":"open","ping_status":"open","sticky":false,"template":"","format":"standard","meta":{"site-sidebar-layout":"default","site-content-layout":"","ast-site-content-layout":"","site-content-style":"default","site-sidebar-style":"default","ast-global-header-display":"","ast-banner-title-visibility":"","ast-main-header-display":"","ast-hfb-above-header-display":"","ast-hfb-below-header-display":"","ast-hfb-mobile-header-display":"","site-post-title":"","ast-breadcrumbs-content":"","ast-featured-img":"","footer-sml-layout":"","theme-transparent-header-meta":"","adv-header-id-meta":"","stick-header-meta":"","header-above-stick-meta":"","header-main-stick-meta":"","header-below-stick-meta":"","astra-migrate-meta-layouts":"default","ast-page-background-enabled":"default","ast-page-background-meta":{"desktop":{"background-color":"var(--ast-global-color-4)","background-image":"","background-repeat":"repeat","background-position":"center center","background-size":"auto","background-attachment":"scroll","background-type":"","background-media":"","overlay-type":"","overlay-color":"","overlay-gradient":""},"tablet":{"background-color":"","background-image":"","background-repeat":"repeat","background-position":"center center","background-size":"auto","background-attachment":"scroll","background-type":"","background-media":"","overlay-type":"","overlay-color":"","overlay-gradient":""},"mobile":{"background-color":"","background-image":"","background-repeat":"repeat","background-position":"center center","background-size":"auto","background-attachment":"scroll","background-type":"","background-media":"","overlay-type":"","overlay-color":"","overlay-gradient":""}},"ast-content-background-meta":{"desktop":{"background-color":"var(--ast-global-color-5)","background-image":"","background-repeat":"repeat","background-position":"center center","background-size":"auto","background-attachment":"scroll","background-type":"","background-media":"","overlay-type":"","overlay-color":"","overlay-gradient":""},"tablet":{"background-color":"var(--ast-global-color-5)","background-image":"","background-repeat":"repeat","background-position":"center center","background-size":"auto","background-attachment":"scroll","background-type":"","background-media":"","overlay-type":"","overlay-color":"","overlay-gradient":""},"mobile":{"background-color":"var(--ast-global-color-5)","background-image":"","background-repeat":"repeat","background-position":"center center","background-size":"auto","background-attachment":"scroll","background-type":"","background-media":"","overlay-type":"","overlay-color":"","overlay-gradient":""}},"footnotes":""},"categories":[2218,83,949],"tags":[139491,139490,36792,26301,23356,38464],"class_list":["post-63176","post","type-post","status-publish","format-standard","hentry","category-demografia-historica","category-economia-del-area-europea","category-extremadura","tag-antonio-pires-ventura","tag-arlindo-sena-pestana-da-silva-freitas","tag-fernando-sanchez-marroyo","tag-german-rueda-hernanz","tag-juan-garcia-perez","tag-julian-chaves-palacios"],"_links":{"self":[{"href":"https:\/\/www.deberes.net\/tesis\/wp-json\/wp\/v2\/posts\/63176","targetHints":{"allow":["GET"]}}],"collection":[{"href":"https:\/\/www.deberes.net\/tesis\/wp-json\/wp\/v2\/posts"}],"about":[{"href":"https:\/\/www.deberes.net\/tesis\/wp-json\/wp\/v2\/types\/post"}],"author":[{"embeddable":true,"href":"https:\/\/www.deberes.net\/tesis\/wp-json\/wp\/v2\/users\/1"}],"replies":[{"embeddable":true,"href":"https:\/\/www.deberes.net\/tesis\/wp-json\/wp\/v2\/comments?post=63176"}],"version-history":[{"count":0,"href":"https:\/\/www.deberes.net\/tesis\/wp-json\/wp\/v2\/posts\/63176\/revisions"}],"wp:attachment":[{"href":"https:\/\/www.deberes.net\/tesis\/wp-json\/wp\/v2\/media?parent=63176"}],"wp:term":[{"taxonomy":"category","embeddable":true,"href":"https:\/\/www.deberes.net\/tesis\/wp-json\/wp\/v2\/categories?post=63176"},{"taxonomy":"post_tag","embeddable":true,"href":"https:\/\/www.deberes.net\/tesis\/wp-json\/wp\/v2\/tags?post=63176"}],"curies":[{"name":"wp","href":"https:\/\/api.w.org\/{rel}","templated":true}]}}