{"id":63198,"date":"2018-03-09T22:51:06","date_gmt":"2018-03-09T22:51:06","guid":{"rendered":"https:\/\/www.deberes.net\/tesis\/sin-categoria\/los-servicios-y-las-tecnologias-de-la-informacion-y-las-comunicaciones-aproximacion-desde-una-perspectiva-multidimensional-de-la-innovacion\/"},"modified":"2018-03-09T22:51:06","modified_gmt":"2018-03-09T22:51:06","slug":"los-servicios-y-las-tecnologias-de-la-informacion-y-las-comunicaciones-aproximacion-desde-una-perspectiva-multidimensional-de-la-innovacion","status":"publish","type":"post","link":"https:\/\/www.deberes.net\/tesis\/innovacion-tecnologica\/los-servicios-y-las-tecnologias-de-la-informacion-y-las-comunicaciones-aproximacion-desde-una-perspectiva-multidimensional-de-la-innovacion\/","title":{"rendered":"Los servicios y las tecnolog\u00edas de la informacion y las comunicaciones: aproximacion desde una perspectiva multidimensional de la innovacion"},"content":{"rendered":"<h2>Tesis doctoral de <strong> David Gago Salda\u00f1a <\/strong><\/h2>\n<p>El crecimiento paralelo de las tecnolog\u00edas de la informaci\u00f3n y las telecomunicaciones (tic) y el sector servicios es uno de los hechos estilizados de las econom\u00edas desarrolladas. El desarrollo de las tic hace hablar de un nuevo paradigma tecno-econ\u00f3mico que supone una revoluci\u00f3n equivalente a la industrial en el siglo xix. la naturaleza polifac\u00e9tica de las tic y su capacidad para general co-invenciones y activos complementarios tienen especial relevancia en el \u00e1mbito de los servicios. La tesis muestra aproximaciones nuevas desde el punto de vista conceptual de la relaci\u00f3n entre tic y servicios y del impacto de las primeras en las principales caracter\u00edsticas de provisi\u00f3n y funcionamiento de las segundas, especialmente, en el \u00e1mbito de las econom\u00edas de escala (tanto internas como externas) y en la productividad de las actividades terciarias. desde el punto de vista emp\u00edrico, la tesis atesora un buen n\u00famero de aproximaciones cuantitativas novedosas, desde an\u00e1lisis de corte macroeconom\u00e9trico con la construcci\u00f3n de modelos probit ordenados a la estimaci\u00f3n de funciones de producci\u00f3n donde la tecnolog\u00eda juega un papel expl\u00edcito pasando por modelos de econom\u00edas de escala, donde se distinguen entre econom\u00eda internas y externas. los datos manejados para la contrastaci\u00f3n son de fuentes diversas. Desde los m\u00e1s agregados por sectores, siendo la base de datos eu klems la principal herramienta, hasta datos m\u00e1s microecon\u00f3micos, como la encuesta cis iii y especialmente, con una encuesta desarrollada ad hoc para el caso de la comunidad de Madrid. los principales resultados apuntan al importante papel de las tic como fuente de innovaci\u00f3n en el sector servicios y no s\u00f3lo en aspectos relativos al coste o estrechamente vinculados a las cuestiones de productividad sino tambi\u00e9n otros elementos menos estudiados hasta ahora como la calidad, la expansi\u00f3n de los mercados, la generaci\u00f3n de empleo o los cambios generados en su cualificaci\u00f3n. La innovaci\u00f3n de tipo organizado es uno de los resultados m\u00e1s sobresalientes as\u00ed como las caracter\u00edsticas de encapsulamiento de la innovaci\u00f3n en servicios. por otra parte, la tesis muestra ciertas idiosincrasias en la innovaci\u00f3n en servicios y la importancia clave de la interacci\u00f3n entre clientes y proveedores y de los primeros como agentes de innovaci\u00f3n de tal manera que les tic no s\u00f3lo son fuente de innovaci\u00f3n principal sino que facilitan, en la medida en que proporcionan activos complementarios, otros tipos de innovaci\u00f3n y en otros sectores, destacando el car\u00e1cter multidimensional del fen\u00f3meno.<\/p>\n<p>&nbsp;<\/p>\n<h3>Datos acad\u00e9micos de la tesis doctoral \u00ab<strong>Los servicios y las tecnolog\u00edas de la informacion y las comunicaciones: aproximacion desde una perspectiva multidimensional de la innovacion<\/strong>\u00ab<\/h3>\n<ul>\n<li><strong>T\u00edtulo de la tesis:<\/strong>\u00a0 Los servicios y las tecnolog\u00edas de la informacion y las comunicaciones: aproximacion desde una perspectiva multidimensional de la innovacion <\/li>\n<li><strong>Autor:<\/strong>\u00a0 David Gago Salda\u00f1a <\/li>\n<li><strong>Universidad:<\/strong>\u00a0 Alcal\u00e1<\/li>\n<li><strong>Fecha de lectura de la tesis:<\/strong>\u00a0 29\/02\/2008<\/li>\n<\/ul>\n<p>&nbsp;<\/p>\n<h3>Direcci\u00f3n y tribunal<\/h3>\n<ul>\n<li><strong>Director de la tesis<\/strong>\n<ul>\n<li>Luis Rubalcaba Bermejo<\/li>\n<\/ul>\n<\/li>\n<li><strong>Tribunal<\/strong>\n<ul>\n<li>Presidente del tribunal: Juan  ramon Cuadrado roura <\/li>\n<li>marcela Miozzo (vocal)<\/li>\n<li>xavier Vence deza (vocal)<\/li>\n<li>Jos\u00e9 Antonio Camacho ballesta (vocal)<\/li>\n<\/ul>\n<\/li>\n<\/ul>\n<p>&nbsp;<\/p>\n","protected":false},"excerpt":{"rendered":"<p>Tesis doctoral de David Gago Salda\u00f1a El crecimiento paralelo de las tecnolog\u00edas de la informaci\u00f3n y las telecomunicaciones (tic) y [&hellip;]<\/p>\n","protected":false},"author":1,"featured_media":0,"comment_status":"open","ping_status":"open","sticky":false,"template":"","format":"standard","meta":{"site-sidebar-layout":"default","site-content-layout":"","ast-site-content-layout":"","site-content-style":"default","site-sidebar-style":"default","ast-global-header-display":"","ast-banner-title-visibility":"","ast-main-header-display":"","ast-hfb-above-header-display":"","ast-hfb-below-header-display":"","ast-hfb-mobile-header-display":"","site-post-title":"","ast-breadcrumbs-content":"","ast-featured-img":"","footer-sml-layout":"","theme-transparent-header-meta":"","adv-header-id-meta":"","stick-header-meta":"","header-above-stick-meta":"","header-main-stick-meta":"","header-below-stick-meta":"","astra-migrate-meta-layouts":"default","ast-page-background-enabled":"default","ast-page-background-meta":{"desktop":{"background-color":"var(--ast-global-color-4)","background-image":"","background-repeat":"repeat","background-position":"center center","background-size":"auto","background-attachment":"scroll","background-type":"","background-media":"","overlay-type":"","overlay-color":"","overlay-gradient":""},"tablet":{"background-color":"","background-image":"","background-repeat":"repeat","background-position":"center center","background-size":"auto","background-attachment":"scroll","background-type":"","background-media":"","overlay-type":"","overlay-color":"","overlay-gradient":""},"mobile":{"background-color":"","background-image":"","background-repeat":"repeat","background-position":"center center","background-size":"auto","background-attachment":"scroll","background-type":"","background-media":"","overlay-type":"","overlay-color":"","overlay-gradient":""}},"ast-content-background-meta":{"desktop":{"background-color":"var(--ast-global-color-5)","background-image":"","background-repeat":"repeat","background-position":"center center","background-size":"auto","background-attachment":"scroll","background-type":"","background-media":"","overlay-type":"","overlay-color":"","overlay-gradient":""},"tablet":{"background-color":"var(--ast-global-color-5)","background-image":"","background-repeat":"repeat","background-position":"center center","background-size":"auto","background-attachment":"scroll","background-type":"","background-media":"","overlay-type":"","overlay-color":"","overlay-gradient":""},"mobile":{"background-color":"var(--ast-global-color-5)","background-image":"","background-repeat":"repeat","background-position":"center center","background-size":"auto","background-attachment":"scroll","background-type":"","background-media":"","overlay-type":"","overlay-color":"","overlay-gradient":""}},"footnotes":""},"categories":[17426,13009,991,20807],"tags":[139527,44194,11760,56213,135446,53806],"class_list":["post-63198","post","type-post","status-publish","format-standard","hentry","category-alcala","category-estructura-de-mercado","category-innovacion-tecnologica","category-sector-de-investigacion-y-desarrollo","tag-david-gago-saldana","tag-jose-antonio-camacho-ballesta","tag-juan-ramon-cuadrado-roura","tag-luis-rubalcaba-bermejo","tag-marcela-miozzo","tag-xavier-vence-deza"],"_links":{"self":[{"href":"https:\/\/www.deberes.net\/tesis\/wp-json\/wp\/v2\/posts\/63198","targetHints":{"allow":["GET"]}}],"collection":[{"href":"https:\/\/www.deberes.net\/tesis\/wp-json\/wp\/v2\/posts"}],"about":[{"href":"https:\/\/www.deberes.net\/tesis\/wp-json\/wp\/v2\/types\/post"}],"author":[{"embeddable":true,"href":"https:\/\/www.deberes.net\/tesis\/wp-json\/wp\/v2\/users\/1"}],"replies":[{"embeddable":true,"href":"https:\/\/www.deberes.net\/tesis\/wp-json\/wp\/v2\/comments?post=63198"}],"version-history":[{"count":0,"href":"https:\/\/www.deberes.net\/tesis\/wp-json\/wp\/v2\/posts\/63198\/revisions"}],"wp:attachment":[{"href":"https:\/\/www.deberes.net\/tesis\/wp-json\/wp\/v2\/media?parent=63198"}],"wp:term":[{"taxonomy":"category","embeddable":true,"href":"https:\/\/www.deberes.net\/tesis\/wp-json\/wp\/v2\/categories?post=63198"},{"taxonomy":"post_tag","embeddable":true,"href":"https:\/\/www.deberes.net\/tesis\/wp-json\/wp\/v2\/tags?post=63198"}],"curies":[{"name":"wp","href":"https:\/\/api.w.org\/{rel}","templated":true}]}}