{"id":63204,"date":"2018-03-09T22:51:10","date_gmt":"2018-03-09T22:51:10","guid":{"rendered":"https:\/\/www.deberes.net\/tesis\/sin-categoria\/caracterizacion-del-comportamiento-sismico-de-edificios-de-hormigon-armado-mediante-la-respuesta-no-lineal\/"},"modified":"2018-03-09T22:51:10","modified_gmt":"2018-03-09T22:51:10","slug":"caracterizacion-del-comportamiento-sismico-de-edificios-de-hormigon-armado-mediante-la-respuesta-no-lineal","status":"publish","type":"post","link":"https:\/\/www.deberes.net\/tesis\/geoquimica\/caracterizacion-del-comportamiento-sismico-de-edificios-de-hormigon-armado-mediante-la-respuesta-no-lineal\/","title":{"rendered":"Caracterizacion del comportamiento sismico de edificios de hormigon armado mediante la respuesta no lineal"},"content":{"rendered":"<h2>Tesis doctoral de <strong> Juan  Carlos Vielma Perez <\/strong><\/h2>\n<p>La contaminaci\u00f3n atmosf\u00e9rica por material particulado (pm) tiene efectos adversos sobre la salud, el clima y los ecosistemas. La concentraci\u00f3n en masa y n\u00famero, el tama\u00f1o y la composici\u00f3n qu\u00edmica son aspectos clave, pese a que la legislaci\u00f3n actual solamente se centra en la medida de la masa. La cuenca mediterr\u00e1nea ha sido escenario de numerosos estudios que, sin embargo, no han cubierto algunos aspectos, que conforman los objetivos de esta memoria: interpretar la variabilidad de niveles de pm; cuantificar y caracterizar los aportes urbanos; identificar las principales fuentes de pm; interpretar la variabilidad de n\u00famero (n) y distribuci\u00f3n granulom\u00e9trica de aerosoles sub-microm\u00e9tricos. Se seleccionaron tres emplazamientos con distinto grado de influencia antr\u00f3pica en la cuenca mediterr\u00e1nea occidental: estaci\u00f3n de fondo regional (fr) y de fondo urbano (fu) en catalu\u00f1a, y estaci\u00f3n suburbana (fsu) en baleares. Se midieron los niveles de pm y se tomaron varias muestras semanales de pm10 y pm2.5, que fueron analizadas qu\u00edmicamente. Se realiz\u00f3 el an\u00e1lisis de contribuci\u00f3n de fuentes. En el fu se determin\u00f3 la concentraci\u00f3n de n en diferentes fracciones granulom\u00e9tricas. Los niveles medios de pm incrementan desde el fr hasta el fu, con niveles intermedios en el fsu. Se observa una tendencia decreciente en los niveles de pm registrados en el fr, atribuida a causas meteorol\u00f3gicas y antr\u00f3picas (reducci\u00f3n de emisiones industriales a escala regional). Se constata la tendencia opuesta en el fu, relacionada con el aumento y dieselizaci\u00f3n del parque de veh\u00edculos. La variabilidad de niveles de pm en el fr y fsu es similar, lo cual confirma la importancia de la meteorolog\u00eda en su control. Los niveles m\u00ednimos se registran en oto\u00f1o-invierno coincidiendo con la mayor renovaci\u00f3n de las masas de aire y mayores precipitaciones; mientras que los m\u00e1ximos ocurren en verano dada la menor renovaci\u00f3n de las masas de aire, la mayor frecuencia de episodios african<\/p>\n<p>&nbsp;<\/p>\n<h3>Datos acad\u00e9micos de la tesis doctoral \u00ab<strong>Caracterizacion del comportamiento sismico de edificios de hormigon armado mediante la respuesta no lineal<\/strong>\u00ab<\/h3>\n<ul>\n<li><strong>T\u00edtulo de la tesis:<\/strong>\u00a0 Caracterizacion del comportamiento sismico de edificios de hormigon armado mediante la respuesta no lineal <\/li>\n<li><strong>Autor:<\/strong>\u00a0 Juan  Carlos Vielma Perez <\/li>\n<li><strong>Universidad:<\/strong>\u00a0 Polit\u00e9cnica de catalunya<\/li>\n<li><strong>Fecha de lectura de la tesis:<\/strong>\u00a0 29\/02\/2008<\/li>\n<\/ul>\n<p>&nbsp;<\/p>\n<h3>Direcci\u00f3n y tribunal<\/h3>\n<ul>\n<li><strong>Director de la tesis<\/strong>\n<ul>\n<li>Horia Alejandro Barbat Barbat<\/li>\n<\/ul>\n<\/li>\n<li><strong>Tribunal<\/strong>\n<ul>\n<li>Presidente del tribunal: hugo Corres peiretti <\/li>\n<li>julio Lopez florez (vocal)<\/li>\n<li>Francisco L\u00f3pez almansa (vocal)<\/li>\n<li>Jes\u00fas Miguel Bairan garcia (vocal)<\/li>\n<\/ul>\n<\/li>\n<\/ul>\n<p>&nbsp;<\/p>\n","protected":false},"excerpt":{"rendered":"<p>Tesis doctoral de Juan Carlos Vielma Perez La contaminaci\u00f3n atmosf\u00e9rica por material particulado (pm) tiene efectos adversos sobre la salud, [&hellip;]<\/p>\n","protected":false},"author":1,"featured_media":0,"comment_status":"open","ping_status":"open","sticky":false,"template":"","format":"standard","meta":{"site-sidebar-layout":"default","site-content-layout":"","ast-site-content-layout":"","site-content-style":"default","site-sidebar-style":"default","ast-global-header-display":"","ast-banner-title-visibility":"","ast-main-header-display":"","ast-hfb-above-header-display":"","ast-hfb-below-header-display":"","ast-hfb-mobile-header-display":"","site-post-title":"","ast-breadcrumbs-content":"","ast-featured-img":"","footer-sml-layout":"","theme-transparent-header-meta":"","adv-header-id-meta":"","stick-header-meta":"","header-above-stick-meta":"","header-main-stick-meta":"","header-below-stick-meta":"","astra-migrate-meta-layouts":"default","ast-page-background-enabled":"default","ast-page-background-meta":{"desktop":{"background-color":"var(--ast-global-color-4)","background-image":"","background-repeat":"repeat","background-position":"center center","background-size":"auto","background-attachment":"scroll","background-type":"","background-media":"","overlay-type":"","overlay-color":"","overlay-gradient":""},"tablet":{"background-color":"","background-image":"","background-repeat":"repeat","background-position":"center center","background-size":"auto","background-attachment":"scroll","background-type":"","background-media":"","overlay-type":"","overlay-color":"","overlay-gradient":""},"mobile":{"background-color":"","background-image":"","background-repeat":"repeat","background-position":"center center","background-size":"auto","background-attachment":"scroll","background-type":"","background-media":"","overlay-type":"","overlay-color":"","overlay-gradient":""}},"ast-content-background-meta":{"desktop":{"background-color":"var(--ast-global-color-5)","background-image":"","background-repeat":"repeat","background-position":"center center","background-size":"auto","background-attachment":"scroll","background-type":"","background-media":"","overlay-type":"","overlay-color":"","overlay-gradient":""},"tablet":{"background-color":"var(--ast-global-color-5)","background-image":"","background-repeat":"repeat","background-position":"center center","background-size":"auto","background-attachment":"scroll","background-type":"","background-media":"","overlay-type":"","overlay-color":"","overlay-gradient":""},"mobile":{"background-color":"var(--ast-global-color-5)","background-image":"","background-repeat":"repeat","background-position":"center center","background-size":"auto","background-attachment":"scroll","background-type":"","background-media":"","overlay-type":"","overlay-color":"","overlay-gradient":""}},"footnotes":""},"categories":[4520,11675,3831,15596,10496],"tags":[46312,46809,38358,139542,139540,139541],"class_list":["post-63204","post","type-post","status-publish","format-standard","hentry","category-contaminacion-atmosferica","category-control-de-la-contaminacion-atmosferica","category-geoquimica","category-politecnica-de-catalunya","category-quimica-atmosferica","tag-francisco-lopez-almansa","tag-horia-alejandro-barbat-barbat","tag-hugo-corres-peiretti","tag-jesus-miguel-bairan-garcia","tag-juan-carlos-vielma-perez","tag-julio-lopez-florez"],"_links":{"self":[{"href":"https:\/\/www.deberes.net\/tesis\/wp-json\/wp\/v2\/posts\/63204","targetHints":{"allow":["GET"]}}],"collection":[{"href":"https:\/\/www.deberes.net\/tesis\/wp-json\/wp\/v2\/posts"}],"about":[{"href":"https:\/\/www.deberes.net\/tesis\/wp-json\/wp\/v2\/types\/post"}],"author":[{"embeddable":true,"href":"https:\/\/www.deberes.net\/tesis\/wp-json\/wp\/v2\/users\/1"}],"replies":[{"embeddable":true,"href":"https:\/\/www.deberes.net\/tesis\/wp-json\/wp\/v2\/comments?post=63204"}],"version-history":[{"count":0,"href":"https:\/\/www.deberes.net\/tesis\/wp-json\/wp\/v2\/posts\/63204\/revisions"}],"wp:attachment":[{"href":"https:\/\/www.deberes.net\/tesis\/wp-json\/wp\/v2\/media?parent=63204"}],"wp:term":[{"taxonomy":"category","embeddable":true,"href":"https:\/\/www.deberes.net\/tesis\/wp-json\/wp\/v2\/categories?post=63204"},{"taxonomy":"post_tag","embeddable":true,"href":"https:\/\/www.deberes.net\/tesis\/wp-json\/wp\/v2\/tags?post=63204"}],"curies":[{"name":"wp","href":"https:\/\/api.w.org\/{rel}","templated":true}]}}