{"id":63210,"date":"2018-03-09T22:51:10","date_gmt":"2018-03-09T22:51:10","guid":{"rendered":"https:\/\/www.deberes.net\/tesis\/sin-categoria\/el-modelo-socioeconomico-de-gestion-de-los-recursos-ha%c2%addricos-en-la-comarca-de-la-marina-baja-alicante-un-enfoque-de-gestion-integrada-de-recursos-ha%c2%addricos\/"},"modified":"2018-03-09T22:51:10","modified_gmt":"2018-03-09T22:51:10","slug":"el-modelo-socioeconomico-de-gestion-de-los-recursos-ha%c2%addricos-en-la-comarca-de-la-marina-baja-alicante-un-enfoque-de-gestion-integrada-de-recursos-ha%c2%addricos","status":"publish","type":"post","link":"https:\/\/www.deberes.net\/tesis\/sector-de-agricultura-silvicultura-ganaderia-y-pesca\/el-modelo-socioeconomico-de-gestion-de-los-recursos-ha%c2%addricos-en-la-comarca-de-la-marina-baja-alicante-un-enfoque-de-gestion-integrada-de-recursos-ha%c2%addricos\/","title":{"rendered":"El modelo socioecon\u00f3mico de gesti\u00f3n de los recursos h\u00eddricos en la comarca de la marina baja (alicante), un enfoque de gesti\u00f3n integrada de recursos h\u00eddricos"},"content":{"rendered":"<h2>Tesis doctoral de <strong> M\u00aa Teresa Torregrosa Mart\u00ed <\/strong><\/h2>\n<p>Las tensiones fundamentales dentro de los dos usos principales del agua se centran en el garant\u00eda y calidad de los recursos. Tanto para el abastecimiento urbano como en el uso agr\u00edcola de los problemas m\u00e1s evidentes de los sistemas de abastecimiento de la poblaci\u00f3n est\u00e1n relacionados fundamentalmente, con la garant\u00eda de suministro de agua y la vulnerabilidad de los recursos y los sistemas a ellos asociados .La sequ\u00eda de principios de los a\u00f1os noventa ya evidenci\u00f3 estos problemas con cortes en el suministro urbano en varios millones de habitantes en el pa\u00eds, que pueden volver a repetirse dada las condiciones climatol\u00f3gicas por las que atraviesa nuestro pa\u00eds en los \u00faltimos a\u00f1os y el aumento progresivo del consumo. La presi\u00f3n a la que se ven sometidas las fuentes tradiciones de agua \u00c2\u00bf deterioro de los recursos subterr\u00e1neos por sobreexplotaci\u00f3n o salinizaci\u00f3n de los acu\u00edferos. Pueden comprometer la disponibilidad futura del recurso, en espa\u00f1a, la forma tradicional de enfrentarse  a la escasez de agua ha sido incrementar la oferta recurriendo a la construcci\u00f3n de infraestructuras, intensificando la extracci\u00f3n de los recursos subterr\u00e1neos o mediante t\u00e9cnicas no convencionales  como la desolaci\u00f3n, sin embargo, la concepci\u00f3n cl\u00e1sica de este tipo de pol\u00edticas se esta modificando en los \u00faltimos tiempos. Las presiones desde organismos internacionales y un cambio en la conciencia tanto de los ciudadanos como de los dirigentes, favorecen el desarrollo y la aplicaci\u00f3n de pol\u00edticas de agua m\u00e1s relacionales en t\u00e9rminos econ\u00f3micos y sobre todo, m\u00e1s sostenibles, basadas en la gesti\u00f3n integrada de la oferta y la demanda surgen as\u00ed nuevas soluciones para dar respuesta a las crecientes necesidades de suministro orientadas a equilibrar el balance entre recursos disponibles y demandas y solucionar con ellos los problemas asociados a la utilizaci\u00f3n excesiva de los recursos h\u00eddricos tales como contaminaci\u00f3n de las fuentes, salinizaci\u00f3n de los acu\u00edferos y la destrucci\u00f3n de ecosistemas acu\u00e1ticos, entre otros. Pero la conciencia de la escasez de un recurso b\u00e1sico como el agua requiere del conocimiento de su valor. Los primeros paradigmas econ\u00f3micos ya se\u00f1alaban la relevancia de este concepto. Las teor\u00edas del valor han sido ampliamente estudiadas desde los economistas cl\u00e1sicos. La econom\u00eda del medio ambiente  es una disciplina que est\u00e1 adquiriendo una creciente importancia por su desarrollo de t\u00e9cnicas de valoraci\u00f3n econ\u00f3mica y de determinaci\u00f3n de los valores monetarios de los bienes naturales y medioambientales que no tienen mercado. Bas\u00e1ndose para ello en las preferencias de los individuos y en la satisfacci\u00f3n que experimentan por el disfrute y conservaci\u00f3n del patrimonio natural. Ante el amplio consenso existente acerca de la consideraci\u00f3n del agua como un bien p\u00fablico que necesita de la intervenci\u00f3n de las administraciones para garantizar sus suministro en cantidad y calidad, y su distribuci\u00f3n, no queda igualmente claro la cuesti\u00f3n de qui\u00e9n debe financiar dichos compromisos.<\/p>\n<p>&nbsp;<\/p>\n<h3>Datos acad\u00e9micos de la tesis doctoral \u00ab<strong>El modelo socioecon\u00f3mico de gesti\u00f3n de los recursos h\u00eddricos en la comarca de la marina baja (alicante), un enfoque de gesti\u00f3n integrada de recursos h\u00eddricos<\/strong>\u00ab<\/h3>\n<ul>\n<li><strong>T\u00edtulo de la tesis:<\/strong>\u00a0 El modelo socioecon\u00f3mico de gesti\u00f3n de los recursos h\u00eddricos en la comarca de la marina baja (alicante), un enfoque de gesti\u00f3n integrada de recursos h\u00eddricos <\/li>\n<li><strong>Autor:<\/strong>\u00a0 M\u00aa Teresa Torregrosa Mart\u00ed <\/li>\n<li><strong>Universidad:<\/strong>\u00a0 Alicante<\/li>\n<li><strong>Fecha de lectura de la tesis:<\/strong>\u00a0 29\/02\/2008<\/li>\n<\/ul>\n<p>&nbsp;<\/p>\n<h3>Direcci\u00f3n y tribunal<\/h3>\n<ul>\n<li><strong>Director de la tesis<\/strong>\n<ul>\n<li>Joaquin Melgarejo Moreno<\/li>\n<\/ul>\n<\/li>\n<li><strong>Tribunal<\/strong>\n<ul>\n<li>Presidente del tribunal: andr\u00e9s Pedre\u00f1o mu\u00f1oz <\/li>\n<li>emerit Bono Martinez (vocal)<\/li>\n<li>daniel Prats rico (vocal)<\/li>\n<li>david Litteljohn (vocal)<\/li>\n<\/ul>\n<\/li>\n<\/ul>\n<p>&nbsp;<\/p>\n","protected":false},"excerpt":{"rendered":"<p>Tesis doctoral de M\u00aa Teresa Torregrosa Mart\u00ed Las tensiones fundamentales dentro de los dos usos principales del agua se centran [&hellip;]<\/p>\n","protected":false},"author":1,"featured_media":0,"comment_status":"open","ping_status":"open","sticky":false,"template":"","format":"standard","meta":{"site-sidebar-layout":"default","site-content-layout":"","ast-site-content-layout":"","site-content-style":"default","site-sidebar-style":"default","ast-global-header-display":"","ast-banner-title-visibility":"","ast-main-header-display":"","ast-hfb-above-header-display":"","ast-hfb-below-header-display":"","ast-hfb-mobile-header-display":"","site-post-title":"","ast-breadcrumbs-content":"","ast-featured-img":"","footer-sml-layout":"","theme-transparent-header-meta":"","adv-header-id-meta":"","stick-header-meta":"","header-above-stick-meta":"","header-main-stick-meta":"","header-below-stick-meta":"","astra-migrate-meta-layouts":"default","ast-page-background-enabled":"default","ast-page-background-meta":{"desktop":{"background-color":"var(--ast-global-color-4)","background-image":"","background-repeat":"repeat","background-position":"center center","background-size":"auto","background-attachment":"scroll","background-type":"","background-media":"","overlay-type":"","overlay-color":"","overlay-gradient":""},"tablet":{"background-color":"","background-image":"","background-repeat":"repeat","background-position":"center center","background-size":"auto","background-attachment":"scroll","background-type":"","background-media":"","overlay-type":"","overlay-color":"","overlay-gradient":""},"mobile":{"background-color":"","background-image":"","background-repeat":"repeat","background-position":"center center","background-size":"auto","background-attachment":"scroll","background-type":"","background-media":"","overlay-type":"","overlay-color":"","overlay-gradient":""}},"ast-content-background-meta":{"desktop":{"background-color":"var(--ast-global-color-5)","background-image":"","background-repeat":"repeat","background-position":"center center","background-size":"auto","background-attachment":"scroll","background-type":"","background-media":"","overlay-type":"","overlay-color":"","overlay-gradient":""},"tablet":{"background-color":"var(--ast-global-color-5)","background-image":"","background-repeat":"repeat","background-position":"center center","background-size":"auto","background-attachment":"scroll","background-type":"","background-media":"","overlay-type":"","overlay-color":"","overlay-gradient":""},"mobile":{"background-color":"var(--ast-global-color-5)","background-image":"","background-repeat":"repeat","background-position":"center center","background-size":"auto","background-attachment":"scroll","background-type":"","background-media":"","overlay-type":"","overlay-color":"","overlay-gradient":""}},"footnotes":""},"categories":[19166,18345,9215,935],"tags":[40021,32709,139559,11759,8629,139558],"class_list":["post-63210","post","type-post","status-publish","format-standard","hentry","category-alicante","category-empresas-publicas","category-regulacion-gubernamental-del-sector-privado","category-sector-de-agricultura-silvicultura-ganaderia-y-pesca","tag-andres-pedreno-munoz","tag-daniel-prats-rico","tag-david-litteljohn","tag-emerit-bono-Martinez","tag-joaquin-melgarejo-moreno","tag-ma-teresa-torregrosa-marti"],"_links":{"self":[{"href":"https:\/\/www.deberes.net\/tesis\/wp-json\/wp\/v2\/posts\/63210","targetHints":{"allow":["GET"]}}],"collection":[{"href":"https:\/\/www.deberes.net\/tesis\/wp-json\/wp\/v2\/posts"}],"about":[{"href":"https:\/\/www.deberes.net\/tesis\/wp-json\/wp\/v2\/types\/post"}],"author":[{"embeddable":true,"href":"https:\/\/www.deberes.net\/tesis\/wp-json\/wp\/v2\/users\/1"}],"replies":[{"embeddable":true,"href":"https:\/\/www.deberes.net\/tesis\/wp-json\/wp\/v2\/comments?post=63210"}],"version-history":[{"count":0,"href":"https:\/\/www.deberes.net\/tesis\/wp-json\/wp\/v2\/posts\/63210\/revisions"}],"wp:attachment":[{"href":"https:\/\/www.deberes.net\/tesis\/wp-json\/wp\/v2\/media?parent=63210"}],"wp:term":[{"taxonomy":"category","embeddable":true,"href":"https:\/\/www.deberes.net\/tesis\/wp-json\/wp\/v2\/categories?post=63210"},{"taxonomy":"post_tag","embeddable":true,"href":"https:\/\/www.deberes.net\/tesis\/wp-json\/wp\/v2\/tags?post=63210"}],"curies":[{"name":"wp","href":"https:\/\/api.w.org\/{rel}","templated":true}]}}