{"id":63214,"date":"2018-03-09T22:51:10","date_gmt":"2018-03-09T22:51:10","guid":{"rendered":"https:\/\/www.deberes.net\/tesis\/sin-categoria\/tradicion-y-cultura-politica-en-mexico-un-estudio-de-caso-veracruz\/"},"modified":"2018-03-09T22:51:10","modified_gmt":"2018-03-09T22:51:10","slug":"tradicion-y-cultura-politica-en-mexico-un-estudio-de-caso-veracruz","status":"publish","type":"post","link":"https:\/\/www.deberes.net\/tesis\/historia-regional\/tradicion-y-cultura-politica-en-mexico-un-estudio-de-caso-veracruz\/","title":{"rendered":"Tradicion y cultura politica en mexico: un estudio de caso: veracruz"},"content":{"rendered":"<h2>Tesis doctoral de <strong> Leopoldo Alafita Mendez <\/strong><\/h2>\n<p>Tesis que dirige su an\u00e1lisis en el largo tiempo hist\u00f3rico, desde el origen de los procesos de la cultura pol\u00edtica en m\u00e9xico, con la configuraci\u00f3n de cuerpos sociales de subsistencia y la preservaci\u00f3n de sus identidades, su administraci\u00f3n local y el relativo control de sus tierras, hasta el control pol\u00edtico de la revoluci\u00f3n mexicana y el dominio del consenso autoritario. El proceso reciente de la transici\u00f3n democr\u00e1tica y los intentos por establecer nuevas normas a los procesos pol\u00edticos electorales en el pa\u00eds.  concluye con un acercamiento al car\u00e1cter de la cultura y los valores pol\u00edticos de los veracruzanos que se formaron en contextos hist\u00f3ricos autoritarios y corporativos, y que se debaten en la construcci\u00f3n de una nueva civilidad en la que los partidos no acaban de definirse y la sociedad a\u00fan expresa s\u00edntomas preocupantes de debilidad.<\/p>\n<p>&nbsp;<\/p>\n<h3>Datos acad\u00e9micos de la tesis doctoral \u00ab<strong>Tradicion y cultura politica en mexico: un estudio de caso: veracruz<\/strong>\u00ab<\/h3>\n<ul>\n<li><strong>T\u00edtulo de la tesis:<\/strong>\u00a0 Tradicion y cultura politica en mexico: un estudio de caso: veracruz <\/li>\n<li><strong>Autor:<\/strong>\u00a0 Leopoldo Alafita Mendez <\/li>\n<li><strong>Universidad:<\/strong>\u00a0 Pa\u00eds vasco\/euskal herriko unibertsitatea<\/li>\n<li><strong>Fecha de lectura de la tesis:<\/strong>\u00a0 29\/02\/2008<\/li>\n<\/ul>\n<p>&nbsp;<\/p>\n<h3>Direcci\u00f3n y tribunal<\/h3>\n<ul>\n<li><strong>Director de la tesis<\/strong>\n<ul>\n<li>Manuel Gonzalez Portilla<\/li>\n<\/ul>\n<\/li>\n<li><strong>Tribunal<\/strong>\n<ul>\n<li>Presidente del tribunal: manuel Montero garcia <\/li>\n<li>Mar\u00eda no Esteban de vega (vocal)<\/li>\n<li>Rafael Sanchez mantero (vocal)<\/li>\n<li>Carlos augusto Contreras cruz (vocal)<\/li>\n<\/ul>\n<\/li>\n<\/ul>\n<p>&nbsp;<\/p>\n","protected":false},"excerpt":{"rendered":"<p>Tesis doctoral de Leopoldo Alafita Mendez Tesis que dirige su an\u00e1lisis en el largo tiempo hist\u00f3rico, desde el origen de [&hellip;]<\/p>\n","protected":false},"author":1,"featured_media":0,"comment_status":"open","ping_status":"open","sticky":false,"template":"","format":"standard","meta":{"site-sidebar-layout":"default","site-content-layout":"","ast-site-content-layout":"","site-content-style":"default","site-sidebar-style":"default","ast-global-header-display":"","ast-banner-title-visibility":"","ast-main-header-display":"","ast-hfb-above-header-display":"","ast-hfb-below-header-display":"","ast-hfb-mobile-header-display":"","site-post-title":"","ast-breadcrumbs-content":"","ast-featured-img":"","footer-sml-layout":"","theme-transparent-header-meta":"","adv-header-id-meta":"","stick-header-meta":"","header-above-stick-meta":"","header-main-stick-meta":"","header-below-stick-meta":"","astra-migrate-meta-layouts":"default","ast-page-background-enabled":"default","ast-page-background-meta":{"desktop":{"background-color":"var(--ast-global-color-4)","background-image":"","background-repeat":"repeat","background-position":"center center","background-size":"auto","background-attachment":"scroll","background-type":"","background-media":"","overlay-type":"","overlay-color":"","overlay-gradient":""},"tablet":{"background-color":"","background-image":"","background-repeat":"repeat","background-position":"center center","background-size":"auto","background-attachment":"scroll","background-type":"","background-media":"","overlay-type":"","overlay-color":"","overlay-gradient":""},"mobile":{"background-color":"","background-image":"","background-repeat":"repeat","background-position":"center center","background-size":"auto","background-attachment":"scroll","background-type":"","background-media":"","overlay-type":"","overlay-color":"","overlay-gradient":""}},"ast-content-background-meta":{"desktop":{"background-color":"var(--ast-global-color-5)","background-image":"","background-repeat":"repeat","background-position":"center center","background-size":"auto","background-attachment":"scroll","background-type":"","background-media":"","overlay-type":"","overlay-color":"","overlay-gradient":""},"tablet":{"background-color":"var(--ast-global-color-5)","background-image":"","background-repeat":"repeat","background-position":"center center","background-size":"auto","background-attachment":"scroll","background-type":"","background-media":"","overlay-type":"","overlay-color":"","overlay-gradient":""},"mobile":{"background-color":"var(--ast-global-color-5)","background-image":"","background-repeat":"repeat","background-position":"center center","background-size":"auto","background-attachment":"scroll","background-type":"","background-media":"","overlay-type":"","overlay-color":"","overlay-gradient":""}},"footnotes":""},"categories":[1816,3538,981,12909],"tags":[79969,139566,3996,28526,31546,3730],"class_list":["post-63214","post","type-post","status-publish","format-standard","hentry","category-historia-contemporanea","category-historia-de-las-ideas-politicas","category-historia-regional","category-pais-vasco-euskal-herriko-unibertsitatea","tag-carlos-augusto-contreras-cruz","tag-leopoldo-alafita-mendez","tag-manuel-gonzalez-portilla","tag-manuel-montero-garcia","tag-maria-no-esteban-de-vega","tag-rafael-sanchez-mantero"],"_links":{"self":[{"href":"https:\/\/www.deberes.net\/tesis\/wp-json\/wp\/v2\/posts\/63214","targetHints":{"allow":["GET"]}}],"collection":[{"href":"https:\/\/www.deberes.net\/tesis\/wp-json\/wp\/v2\/posts"}],"about":[{"href":"https:\/\/www.deberes.net\/tesis\/wp-json\/wp\/v2\/types\/post"}],"author":[{"embeddable":true,"href":"https:\/\/www.deberes.net\/tesis\/wp-json\/wp\/v2\/users\/1"}],"replies":[{"embeddable":true,"href":"https:\/\/www.deberes.net\/tesis\/wp-json\/wp\/v2\/comments?post=63214"}],"version-history":[{"count":0,"href":"https:\/\/www.deberes.net\/tesis\/wp-json\/wp\/v2\/posts\/63214\/revisions"}],"wp:attachment":[{"href":"https:\/\/www.deberes.net\/tesis\/wp-json\/wp\/v2\/media?parent=63214"}],"wp:term":[{"taxonomy":"category","embeddable":true,"href":"https:\/\/www.deberes.net\/tesis\/wp-json\/wp\/v2\/categories?post=63214"},{"taxonomy":"post_tag","embeddable":true,"href":"https:\/\/www.deberes.net\/tesis\/wp-json\/wp\/v2\/tags?post=63214"}],"curies":[{"name":"wp","href":"https:\/\/api.w.org\/{rel}","templated":true}]}}