{"id":63247,"date":"2018-03-09T22:51:10","date_gmt":"2018-03-09T22:51:10","guid":{"rendered":"https:\/\/www.deberes.net\/tesis\/sin-categoria\/las-traducciones-de-literatura-infantil-y-juvenil-en-el-interior-de-la-comunidad-interliteraria-espanola-1940-1980\/"},"modified":"2018-03-09T22:51:10","modified_gmt":"2018-03-09T22:51:10","slug":"las-traducciones-de-literatura-infantil-y-juvenil-en-el-interior-de-la-comunidad-interliteraria-espanola-1940-1980","status":"publish","type":"post","link":"https:\/\/www.deberes.net\/tesis\/lengua-y-literatura\/las-traducciones-de-literatura-infantil-y-juvenil-en-el-interior-de-la-comunidad-interliteraria-espanola-1940-1980\/","title":{"rendered":"Las traducciones de literatura infantil y juvenil en el interior de la comunidad interliteraria espa\u00f1ola (1940-1980)"},"content":{"rendered":"<h2>Tesis doctoral de <strong> Monica Dom\u00ednguez P\u00e9rez <\/strong><\/h2>\n<p>&nbsp;<\/p>\n<h3>Datos acad\u00e9micos de la tesis doctoral \u00ab<strong>Las traducciones de literatura infantil y juvenil en el interior de la comunidad interliteraria espa\u00f1ola (1940-1980)<\/strong>\u00ab<\/h3>\n<ul>\n<li><strong>T\u00edtulo de la tesis:<\/strong>\u00a0 Las traducciones de literatura infantil y juvenil en el interior de la comunidad interliteraria espa\u00f1ola (1940-1980) <\/li>\n<li><strong>Autor:<\/strong>\u00a0 Monica Dom\u00ednguez P\u00e9rez <\/li>\n<li><strong>Universidad:<\/strong>\u00a0 Santiago de compostela<\/li>\n<li><strong>Fecha de lectura de la tesis:<\/strong>\u00a0 29\/02\/2008<\/li>\n<\/ul>\n<p>&nbsp;<\/p>\n<h3>Direcci\u00f3n y tribunal<\/h3>\n<ul>\n<li><strong>Director de la tesis<\/strong>\n<ul>\n<li>Fernando Cabo Aseguinolaza<\/li>\n<\/ul>\n<\/li>\n<li><strong>Tribunal<\/strong>\n<ul>\n<li>Presidente del tribunal: pedro c\u00e9sar Cerrillo torremocha <\/li>\n<li>veljka Rizicka (vocal)<\/li>\n<li>Mar\u00eda  Jos\u00e9 Olaciregui (vocal)<\/li>\n<li>el\u00edas j Torres feijoo (vocal)<\/li>\n<\/ul>\n<\/li>\n<\/ul>\n<p>&nbsp;<\/p>\n","protected":false},"excerpt":{"rendered":"<p>Tesis doctoral de Monica Dom\u00ednguez P\u00e9rez &nbsp; Datos acad\u00e9micos de la tesis doctoral \u00abLas traducciones de literatura infantil y juvenil [&hellip;]<\/p>\n","protected":false},"author":1,"featured_media":0,"comment_status":"open","ping_status":"open","sticky":false,"template":"","format":"standard","meta":{"site-sidebar-layout":"default","site-content-layout":"","ast-site-content-layout":"","site-content-style":"default","site-sidebar-style":"default","ast-global-header-display":"","ast-banner-title-visibility":"","ast-main-header-display":"","ast-hfb-above-header-display":"","ast-hfb-below-header-display":"","ast-hfb-mobile-header-display":"","site-post-title":"","ast-breadcrumbs-content":"","ast-featured-img":"","footer-sml-layout":"","theme-transparent-header-meta":"","adv-header-id-meta":"","stick-header-meta":"","header-above-stick-meta":"","header-main-stick-meta":"","header-below-stick-meta":"","astra-migrate-meta-layouts":"default","ast-page-background-enabled":"default","ast-page-background-meta":{"desktop":{"background-color":"var(--ast-global-color-4)","background-image":"","background-repeat":"repeat","background-position":"center center","background-size":"auto","background-attachment":"scroll","background-type":"","background-media":"","overlay-type":"","overlay-color":"","overlay-gradient":""},"tablet":{"background-color":"","background-image":"","background-repeat":"repeat","background-position":"center center","background-size":"auto","background-attachment":"scroll","background-type":"","background-media":"","overlay-type":"","overlay-color":"","overlay-gradient":""},"mobile":{"background-color":"","background-image":"","background-repeat":"repeat","background-position":"center center","background-size":"auto","background-attachment":"scroll","background-type":"","background-media":"","overlay-type":"","overlay-color":"","overlay-gradient":""}},"ast-content-background-meta":{"desktop":{"background-color":"var(--ast-global-color-5)","background-image":"","background-repeat":"repeat","background-position":"center center","background-size":"auto","background-attachment":"scroll","background-type":"","background-media":"","overlay-type":"","overlay-color":"","overlay-gradient":""},"tablet":{"background-color":"var(--ast-global-color-5)","background-image":"","background-repeat":"repeat","background-position":"center center","background-size":"auto","background-attachment":"scroll","background-type":"","background-media":"","overlay-type":"","overlay-color":"","overlay-gradient":""},"mobile":{"background-color":"var(--ast-global-color-5)","background-image":"","background-repeat":"repeat","background-position":"center center","background-size":"auto","background-attachment":"scroll","background-type":"","background-media":"","overlay-type":"","overlay-color":"","overlay-gradient":""}},"footnotes":""},"categories":[1867,636,977],"tags":[35248,71517,139648,139646,44925,139647],"class_list":["post-63247","post","type-post","status-publish","format-standard","hentry","category-historia-de-la-literatura-espanola","category-lengua-y-literatura","category-santiago-de-compostela","tag-elias-j-torres-feijoo","tag-fernando-cabo-aseguinolaza","tag-maria-jose-olaciregui","tag-monica-dominguez-perez","tag-pedro-cesar-cerrillo-torremocha","tag-veljka-rizicka"],"_links":{"self":[{"href":"https:\/\/www.deberes.net\/tesis\/wp-json\/wp\/v2\/posts\/63247","targetHints":{"allow":["GET"]}}],"collection":[{"href":"https:\/\/www.deberes.net\/tesis\/wp-json\/wp\/v2\/posts"}],"about":[{"href":"https:\/\/www.deberes.net\/tesis\/wp-json\/wp\/v2\/types\/post"}],"author":[{"embeddable":true,"href":"https:\/\/www.deberes.net\/tesis\/wp-json\/wp\/v2\/users\/1"}],"replies":[{"embeddable":true,"href":"https:\/\/www.deberes.net\/tesis\/wp-json\/wp\/v2\/comments?post=63247"}],"version-history":[{"count":0,"href":"https:\/\/www.deberes.net\/tesis\/wp-json\/wp\/v2\/posts\/63247\/revisions"}],"wp:attachment":[{"href":"https:\/\/www.deberes.net\/tesis\/wp-json\/wp\/v2\/media?parent=63247"}],"wp:term":[{"taxonomy":"category","embeddable":true,"href":"https:\/\/www.deberes.net\/tesis\/wp-json\/wp\/v2\/categories?post=63247"},{"taxonomy":"post_tag","embeddable":true,"href":"https:\/\/www.deberes.net\/tesis\/wp-json\/wp\/v2\/tags?post=63247"}],"curies":[{"name":"wp","href":"https:\/\/api.w.org\/{rel}","templated":true}]}}