{"id":63264,"date":"2008-03-03T00:00:00","date_gmt":"2008-03-03T00:00:00","guid":{"rendered":"https:\/\/www.deberes.net\/tesis\/sin-categoria\/igualdad-e-inclusion-social-digital\/"},"modified":"2008-03-03T00:00:00","modified_gmt":"2008-03-03T00:00:00","slug":"igualdad-e-inclusion-social-digital","status":"publish","type":"post","link":"https:\/\/www.deberes.net\/tesis\/pedagogia\/igualdad-e-inclusion-social-digital\/","title":{"rendered":"Igualdad e inclusion social digital"},"content":{"rendered":"<h2>Tesis doctoral de <strong> Miguel Edgardo Prado Lima <\/strong><\/h2>\n<p>Esta investigaci\u00f3n desarrolla un nuevo espacio de reflexi\u00f3n en el marco de las ciencias de la educaci\u00f3n que atiende la inclusi\u00f3n de los ciudadanos, en especial grupos sociales vulnerables(ni\u00f1os, g\u00e9nero, discapacitados, desempleados, adultos mayores, j\u00f3venes en riesgo, pobres, poblaciones rurales y minor\u00edas \u00e9tnicas cuya cultura se encuentra en riesgo de extinci\u00f3n), a la sociedad del conocimiento compartido. Se observaron con especial atenci\u00f3n los efectos producidos, en los sectores sociales vulnerables, por la globalizaci\u00f3n asim\u00e9trica. Se estudiaron proyectos inclusivos de europa, \u00e1frica, y am\u00e9rica que buscan superar obst\u00e1culos tales como la brecha digital, la brecha digital, la brecha cognitiva, la concentraci\u00f3n  del conocimiento, y la pobreza. Se han incorporado nuevas metodolog\u00edas de estudio que involucran a los ciudadanos como agentes de cambio activos en lugar de beneficiarios pasivos. Se dise\u00f1\u00f3 y desarroll\u00f3 una gu\u00eda de evaluaci\u00f3n de proyectos e inclusi\u00f3n, evalu\u00e1ndose 6 proyectos de inclusi\u00f3n digital de 5 pa\u00edses iberoamericanos.<\/p>\n<p>&nbsp;<\/p>\n<h3>Datos acad\u00e9micos de la tesis doctoral \u00ab<strong>Igualdad e inclusion social digital<\/strong>\u00ab<\/h3>\n<ul>\n<li><strong>T\u00edtulo de la tesis:<\/strong>\u00a0 Igualdad e inclusion social digital <\/li>\n<li><strong>Autor:<\/strong>\u00a0 Miguel Edgardo Prado Lima <\/li>\n<li><strong>Universidad:<\/strong>\u00a0 Illes balears<\/li>\n<li><strong>Fecha de lectura de la tesis:<\/strong>\u00a0 03\/03\/2008<\/li>\n<\/ul>\n<p>&nbsp;<\/p>\n<h3>Direcci\u00f3n y tribunal<\/h3>\n<ul>\n<li><strong>Director de la tesis<\/strong>\n<ul>\n<li>Jes\u00fas Salinas Iba\u00f1ez<\/li>\n<\/ul>\n<\/li>\n<li><strong>Tribunal<\/strong>\n<ul>\n<li>Presidente del tribunal: julio Cabero almenara <\/li>\n<li>francesca Salv? mut (vocal)<\/li>\n<li>Francisco Mart\u00ednez s\u00e1nchez (vocal)<\/li>\n<li>Carlos Casta\u00f1o garrido (vocal)<\/li>\n<\/ul>\n<\/li>\n<\/ul>\n<p>&nbsp;<\/p>\n","protected":false},"excerpt":{"rendered":"<p>Tesis doctoral de Miguel Edgardo Prado Lima Esta investigaci\u00f3n desarrolla un nuevo espacio de reflexi\u00f3n en el marco de las [&hellip;]<\/p>\n","protected":false},"author":1,"featured_media":0,"comment_status":"open","ping_status":"open","sticky":false,"template":"","format":"standard","meta":{"site-sidebar-layout":"default","site-content-layout":"","ast-site-content-layout":"","site-content-style":"default","site-sidebar-style":"default","ast-global-header-display":"","ast-banner-title-visibility":"","ast-main-header-display":"","ast-hfb-above-header-display":"","ast-hfb-below-header-display":"","ast-hfb-mobile-header-display":"","site-post-title":"","ast-breadcrumbs-content":"","ast-featured-img":"","footer-sml-layout":"","theme-transparent-header-meta":"","adv-header-id-meta":"","stick-header-meta":"","header-above-stick-meta":"","header-main-stick-meta":"","header-below-stick-meta":"","astra-migrate-meta-layouts":"default","ast-page-background-enabled":"default","ast-page-background-meta":{"desktop":{"background-color":"var(--ast-global-color-4)","background-image":"","background-repeat":"repeat","background-position":"center center","background-size":"auto","background-attachment":"scroll","background-type":"","background-media":"","overlay-type":"","overlay-color":"","overlay-gradient":""},"tablet":{"background-color":"","background-image":"","background-repeat":"repeat","background-position":"center center","background-size":"auto","background-attachment":"scroll","background-type":"","background-media":"","overlay-type":"","overlay-color":"","overlay-gradient":""},"mobile":{"background-color":"","background-image":"","background-repeat":"repeat","background-position":"center center","background-size":"auto","background-attachment":"scroll","background-type":"","background-media":"","overlay-type":"","overlay-color":"","overlay-gradient":""}},"ast-content-background-meta":{"desktop":{"background-color":"var(--ast-global-color-5)","background-image":"","background-repeat":"repeat","background-position":"center center","background-size":"auto","background-attachment":"scroll","background-type":"","background-media":"","overlay-type":"","overlay-color":"","overlay-gradient":""},"tablet":{"background-color":"var(--ast-global-color-5)","background-image":"","background-repeat":"repeat","background-position":"center center","background-size":"auto","background-attachment":"scroll","background-type":"","background-media":"","overlay-type":"","overlay-color":"","overlay-gradient":""},"mobile":{"background-color":"var(--ast-global-color-5)","background-image":"","background-repeat":"repeat","background-position":"center center","background-size":"auto","background-attachment":"scroll","background-type":"","background-media":"","overlay-type":"","overlay-color":"","overlay-gradient":""}},"footnotes":""},"categories":[19034,1141,14126],"tags":[38207,139691,5107,43043,38206,139690],"class_list":["post-63264","post","type-post","status-publish","format-standard","hentry","category-illes-balears","category-pedagogia","category-tecnologia-y-cambio-social","tag-carlos-castano-garrido","tag-francesca-salv-mut","tag-francisco-Martinez-sanchez","tag-jesus-salinas-ibanez","tag-julio-cabero-almenara","tag-miguel-edgardo-prado-lima"],"_links":{"self":[{"href":"https:\/\/www.deberes.net\/tesis\/wp-json\/wp\/v2\/posts\/63264","targetHints":{"allow":["GET"]}}],"collection":[{"href":"https:\/\/www.deberes.net\/tesis\/wp-json\/wp\/v2\/posts"}],"about":[{"href":"https:\/\/www.deberes.net\/tesis\/wp-json\/wp\/v2\/types\/post"}],"author":[{"embeddable":true,"href":"https:\/\/www.deberes.net\/tesis\/wp-json\/wp\/v2\/users\/1"}],"replies":[{"embeddable":true,"href":"https:\/\/www.deberes.net\/tesis\/wp-json\/wp\/v2\/comments?post=63264"}],"version-history":[{"count":0,"href":"https:\/\/www.deberes.net\/tesis\/wp-json\/wp\/v2\/posts\/63264\/revisions"}],"wp:attachment":[{"href":"https:\/\/www.deberes.net\/tesis\/wp-json\/wp\/v2\/media?parent=63264"}],"wp:term":[{"taxonomy":"category","embeddable":true,"href":"https:\/\/www.deberes.net\/tesis\/wp-json\/wp\/v2\/categories?post=63264"},{"taxonomy":"post_tag","embeddable":true,"href":"https:\/\/www.deberes.net\/tesis\/wp-json\/wp\/v2\/tags?post=63264"}],"curies":[{"name":"wp","href":"https:\/\/api.w.org\/{rel}","templated":true}]}}