{"id":63288,"date":"2008-05-03T00:00:00","date_gmt":"2008-05-03T00:00:00","guid":{"rendered":"https:\/\/www.deberes.net\/tesis\/sin-categoria\/la-pola%c2%adtica-educativa-alemana-desde-la-segunda-guerra-mundial\/"},"modified":"2008-05-03T00:00:00","modified_gmt":"2008-05-03T00:00:00","slug":"la-pola%c2%adtica-educativa-alemana-desde-la-segunda-guerra-mundial","status":"publish","type":"post","link":"https:\/\/www.deberes.net\/tesis\/pedagogia-comparada\/la-pola%c2%adtica-educativa-alemana-desde-la-segunda-guerra-mundial\/","title":{"rendered":"La pol\u00edtica educativa alemana desde la segunda guerra mundial"},"content":{"rendered":"<h2>Tesis doctoral de <strong> Magdalena Riusech Farrero <\/strong><\/h2>\n<p>Esta tesis es un estudio hist\u00f3rico-comparativo de la pol\u00edtica educativa alemana desde la segunda guerra mundial. La investigaci\u00f3n parte de los mismos or\u00edgenes del sistema educativo, pasando por la rep\u00fablica de weimar y el nacionalsocialismo como antecedentes que han ejercido una influencia importante en la pol\u00edtica educativa posterior. Se basa principalmente en la educaci\u00f3n secundaria y plantea cuestiones relativas a la escuela comprehensiva o gesamtschule. Analiza las causas `por las que el principio de comprehensividad ha fracasado en alemania mientras que en otros pa\u00edses ha alcanzado un \u00e9xito espectacular. Por otro lado, tambi\u00e9n se cuestionan las causas que han llevado a los estados federales que formaban parte de la rep\u00fablica democr\u00e1tica aa incorporarse tan r\u00e1pidamente al sistema educativo de la rep\u00fablica federal.  como estudio hist\u00f3rico describe e interpreta la evoluci\u00f3n de la educaci\u00f3n secundaria a lo largo de las diferentes etapas en las que se ha visto involucrado este pa\u00eds desde el final de la guerra. La etapa de ocupaci\u00f3n se estudia como per\u00edodo de inestabilidad, desnazificaci\u00f3n y regreso a la educaci\u00f3n planteada en la rep\u00fablica de weimar. La era adenauer por representar un per\u00edodo de letargo, sin grandes cambios, con la caracter\u00edstica de la ausencia de reformas. En el siguiente per\u00edodo erhard-kiesinger y mediante el acuerdo de hamburgo ya se inician cambios importantes. La etapa willy brandt marca un hito en la escuela comprehensiva con su introducci\u00f3n como escuela experimental en algunos estados federales. Las pol\u00edticas neoliberales tambi\u00e9n se tratan ya que significan un freno para el principio de comprehensividad. Se analizan las consecuencias de la reunificaci\u00f3n en la pol\u00edtica educativa alemana. Finalmente esta investigaci\u00f3n tambi\u00e9n se plantea los cambios propuestos por la cancillera \u00e1ngela kerkel. No s\u00f3lo la rep\u00fablica federal es objeto de estudio sino que la rep\u00fablica democr\u00e1tica alemana tambi\u00e9n ocupa una parte<\/p>\n<p>&nbsp;<\/p>\n<h3>Datos acad\u00e9micos de la tesis doctoral \u00ab<strong>La pol\u00edtica educativa alemana desde la segunda guerra mundial<\/strong>\u00ab<\/h3>\n<ul>\n<li><strong>T\u00edtulo de la tesis:<\/strong>\u00a0 La pol\u00edtica educativa alemana desde la segunda guerra mundial <\/li>\n<li><strong>Autor:<\/strong>\u00a0 Magdalena Riusech Farrero <\/li>\n<li><strong>Universidad:<\/strong>\u00a0 Nacional de educaci\u00f3n a distancia<\/li>\n<li><strong>Fecha de lectura de la tesis:<\/strong>\u00a0 05\/03\/2008<\/li>\n<\/ul>\n<p>&nbsp;<\/p>\n<h3>Direcci\u00f3n y tribunal<\/h3>\n<ul>\n<li><strong>Director de la tesis<\/strong>\n<ul>\n<li>Jos\u00e9 Luis Garc\u00eda Garrido<\/li>\n<\/ul>\n<\/li>\n<li><strong>Tribunal<\/strong>\n<ul>\n<li>Presidente del tribunal: Gabriela Ossenbach Sauter <\/li>\n<li> Valle L\u00f3pez JavierM. (vocal)<\/li>\n<li>Inmaculada Egido Galvez (vocal)<\/li>\n<li>Germ\u00e1n Ruip\u00e9rez Garc\u00eda (vocal)<\/li>\n<\/ul>\n<\/li>\n<\/ul>\n<p>&nbsp;<\/p>\n","protected":false},"excerpt":{"rendered":"<p>Tesis doctoral de Magdalena Riusech Farrero Esta tesis es un estudio hist\u00f3rico-comparativo de la pol\u00edtica educativa alemana desde la segunda [&hellip;]<\/p>\n","protected":false},"author":1,"featured_media":0,"comment_status":"open","ping_status":"open","sticky":false,"template":"","format":"standard","meta":{"site-sidebar-layout":"default","site-content-layout":"","ast-site-content-layout":"","site-content-style":"default","site-sidebar-style":"default","ast-global-header-display":"","ast-banner-title-visibility":"","ast-main-header-display":"","ast-hfb-above-header-display":"","ast-hfb-below-header-display":"","ast-hfb-mobile-header-display":"","site-post-title":"","ast-breadcrumbs-content":"","ast-featured-img":"","footer-sml-layout":"","theme-transparent-header-meta":"","adv-header-id-meta":"","stick-header-meta":"","header-above-stick-meta":"","header-main-stick-meta":"","header-below-stick-meta":"","astra-migrate-meta-layouts":"default","ast-page-background-enabled":"default","ast-page-background-meta":{"desktop":{"background-color":"var(--ast-global-color-4)","background-image":"","background-repeat":"repeat","background-position":"center center","background-size":"auto","background-attachment":"scroll","background-type":"","background-media":"","overlay-type":"","overlay-color":"","overlay-gradient":""},"tablet":{"background-color":"","background-image":"","background-repeat":"repeat","background-position":"center center","background-size":"auto","background-attachment":"scroll","background-type":"","background-media":"","overlay-type":"","overlay-color":"","overlay-gradient":""},"mobile":{"background-color":"","background-image":"","background-repeat":"repeat","background-position":"center center","background-size":"auto","background-attachment":"scroll","background-type":"","background-media":"","overlay-type":"","overlay-color":"","overlay-gradient":""}},"ast-content-background-meta":{"desktop":{"background-color":"var(--ast-global-color-5)","background-image":"","background-repeat":"repeat","background-position":"center center","background-size":"auto","background-attachment":"scroll","background-type":"","background-media":"","overlay-type":"","overlay-color":"","overlay-gradient":""},"tablet":{"background-color":"var(--ast-global-color-5)","background-image":"","background-repeat":"repeat","background-position":"center center","background-size":"auto","background-attachment":"scroll","background-type":"","background-media":"","overlay-type":"","overlay-color":"","overlay-gradient":""},"mobile":{"background-color":"var(--ast-global-color-5)","background-image":"","background-repeat":"repeat","background-position":"center center","background-size":"auto","background-attachment":"scroll","background-type":"","background-media":"","overlay-type":"","overlay-color":"","overlay-gradient":""}},"footnotes":""},"categories":[17070,5714,9284],"tags":[39507,8355,71277,17155,139740,139741],"class_list":["post-63288","post","type-post","status-publish","format-standard","hentry","category-nacional-de-educacion-a-distancia","category-pedagogia-comparada","category-politica-educativa","tag-gabriela-ossenbach-sauter","tag-german-ruiperez-garcia","tag-inmaculada-egido-galvez","tag-jose-luis-garcia-garrido","tag-magdalena-riusech-farrero","tag-valle-lopez-javierm"],"_links":{"self":[{"href":"https:\/\/www.deberes.net\/tesis\/wp-json\/wp\/v2\/posts\/63288","targetHints":{"allow":["GET"]}}],"collection":[{"href":"https:\/\/www.deberes.net\/tesis\/wp-json\/wp\/v2\/posts"}],"about":[{"href":"https:\/\/www.deberes.net\/tesis\/wp-json\/wp\/v2\/types\/post"}],"author":[{"embeddable":true,"href":"https:\/\/www.deberes.net\/tesis\/wp-json\/wp\/v2\/users\/1"}],"replies":[{"embeddable":true,"href":"https:\/\/www.deberes.net\/tesis\/wp-json\/wp\/v2\/comments?post=63288"}],"version-history":[{"count":0,"href":"https:\/\/www.deberes.net\/tesis\/wp-json\/wp\/v2\/posts\/63288\/revisions"}],"wp:attachment":[{"href":"https:\/\/www.deberes.net\/tesis\/wp-json\/wp\/v2\/media?parent=63288"}],"wp:term":[{"taxonomy":"category","embeddable":true,"href":"https:\/\/www.deberes.net\/tesis\/wp-json\/wp\/v2\/categories?post=63288"},{"taxonomy":"post_tag","embeddable":true,"href":"https:\/\/www.deberes.net\/tesis\/wp-json\/wp\/v2\/tags?post=63288"}],"curies":[{"name":"wp","href":"https:\/\/api.w.org\/{rel}","templated":true}]}}