{"id":63298,"date":"2008-05-03T00:00:00","date_gmt":"2008-05-03T00:00:00","guid":{"rendered":"https:\/\/www.deberes.net\/tesis\/sin-categoria\/expectativas-de-los-docentes-de-educacion-especial-en-relacion-con-el-transito-a-la-vida-adulta-de-los-alumnos-con-discapacidad\/"},"modified":"2008-05-03T00:00:00","modified_gmt":"2008-05-03T00:00:00","slug":"expectativas-de-los-docentes-de-educacion-especial-en-relacion-con-el-transito-a-la-vida-adulta-de-los-alumnos-con-discapacidad","status":"publish","type":"post","link":"https:\/\/www.deberes.net\/tesis\/organizacion-y-planificacion-de-la-educacion\/expectativas-de-los-docentes-de-educacion-especial-en-relacion-con-el-transito-a-la-vida-adulta-de-los-alumnos-con-discapacidad\/","title":{"rendered":"Expectativas de los docentes de educaci\u00f3n especial en relaci\u00f3n con el tr\u00e1nsito a la vida adulta de los alumnos con discapacidad"},"content":{"rendered":"<h2>Tesis doctoral de <strong> Benito Rafael Par\u00e9s <\/strong><\/h2>\n<p>Expectativas de los docentes de educaci\u00f3n especial en relaci\u00f3n con el tr\u00e1nsito a la vida adulta de los alumnos con discapacidad<\/p>\n<p>&nbsp;<\/p>\n<h3>Datos acad\u00e9micos de la tesis doctoral \u00ab<strong>Expectativas de los docentes de educaci\u00f3n especial en relaci\u00f3n con el tr\u00e1nsito a la vida adulta de los alumnos con discapacidad<\/strong>\u00ab<\/h3>\n<ul>\n<li><strong>T\u00edtulo de la tesis:<\/strong>\u00a0 Expectativas de los docentes de educaci\u00f3n especial en relaci\u00f3n con el tr\u00e1nsito a la vida adulta de los alumnos con discapacidad <\/li>\n<li><strong>Autor:<\/strong>\u00a0 Benito Rafael Par\u00e9s <\/li>\n<li><strong>Universidad:<\/strong>\u00a0 Salamanca<\/li>\n<li><strong>Fecha de lectura de la tesis:<\/strong>\u00a0 05\/03\/2008<\/li>\n<\/ul>\n<p>&nbsp;<\/p>\n<h3>Direcci\u00f3n y tribunal<\/h3>\n<ul>\n<li><strong>Director de la tesis<\/strong>\n<ul>\n<li>Pilar Sarto Martin<\/li>\n<\/ul>\n<\/li>\n<li><strong>Tribunal<\/strong>\n<ul>\n<li>Presidente del tribunal: raquel De la fuente anuncibay <\/li>\n<li>manuela Crespo cuadrado (vocal)<\/li>\n<li>cristina Caballo escribano (vocal)<\/li>\n<li>joan jordi Muntaner guasp (vocal)<\/li>\n<\/ul>\n<\/li>\n<\/ul>\n<p>&nbsp;<\/p>\n","protected":false},"excerpt":{"rendered":"<p>Tesis doctoral de Benito Rafael Par\u00e9s Expectativas de los docentes de educaci\u00f3n especial en relaci\u00f3n con el tr\u00e1nsito a la [&hellip;]<\/p>\n","protected":false},"author":1,"featured_media":0,"comment_status":"open","ping_status":"open","sticky":false,"template":"","format":"standard","meta":{"site-sidebar-layout":"default","site-content-layout":"","ast-site-content-layout":"","site-content-style":"default","site-sidebar-style":"default","ast-global-header-display":"","ast-banner-title-visibility":"","ast-main-header-display":"","ast-hfb-above-header-display":"","ast-hfb-below-header-display":"","ast-hfb-mobile-header-display":"","site-post-title":"","ast-breadcrumbs-content":"","ast-featured-img":"","footer-sml-layout":"","theme-transparent-header-meta":"","adv-header-id-meta":"","stick-header-meta":"","header-above-stick-meta":"","header-main-stick-meta":"","header-below-stick-meta":"","astra-migrate-meta-layouts":"default","ast-page-background-enabled":"default","ast-page-background-meta":{"desktop":{"background-color":"var(--ast-global-color-4)","background-image":"","background-repeat":"repeat","background-position":"center center","background-size":"auto","background-attachment":"scroll","background-type":"","background-media":"","overlay-type":"","overlay-color":"","overlay-gradient":""},"tablet":{"background-color":"","background-image":"","background-repeat":"repeat","background-position":"center center","background-size":"auto","background-attachment":"scroll","background-type":"","background-media":"","overlay-type":"","overlay-color":"","overlay-gradient":""},"mobile":{"background-color":"","background-image":"","background-repeat":"repeat","background-position":"center center","background-size":"auto","background-attachment":"scroll","background-type":"","background-media":"","overlay-type":"","overlay-color":"","overlay-gradient":""}},"ast-content-background-meta":{"desktop":{"background-color":"var(--ast-global-color-5)","background-image":"","background-repeat":"repeat","background-position":"center center","background-size":"auto","background-attachment":"scroll","background-type":"","background-media":"","overlay-type":"","overlay-color":"","overlay-gradient":""},"tablet":{"background-color":"var(--ast-global-color-5)","background-image":"","background-repeat":"repeat","background-position":"center center","background-size":"auto","background-attachment":"scroll","background-type":"","background-media":"","overlay-type":"","overlay-color":"","overlay-gradient":""},"mobile":{"background-color":"var(--ast-global-color-5)","background-image":"","background-repeat":"repeat","background-position":"center center","background-size":"auto","background-attachment":"scroll","background-type":"","background-media":"","overlay-type":"","overlay-color":"","overlay-gradient":""}},"footnotes":""},"categories":[3289,6222,1184,1288,9386],"tags":[139761,55970,38039,74339,6,39670],"class_list":["post-63298","post","type-post","status-publish","format-standard","hentry","category-deficiencia-mental-del-nino-y-del-adolescente","category-educacion-especial","category-organizacion-y-planificacion-de-la-educacion","category-preparacion-de-profesores","category-salamanca","tag-benito-rafael-pares","tag-cristina-caballo-escribano","tag-joan-jordi-muntaner-guasp","tag-manuela-crespo-cuadrado","tag-pilar-sarto-martin","tag-raquel-de-la-fuente-anuncibay"],"_links":{"self":[{"href":"https:\/\/www.deberes.net\/tesis\/wp-json\/wp\/v2\/posts\/63298","targetHints":{"allow":["GET"]}}],"collection":[{"href":"https:\/\/www.deberes.net\/tesis\/wp-json\/wp\/v2\/posts"}],"about":[{"href":"https:\/\/www.deberes.net\/tesis\/wp-json\/wp\/v2\/types\/post"}],"author":[{"embeddable":true,"href":"https:\/\/www.deberes.net\/tesis\/wp-json\/wp\/v2\/users\/1"}],"replies":[{"embeddable":true,"href":"https:\/\/www.deberes.net\/tesis\/wp-json\/wp\/v2\/comments?post=63298"}],"version-history":[{"count":0,"href":"https:\/\/www.deberes.net\/tesis\/wp-json\/wp\/v2\/posts\/63298\/revisions"}],"wp:attachment":[{"href":"https:\/\/www.deberes.net\/tesis\/wp-json\/wp\/v2\/media?parent=63298"}],"wp:term":[{"taxonomy":"category","embeddable":true,"href":"https:\/\/www.deberes.net\/tesis\/wp-json\/wp\/v2\/categories?post=63298"},{"taxonomy":"post_tag","embeddable":true,"href":"https:\/\/www.deberes.net\/tesis\/wp-json\/wp\/v2\/tags?post=63298"}],"curies":[{"name":"wp","href":"https:\/\/api.w.org\/{rel}","templated":true}]}}