{"id":63301,"date":"2008-05-03T00:00:00","date_gmt":"2008-05-03T00:00:00","guid":{"rendered":"https:\/\/www.deberes.net\/tesis\/sin-categoria\/evaluacion-de-la-educacion-fa%c2%adsica-en-el-marco-de-la-reforma-educacional-chilena-comuna-de-vina-del-mar\/"},"modified":"2008-05-03T00:00:00","modified_gmt":"2008-05-03T00:00:00","slug":"evaluacion-de-la-educacion-fa%c2%adsica-en-el-marco-de-la-reforma-educacional-chilena-comuna-de-vina-del-mar","status":"publish","type":"post","link":"https:\/\/www.deberes.net\/tesis\/sector-de-la-educacion\/evaluacion-de-la-educacion-fa%c2%adsica-en-el-marco-de-la-reforma-educacional-chilena-comuna-de-vina-del-mar\/","title":{"rendered":"Evaluaci\u00f3n de la educaci\u00f3n f\u00edsica en el marco de la reforma educacional chilena. comuna de vi\u00f1a del mar"},"content":{"rendered":"<h2>Tesis doctoral de <strong> Hector Santiago Trujillo Galindo <\/strong><\/h2>\n<p>Isbn:? 9788433847690<\/p>\n<p>&nbsp;<\/p>\n<h3>Datos acad\u00e9micos de la tesis doctoral \u00ab<strong>Evaluaci\u00f3n de la educaci\u00f3n f\u00edsica en el marco de la reforma educacional chilena. comuna de vi\u00f1a del mar<\/strong>\u00ab<\/h3>\n<ul>\n<li><strong>T\u00edtulo de la tesis:<\/strong>\u00a0 Evaluaci\u00f3n de la educaci\u00f3n f\u00edsica en el marco de la reforma educacional chilena. comuna de vi\u00f1a del mar <\/li>\n<li><strong>Autor:<\/strong>\u00a0 Hector Santiago Trujillo Galindo <\/li>\n<li><strong>Universidad:<\/strong>\u00a0 Granada<\/li>\n<li><strong>Fecha de lectura de la tesis:<\/strong>\u00a0 05\/03\/2008<\/li>\n<\/ul>\n<p>&nbsp;<\/p>\n<h3>Direcci\u00f3n y tribunal<\/h3>\n<ul>\n<li><strong>Director de la tesis<\/strong>\n<ul>\n<li>Miguel \u00e1ngel Delgado Noguera<\/li>\n<\/ul>\n<\/li>\n<li><strong>Tribunal<\/strong>\n<ul>\n<li>Presidente del tribunal: manuel Lorenzo delgado <\/li>\n<li>Antonio  Manuel Solana s\u00e1nchez (vocal)<\/li>\n<li>eduardo Generelo lanaspa (vocal)<\/li>\n<li>Jes\u00fas Tejada mora (vocal)<\/li>\n<\/ul>\n<\/li>\n<\/ul>\n<p>&nbsp;<\/p>\n","protected":false},"excerpt":{"rendered":"<p>Tesis doctoral de Hector Santiago Trujillo Galindo Isbn:? 9788433847690 &nbsp; Datos acad\u00e9micos de la tesis doctoral \u00abEvaluaci\u00f3n de la educaci\u00f3n [&hellip;]<\/p>\n","protected":false},"author":1,"featured_media":0,"comment_status":"open","ping_status":"open","sticky":false,"template":"","format":"standard","meta":{"site-sidebar-layout":"default","site-content-layout":"","ast-site-content-layout":"","site-content-style":"default","site-sidebar-style":"default","ast-global-header-display":"","ast-banner-title-visibility":"","ast-main-header-display":"","ast-hfb-above-header-display":"","ast-hfb-below-header-display":"","ast-hfb-mobile-header-display":"","site-post-title":"","ast-breadcrumbs-content":"","ast-featured-img":"","footer-sml-layout":"","theme-transparent-header-meta":"","adv-header-id-meta":"","stick-header-meta":"","header-above-stick-meta":"","header-main-stick-meta":"","header-below-stick-meta":"","astra-migrate-meta-layouts":"default","ast-page-background-enabled":"default","ast-page-background-meta":{"desktop":{"background-color":"var(--ast-global-color-4)","background-image":"","background-repeat":"repeat","background-position":"center center","background-size":"auto","background-attachment":"scroll","background-type":"","background-media":"","overlay-type":"","overlay-color":"","overlay-gradient":""},"tablet":{"background-color":"","background-image":"","background-repeat":"repeat","background-position":"center center","background-size":"auto","background-attachment":"scroll","background-type":"","background-media":"","overlay-type":"","overlay-color":"","overlay-gradient":""},"mobile":{"background-color":"","background-image":"","background-repeat":"repeat","background-position":"center center","background-size":"auto","background-attachment":"scroll","background-type":"","background-media":"","overlay-type":"","overlay-color":"","overlay-gradient":""}},"ast-content-background-meta":{"desktop":{"background-color":"var(--ast-global-color-5)","background-image":"","background-repeat":"repeat","background-position":"center center","background-size":"auto","background-attachment":"scroll","background-type":"","background-media":"","overlay-type":"","overlay-color":"","overlay-gradient":""},"tablet":{"background-color":"var(--ast-global-color-5)","background-image":"","background-repeat":"repeat","background-position":"center center","background-size":"auto","background-attachment":"scroll","background-type":"","background-media":"","overlay-type":"","overlay-color":"","overlay-gradient":""},"mobile":{"background-color":"var(--ast-global-color-5)","background-image":"","background-repeat":"repeat","background-position":"center center","background-size":"auto","background-attachment":"scroll","background-type":"","background-media":"","overlay-type":"","overlay-color":"","overlay-gradient":""}},"footnotes":""},"categories":[22393],"tags":[77098,76777,139766,134680,8686,11642],"class_list":["post-63301","post","type-post","status-publish","format-standard","hentry","category-sector-de-la-educacion","tag-antonio-manuel-solana-sanchez","tag-eduardo-generelo-lanaspa","tag-hector-santiago-trujillo-galindo","tag-jesus-tejada-mora","tag-manuel-lorenzo-delgado","tag-miguel-angel-delgado-noguera"],"_links":{"self":[{"href":"https:\/\/www.deberes.net\/tesis\/wp-json\/wp\/v2\/posts\/63301","targetHints":{"allow":["GET"]}}],"collection":[{"href":"https:\/\/www.deberes.net\/tesis\/wp-json\/wp\/v2\/posts"}],"about":[{"href":"https:\/\/www.deberes.net\/tesis\/wp-json\/wp\/v2\/types\/post"}],"author":[{"embeddable":true,"href":"https:\/\/www.deberes.net\/tesis\/wp-json\/wp\/v2\/users\/1"}],"replies":[{"embeddable":true,"href":"https:\/\/www.deberes.net\/tesis\/wp-json\/wp\/v2\/comments?post=63301"}],"version-history":[{"count":0,"href":"https:\/\/www.deberes.net\/tesis\/wp-json\/wp\/v2\/posts\/63301\/revisions"}],"wp:attachment":[{"href":"https:\/\/www.deberes.net\/tesis\/wp-json\/wp\/v2\/media?parent=63301"}],"wp:term":[{"taxonomy":"category","embeddable":true,"href":"https:\/\/www.deberes.net\/tesis\/wp-json\/wp\/v2\/categories?post=63301"},{"taxonomy":"post_tag","embeddable":true,"href":"https:\/\/www.deberes.net\/tesis\/wp-json\/wp\/v2\/tags?post=63301"}],"curies":[{"name":"wp","href":"https:\/\/api.w.org\/{rel}","templated":true}]}}