{"id":63325,"date":"2008-06-03T00:00:00","date_gmt":"2008-06-03T00:00:00","guid":{"rendered":"https:\/\/www.deberes.net\/tesis\/sin-categoria\/juventud-trabajo-desempleo-e-identidad-un-enfoque-psicosocial\/"},"modified":"2008-06-03T00:00:00","modified_gmt":"2008-06-03T00:00:00","slug":"juventud-trabajo-desempleo-e-identidad-un-enfoque-psicosocial","status":"publish","type":"post","link":"https:\/\/www.deberes.net\/tesis\/sin-categoria\/juventud-trabajo-desempleo-e-identidad-un-enfoque-psicosocial\/","title":{"rendered":"Juventud, trabajo, desempleo e identidad:. un enfoque psicosocial."},"content":{"rendered":"<h2>Tesis doctoral de <strong> Jimena Del Carmen Gallardo G\u00f3ngora <\/strong><\/h2>\n<p>El prop\u00f3sito de esta investigaci\u00f3n radica en el estudio de algunos aspectos del trabajo en los j\u00f3venes chilenos desempleados, analizando su centralidad y considerando las influencias de los valores y significados que el trabajo tiene para los y las j\u00f3venes en el proceso de construcci\u00f3n de su identidad. El esfuerzo est\u00e1 encaminado a obtener una aproximaci\u00f3n al fen\u00f3meno del desempleo juvenil en chile que nos permita comprender la posici\u00f3n que los y las j\u00f3venes adoptan ante el trabajo en el contexto socioecon\u00f3mico y cultural en el cual han sido socializados y las formas en que el trabajo es concebido, conceptualizado y vivido. Como se puede observar, a primera vista, a partir de este objetivo general se desprenden o est\u00e1n implicados constructos\/fen\u00f3menos sustantivos de nuestra realidad social: la juventud, el trabajo-desempleo y la identidad. para tales efectos, esta investigaci\u00f3n comienza con la exposici\u00f3n de antecedentes del contexto econ\u00f3mico, social y cultural de am\u00e9rica latina, para posteriormente situarnos en el contexto chileno, escenario en el cual se inscribe la investigaci\u00f3n y desde donde \u00e9sta debe ser evaluada. En este sentido, presentamos algunos antecedentes generales del panorama social y econ\u00f3mico de am\u00e9rica latina, profundizando en temas como la pobreza y la desigualdad, por considerarlas fen\u00f3menos de gran relevancia para el an\u00e1lisis de los efectos psicosociales del desempleo en los pa\u00edses que componen la regi\u00f3n. As\u00ed, una vez situados en el escenario global en el cual se inscribe nuestra investigaci\u00f3n, y en el cual los(as) j\u00f3venes de nuestro estudio dan significados y un valor al trabajo, donde viven la experiencia del desempleo y en el cual construyen su identidad, estaremos en condiciones de proceder al an\u00e1lisis de los conceptos\/fen\u00f3menos que se desprenden de nuestro objetivo general. El tercer cap\u00edtulo de nuestra investigaci\u00f3n tiene como objetivo el an\u00e1lisis y la revisi\u00f3n cr\u00edtica del concepto juventud y t\u00e9rminos afines al mismo, as\u00ed como la delimitaci\u00f3n conceptual de la juventud en el contexto que anteriormente present\u00e1bamos. el cuarto cap\u00edtulo de nuestra investigaci\u00f3n est\u00e1 dirigido al an\u00e1lisis de los significados del trabajo desde una perspectiva hist\u00f3rica, a fin de estudiar las concepciones\/significados y representaciones sociales que \u00e9ste ha ido adquiriendo en distintas \u00e9pocas. En este sentido, la visi\u00f3n retrospectiva sobre qu\u00e9 se ha entendido por trabajo en el curso de nuestra historia, revela que \u00e9ste ha sido concebido de distintas formas a lo largo de diferentes etapas de la historia y en el marco de diversas civilizaciones. As\u00ed, hemos podido observar que se ha pasado de la concepci\u00f3n tradicional del trabajo como valor perif\u00e9rico, servil e instrumental hasta la actual concepci\u00f3n del trabajo, en tanto valor central, integrador y expresivo. La centralidad y la importancia del trabajo est\u00e1n determinadas por los significados y las funciones que \u00e9ste desempe\u00f1a en cada grupo social. El trabajo, adem\u00e1s de proporcionar una fuente de ingresos o medios para la supervivencia, nos provee de una estructura temporal, posibilita la interacci\u00f3n social y posee la funci\u00f3n de proporcionar un estatus e identidad personal y social. La importancia del trabajo en la construcci\u00f3n de la identidad juvenil, es el tema central del cap\u00edtulo v. el cap\u00edtulo vi, est\u00e1 dirigido a la revisi\u00f3n y an\u00e1lisis de las investigaciones que han establecido a trav\u00e9s de diversas modalidades los efectos del desempleo en los j\u00f3venes, centr\u00e1ndonos principalmente en sus efectos en la salud mental y en el proceso de desarrollo y construcci\u00f3n de la identidad de \u00e9stos. finalmente, en el cap\u00edtulo vii, se presentan los objetivos espec\u00edficos vinculados al trabajo emp\u00edrico; esto es, planificaci\u00f3n y dise\u00f1o de la investigaci\u00f3n relativa al objetivo general, objetivos espec\u00edficos de la investigaci\u00f3n, proceso y estrategia metodol\u00f3gica. Posteriormente, se presenta el an\u00e1lisis de las entrevistas, para finalmente en el cap\u00edtulo viii, presentar las conclusiones globales de la investigaci\u00f3n, integraci\u00f3n, integrando los resultados del an\u00e1lisis de los distintos ejes tem\u00e1ticos con los de nuestro estudio emp\u00edrico.<\/p>\n<p>&nbsp;<\/p>\n<h3>Datos acad\u00e9micos de la tesis doctoral \u00ab<strong>Juventud, trabajo, desempleo e identidad:. un enfoque psicosocial.<\/strong>\u00ab<\/h3>\n<ul>\n<li><strong>T\u00edtulo de la tesis:<\/strong>\u00a0 Juventud, trabajo, desempleo e identidad:. un enfoque psicosocial. <\/li>\n<li><strong>Autor:<\/strong>\u00a0 Jimena Del Carmen Gallardo G\u00f3ngora <\/li>\n<li><strong>Universidad:<\/strong>\u00a0 Complutense de Madrid<\/li>\n<li><strong>Fecha de lectura de la tesis:<\/strong>\u00a0 06\/03\/2008<\/li>\n<\/ul>\n<p>&nbsp;<\/p>\n<h3>Direcci\u00f3n y tribunal<\/h3>\n<ul>\n<li><strong>Director de la tesis<\/strong>\n<ul>\n<li>JoseLuis Alvaro Estramiana<\/li>\n<\/ul>\n<\/li>\n<li><strong>Tribunal<\/strong>\n<ul>\n<li>Presidente del tribunal: Jos\u00e9 ram\u00f3n Torregrosa peris <\/li>\n<li>lupicinio I\u00f1iguez rueda (vocal)<\/li>\n<li>josep M\u00aa Blanch ribas (vocal)<\/li>\n<li>esteban Agullo tomas (vocal)<\/li>\n<\/ul>\n<\/li>\n<\/ul>\n<p>&nbsp;<\/p>\n","protected":false},"excerpt":{"rendered":"<p>Tesis doctoral de Jimena Del Carmen Gallardo G\u00f3ngora El prop\u00f3sito de esta investigaci\u00f3n radica en el estudio de algunos aspectos [&hellip;]<\/p>\n","protected":false},"author":1,"featured_media":0,"comment_status":"open","ping_status":"open","sticky":false,"template":"","format":"standard","meta":{"site-sidebar-layout":"default","site-content-layout":"","ast-site-content-layout":"","site-content-style":"default","site-sidebar-style":"default","ast-global-header-display":"","ast-banner-title-visibility":"","ast-main-header-display":"","ast-hfb-above-header-display":"","ast-hfb-below-header-display":"","ast-hfb-mobile-header-display":"","site-post-title":"","ast-breadcrumbs-content":"","ast-featured-img":"","footer-sml-layout":"","theme-transparent-header-meta":"","adv-header-id-meta":"","stick-header-meta":"","header-above-stick-meta":"","header-main-stick-meta":"","header-below-stick-meta":"","astra-migrate-meta-layouts":"default","ast-page-background-enabled":"default","ast-page-background-meta":{"desktop":{"background-color":"var(--ast-global-color-4)","background-image":"","background-repeat":"repeat","background-position":"center center","background-size":"auto","background-attachment":"scroll","background-type":"","background-media":"","overlay-type":"","overlay-color":"","overlay-gradient":""},"tablet":{"background-color":"","background-image":"","background-repeat":"repeat","background-position":"center center","background-size":"auto","background-attachment":"scroll","background-type":"","background-media":"","overlay-type":"","overlay-color":"","overlay-gradient":""},"mobile":{"background-color":"","background-image":"","background-repeat":"repeat","background-position":"center center","background-size":"auto","background-attachment":"scroll","background-type":"","background-media":"","overlay-type":"","overlay-color":"","overlay-gradient":""}},"ast-content-background-meta":{"desktop":{"background-color":"var(--ast-global-color-5)","background-image":"","background-repeat":"repeat","background-position":"center center","background-size":"auto","background-attachment":"scroll","background-type":"","background-media":"","overlay-type":"","overlay-color":"","overlay-gradient":""},"tablet":{"background-color":"var(--ast-global-color-5)","background-image":"","background-repeat":"repeat","background-position":"center center","background-size":"auto","background-attachment":"scroll","background-type":"","background-media":"","overlay-type":"","overlay-color":"","overlay-gradient":""},"mobile":{"background-color":"var(--ast-global-color-5)","background-image":"","background-repeat":"repeat","background-position":"center center","background-size":"auto","background-attachment":"scroll","background-type":"","background-media":"","overlay-type":"","overlay-color":"","overlay-gradient":""}},"footnotes":""},"categories":[1],"tags":[36125,139805,139806,70217,139807,1171],"class_list":["post-63325","post","type-post","status-publish","format-standard","hentry","category-sin-categoria","tag-esteban-agullo-tomas","tag-jimena-del-carmen-gallardo-gongora","tag-jose-ramon-torregrosa-peris","tag-joseluis-alvaro-estramiana","tag-josep-ma-blanch-ribas","tag-lupicinio-iniguez-rueda"],"_links":{"self":[{"href":"https:\/\/www.deberes.net\/tesis\/wp-json\/wp\/v2\/posts\/63325","targetHints":{"allow":["GET"]}}],"collection":[{"href":"https:\/\/www.deberes.net\/tesis\/wp-json\/wp\/v2\/posts"}],"about":[{"href":"https:\/\/www.deberes.net\/tesis\/wp-json\/wp\/v2\/types\/post"}],"author":[{"embeddable":true,"href":"https:\/\/www.deberes.net\/tesis\/wp-json\/wp\/v2\/users\/1"}],"replies":[{"embeddable":true,"href":"https:\/\/www.deberes.net\/tesis\/wp-json\/wp\/v2\/comments?post=63325"}],"version-history":[{"count":0,"href":"https:\/\/www.deberes.net\/tesis\/wp-json\/wp\/v2\/posts\/63325\/revisions"}],"wp:attachment":[{"href":"https:\/\/www.deberes.net\/tesis\/wp-json\/wp\/v2\/media?parent=63325"}],"wp:term":[{"taxonomy":"category","embeddable":true,"href":"https:\/\/www.deberes.net\/tesis\/wp-json\/wp\/v2\/categories?post=63325"},{"taxonomy":"post_tag","embeddable":true,"href":"https:\/\/www.deberes.net\/tesis\/wp-json\/wp\/v2\/tags?post=63325"}],"curies":[{"name":"wp","href":"https:\/\/api.w.org\/{rel}","templated":true}]}}