{"id":63329,"date":"2008-06-03T00:00:00","date_gmt":"2008-06-03T00:00:00","guid":{"rendered":"https:\/\/www.deberes.net\/tesis\/sin-categoria\/propuesta-metodologica-para-el-estudio-de-la-segmentacion-de-los-mercados-de-trabajo-locales-un-estudio-empa%c2%adrico-inductivo-y-multidimensional\/"},"modified":"2008-06-03T00:00:00","modified_gmt":"2008-06-03T00:00:00","slug":"propuesta-metodologica-para-el-estudio-de-la-segmentacion-de-los-mercados-de-trabajo-locales-un-estudio-empa%c2%adrico-inductivo-y-multidimensional","status":"publish","type":"post","link":"https:\/\/www.deberes.net\/tesis\/economia-sectorial\/propuesta-metodologica-para-el-estudio-de-la-segmentacion-de-los-mercados-de-trabajo-locales-un-estudio-empa%c2%adrico-inductivo-y-multidimensional\/","title":{"rendered":"Propuesta metodol\u00f3gica para el estudio de la segmentaci\u00f3n de los mercados de trabajo locales : un estudio emp\u00edrico, inductivo y multidimensional"},"content":{"rendered":"<h2>Tesis doctoral de <strong> Celia Sanchez Lopez <\/strong><\/h2>\n<p>Este trabajo defiende que el desarrollo del enfoque de los mercados de trabajo segmentados marca un importante punto de inflexi\u00f3n en el an\u00e1lisis laboral, al invertir la metodolog\u00eda de an\u00e1lisis de la estructura que presentan los mercados de trabajo y al poner de manifiesto la multiplicidad de factores que intervienen en la estructuraci\u00f3n de los mismos. La hip\u00f3tesis central de este enfoque es que en el mercado de trabajo existen diferentes segmentos cuya existencia no queda explicada completamente por el nivel de cualificaci\u00f3n de la poblaci\u00f3n, como defiende la teor\u00eda del capital humano, sino que los determinantes de esta estructura pueden estar asociados a factores vinculados a la demanda, a la oferta de trabajo, a procesos hist\u00f3ricos, o a otros factores tradicionalmente considerados externos al modelo convencional, como el \u00e1mbito familiar, la zona de residencia o, el entorno socio-demogr\u00e1fico del individuo. Este trabajo de investigaci\u00f3n estudia la diversidad de factores que intervienen en la configuraci\u00f3n de los mercados laborales segmentados y la marcada dimensi\u00f3n territorial de los mismos. la dimensi\u00f3n territorial de la segmentaci\u00f3n laboral, aunque impl\u00edcita en los trabajos emp\u00edricos que empiezan a surgir a partir de los setenta fundamentalmente entre aqu\u00e9llos que se desarrollan bajo la tercera generaci\u00f3n de institucionalistas-segmentacionistas, como muestran los cap\u00edtulos 2 y 3, ha tenido un escaso impacto sobre la evoluci\u00f3n del an\u00e1lisis segmentaci\u00f3n laboral local, pese a la riqueza de sus aportaciones. Las diferencias que se observaban en las estructuras del empleo resultantes en los distintos trabajos emp\u00edricos, condujeron a que muchos de estos trabajos fuesen declarados como excesivamente emp\u00edricos y localistas. Quiz\u00e1s este hecho provocase el lento desarrollo de la dimensi\u00f3n territorial del empleo al desplazar el debate, entre defensores y detractores del enfoque de la segmentaci\u00f3n, m\u00e1s hacia la supuesta incapacidad del modelo segmentacionista para demostrar de forma emp\u00edrica y generalizada la existencia de dos segmentos, que hacia el estudio de los fundamentos de la estructuraci\u00f3n de los mercados como v\u00eda para combatir los problemas desigualdad, discriminaci\u00f3n y pobreza de los mercados de trabajo. bajo la concepci\u00f3n del mercado laboral defendida en este trabajo estos trabajos lejos de reflejar la inoperatividad del enfoque segmentacionista mostraban, bajo una metodolog\u00eda inductiva y multidimensional, que la segmentaci\u00f3n laboral lejos de ser universal, ven\u00eda determinada por combinaciones particulares de factores de diferente naturaleza: sociales, econ\u00f3micos, institucionales, culturales e incluso familiares. Una diversidad que dif\u00edcilmente puede implementarse en \u00fanico modelo generalizable a todos los mercados. bajo estas premisas las hip\u00f3tesis planteadas en este trabajo son: 1) que la oferta de trabajo participa activamente en la configuraci\u00f3n de los segmentos conforme a los principios defendidos desde la tercera generaci\u00f3n de institucionalistas-segmentacionistas; 2) que de la misma forma que existe una estructura del empleo, existe tambi\u00e9n una estructura del desempleo. El estudio complementario de ambas y de los elementos determinantes de las mismas, puede resultar e gran utilidad, no s\u00f3lo, porque contribuye a mejorar el conocimiento sobre el funcionamiento de los mercados de trabajo, sino tambi\u00e9n, porque ayuda a establecer l\u00edneas de acci\u00f3n m\u00e1s ajustadas a las necesidades de generaci\u00f3n de empleo en los territorios y 3) que es en el territorio donde los factores socio-econ\u00f3micos, personales, institucionales y ambientales se concretan dando lugar a procesos de estructuraci\u00f3n del mercado diferentes.<\/p>\n<p>&nbsp;<\/p>\n<h3>Datos acad\u00e9micos de la tesis doctoral \u00ab<strong>Propuesta metodol\u00f3gica para el estudio de la segmentaci\u00f3n de los mercados de trabajo locales : un estudio emp\u00edrico, inductivo y multidimensional<\/strong>\u00ab<\/h3>\n<ul>\n<li><strong>T\u00edtulo de la tesis:<\/strong>\u00a0 Propuesta metodol\u00f3gica para el estudio de la segmentaci\u00f3n de los mercados de trabajo locales : un estudio emp\u00edrico, inductivo y multidimensional <\/li>\n<li><strong>Autor:<\/strong>\u00a0 Celia Sanchez Lopez <\/li>\n<li><strong>Universidad:<\/strong>\u00a0 Huelva<\/li>\n<li><strong>Fecha de lectura de la tesis:<\/strong>\u00a0 06\/03\/2008<\/li>\n<\/ul>\n<p>&nbsp;<\/p>\n<h3>Direcci\u00f3n y tribunal<\/h3>\n<ul>\n<li><strong>Director de la tesis<\/strong>\n<ul>\n<li>Blanca Miedes Ugarte<\/li>\n<\/ul>\n<\/li>\n<li><strong>Tribunal<\/strong>\n<ul>\n<li>Presidente del tribunal: manuela adelaida De paz b\u00e1\u00f1ez <\/li>\n<li>jean jacques Girardot (vocal)<\/li>\n<li>albert Recio andreu (vocal)<\/li>\n<li>josep Banyuls llopis (vocal)<\/li>\n<\/ul>\n<\/li>\n<\/ul>\n<p>&nbsp;<\/p>\n","protected":false},"excerpt":{"rendered":"<p>Tesis doctoral de Celia Sanchez Lopez Este trabajo defiende que el desarrollo del enfoque de los mercados de trabajo segmentados [&hellip;]<\/p>\n","protected":false},"author":1,"featured_media":0,"comment_status":"open","ping_status":"open","sticky":false,"template":"","format":"standard","meta":{"site-sidebar-layout":"default","site-content-layout":"","ast-site-content-layout":"","site-content-style":"default","site-sidebar-style":"default","ast-global-header-display":"","ast-banner-title-visibility":"","ast-main-header-display":"","ast-hfb-above-header-display":"","ast-hfb-below-header-display":"","ast-hfb-mobile-header-display":"","site-post-title":"","ast-breadcrumbs-content":"","ast-featured-img":"","footer-sml-layout":"","theme-transparent-header-meta":"","adv-header-id-meta":"","stick-header-meta":"","header-above-stick-meta":"","header-main-stick-meta":"","header-below-stick-meta":"","astra-migrate-meta-layouts":"default","ast-page-background-enabled":"default","ast-page-background-meta":{"desktop":{"background-color":"var(--ast-global-color-4)","background-image":"","background-repeat":"repeat","background-position":"center center","background-size":"auto","background-attachment":"scroll","background-type":"","background-media":"","overlay-type":"","overlay-color":"","overlay-gradient":""},"tablet":{"background-color":"","background-image":"","background-repeat":"repeat","background-position":"center center","background-size":"auto","background-attachment":"scroll","background-type":"","background-media":"","overlay-type":"","overlay-color":"","overlay-gradient":""},"mobile":{"background-color":"","background-image":"","background-repeat":"repeat","background-position":"center center","background-size":"auto","background-attachment":"scroll","background-type":"","background-media":"","overlay-type":"","overlay-color":"","overlay-gradient":""}},"ast-content-background-meta":{"desktop":{"background-color":"var(--ast-global-color-5)","background-image":"","background-repeat":"repeat","background-position":"center center","background-size":"auto","background-attachment":"scroll","background-type":"","background-media":"","overlay-type":"","overlay-color":"","overlay-gradient":""},"tablet":{"background-color":"var(--ast-global-color-5)","background-image":"","background-repeat":"repeat","background-position":"center center","background-size":"auto","background-attachment":"scroll","background-type":"","background-media":"","overlay-type":"","overlay-color":"","overlay-gradient":""},"mobile":{"background-color":"var(--ast-global-color-5)","background-image":"","background-repeat":"repeat","background-position":"center center","background-size":"auto","background-attachment":"scroll","background-type":"","background-media":"","overlay-type":"","overlay-color":"","overlay-gradient":""}},"footnotes":""},"categories":[963,18975],"tags":[13969,39544,139818,139819,137233,2319],"class_list":["post-63329","post","type-post","status-publish","format-standard","hentry","category-economia-sectorial","category-huelva","tag-albert-recio-andreu","tag-blanca-miedes-ugarte","tag-celia-sanchez-lopez","tag-jean-jacques-girardot","tag-josep-banyuls-llopis","tag-manuela-adelaida-de-paz-banez"],"_links":{"self":[{"href":"https:\/\/www.deberes.net\/tesis\/wp-json\/wp\/v2\/posts\/63329","targetHints":{"allow":["GET"]}}],"collection":[{"href":"https:\/\/www.deberes.net\/tesis\/wp-json\/wp\/v2\/posts"}],"about":[{"href":"https:\/\/www.deberes.net\/tesis\/wp-json\/wp\/v2\/types\/post"}],"author":[{"embeddable":true,"href":"https:\/\/www.deberes.net\/tesis\/wp-json\/wp\/v2\/users\/1"}],"replies":[{"embeddable":true,"href":"https:\/\/www.deberes.net\/tesis\/wp-json\/wp\/v2\/comments?post=63329"}],"version-history":[{"count":0,"href":"https:\/\/www.deberes.net\/tesis\/wp-json\/wp\/v2\/posts\/63329\/revisions"}],"wp:attachment":[{"href":"https:\/\/www.deberes.net\/tesis\/wp-json\/wp\/v2\/media?parent=63329"}],"wp:term":[{"taxonomy":"category","embeddable":true,"href":"https:\/\/www.deberes.net\/tesis\/wp-json\/wp\/v2\/categories?post=63329"},{"taxonomy":"post_tag","embeddable":true,"href":"https:\/\/www.deberes.net\/tesis\/wp-json\/wp\/v2\/tags?post=63329"}],"curies":[{"name":"wp","href":"https:\/\/api.w.org\/{rel}","templated":true}]}}