{"id":63336,"date":"2008-07-03T00:00:00","date_gmt":"2008-07-03T00:00:00","guid":{"rendered":"https:\/\/www.deberes.net\/tesis\/sin-categoria\/higiene-e-imagen-de-higiene-en-la-baja-edad-media-el-caso-de-la-ciudad-de-gerona\/"},"modified":"2008-07-03T00:00:00","modified_gmt":"2008-07-03T00:00:00","slug":"higiene-e-imagen-de-higiene-en-la-baja-edad-media-el-caso-de-la-ciudad-de-gerona","status":"publish","type":"post","link":"https:\/\/www.deberes.net\/tesis\/historia-medieval\/higiene-e-imagen-de-higiene-en-la-baja-edad-media-el-caso-de-la-ciudad-de-gerona\/","title":{"rendered":"Higiene e imagen de higiene en la baja edad media; el caso de la ciudad de gerona"},"content":{"rendered":"<h2>Tesis doctoral de <strong> Pau Gerez Alum <\/strong><\/h2>\n<p>El objetivo de esta tesis es doble:  1.- Registrar, cotejar y valorar datos correspondientes a la baja edad media sobre las condiciones higi\u00e9nicas de los gerundenses, vistos \u00e9stos como un ejemplo de habitantes de una peque\u00f1a ciudad-tipo cristiana y mediterr\u00e1nea y  2.- Deducir, inferir, suponer la imagen que estos mismos gerundenses ten\u00edan de la higiene, de lo saludable, de lo limpio y de lo sucio.  estos dos objetivos nos permiten trabajar sobre la hip\u00f3tesis de que en ese per\u00edodo hubo una higiene privada y p\u00fablica y se daba una visi\u00f3n de la higiene personal y colectiva relativamente distinta a la de per\u00edodos anteriores, y que evolucionar\u00eda hasta llegar a la propia del renacimiento.  la evaluaci\u00f3n de los datos se efect\u00faa desde tres perspectivas. La primera de ellas se localizaa sobre el entorno urbano. La segunda perspectiva, la m\u00e9dica, se centra en el individuo en tanto que portador de una salud que debe proteger. Finalmente, la tercera perspectiva evaluativa m\u00e1s all\u00e1 de los datos materiales de limpieza y suciedad para adentrarse en la subjetividad de los abstractos \u00abotro\u00bb y \u00ablo\u00bb.<\/p>\n<p>&nbsp;<\/p>\n<h3>Datos acad\u00e9micos de la tesis doctoral \u00ab<strong>Higiene e imagen de higiene en la baja edad media; el caso de la ciudad de gerona<\/strong>\u00ab<\/h3>\n<ul>\n<li><strong>T\u00edtulo de la tesis:<\/strong>\u00a0 Higiene e imagen de higiene en la baja edad media; el caso de la ciudad de gerona <\/li>\n<li><strong>Autor:<\/strong>\u00a0 Pau Gerez Alum <\/li>\n<li><strong>Universidad:<\/strong>\u00a0 Nacional de educaci\u00f3n a distancia<\/li>\n<li><strong>Fecha de lectura de la tesis:<\/strong>\u00a0 07\/03\/2008<\/li>\n<\/ul>\n<p>&nbsp;<\/p>\n<h3>Direcci\u00f3n y tribunal<\/h3>\n<ul>\n<li><strong>Director de la tesis<\/strong>\n<ul>\n<li>Enrique Cantera Montenegro<\/li>\n<\/ul>\n<\/li>\n<li><strong>Tribunal<\/strong>\n<ul>\n<li>Presidente del tribunal:  \u00e1lvarez Palenzuela Vicente \u00e1ngel <\/li>\n<li>Juli\u00e1n Donado Vara (vocal)<\/li>\n<li>Jon Arrizabalaga Valbuena (vocal)<\/li>\n<li> Fuente P\u00e9rez Mar\u00eda Jes\u00fas (vocal)<\/li>\n<\/ul>\n<\/li>\n<\/ul>\n<p>&nbsp;<\/p>\n","protected":false},"excerpt":{"rendered":"<p>Tesis doctoral de Pau Gerez Alum El objetivo de esta tesis es doble: 1.- Registrar, cotejar y valorar datos correspondientes [&hellip;]<\/p>\n","protected":false},"author":1,"featured_media":0,"comment_status":"open","ping_status":"open","sticky":false,"template":"","format":"standard","meta":{"site-sidebar-layout":"default","site-content-layout":"","ast-site-content-layout":"","site-content-style":"default","site-sidebar-style":"default","ast-global-header-display":"","ast-banner-title-visibility":"","ast-main-header-display":"","ast-hfb-above-header-display":"","ast-hfb-below-header-display":"","ast-hfb-mobile-header-display":"","site-post-title":"","ast-breadcrumbs-content":"","ast-featured-img":"","footer-sml-layout":"","theme-transparent-header-meta":"","adv-header-id-meta":"","stick-header-meta":"","header-above-stick-meta":"","header-main-stick-meta":"","header-below-stick-meta":"","astra-migrate-meta-layouts":"default","ast-page-background-enabled":"default","ast-page-background-meta":{"desktop":{"background-color":"var(--ast-global-color-4)","background-image":"","background-repeat":"repeat","background-position":"center center","background-size":"auto","background-attachment":"scroll","background-type":"","background-media":"","overlay-type":"","overlay-color":"","overlay-gradient":""},"tablet":{"background-color":"","background-image":"","background-repeat":"repeat","background-position":"center center","background-size":"auto","background-attachment":"scroll","background-type":"","background-media":"","overlay-type":"","overlay-color":"","overlay-gradient":""},"mobile":{"background-color":"","background-image":"","background-repeat":"repeat","background-position":"center center","background-size":"auto","background-attachment":"scroll","background-type":"","background-media":"","overlay-type":"","overlay-color":"","overlay-gradient":""}},"ast-content-background-meta":{"desktop":{"background-color":"var(--ast-global-color-5)","background-image":"","background-repeat":"repeat","background-position":"center center","background-size":"auto","background-attachment":"scroll","background-type":"","background-media":"","overlay-type":"","overlay-color":"","overlay-gradient":""},"tablet":{"background-color":"var(--ast-global-color-5)","background-image":"","background-repeat":"repeat","background-position":"center center","background-size":"auto","background-attachment":"scroll","background-type":"","background-media":"","overlay-type":"","overlay-color":"","overlay-gradient":""},"mobile":{"background-color":"var(--ast-global-color-5)","background-image":"","background-repeat":"repeat","background-position":"center center","background-size":"auto","background-attachment":"scroll","background-type":"","background-media":"","overlay-type":"","overlay-color":"","overlay-gradient":""}},"footnotes":""},"categories":[119,17070],"tags":[29578,5300,139830,19783,132065,101152],"class_list":["post-63336","post","type-post","status-publish","format-standard","hentry","category-historia-medieval","category-nacional-de-educacion-a-distancia","tag-alvarez-palenzuela-vicente-angel","tag-enrique-cantera-montenegro","tag-fuente-perez-maria-jesus","tag-jon-arrizabalaga-valbuena","tag-julian-donado-vara","tag-pau-gerez-alum"],"_links":{"self":[{"href":"https:\/\/www.deberes.net\/tesis\/wp-json\/wp\/v2\/posts\/63336","targetHints":{"allow":["GET"]}}],"collection":[{"href":"https:\/\/www.deberes.net\/tesis\/wp-json\/wp\/v2\/posts"}],"about":[{"href":"https:\/\/www.deberes.net\/tesis\/wp-json\/wp\/v2\/types\/post"}],"author":[{"embeddable":true,"href":"https:\/\/www.deberes.net\/tesis\/wp-json\/wp\/v2\/users\/1"}],"replies":[{"embeddable":true,"href":"https:\/\/www.deberes.net\/tesis\/wp-json\/wp\/v2\/comments?post=63336"}],"version-history":[{"count":0,"href":"https:\/\/www.deberes.net\/tesis\/wp-json\/wp\/v2\/posts\/63336\/revisions"}],"wp:attachment":[{"href":"https:\/\/www.deberes.net\/tesis\/wp-json\/wp\/v2\/media?parent=63336"}],"wp:term":[{"taxonomy":"category","embeddable":true,"href":"https:\/\/www.deberes.net\/tesis\/wp-json\/wp\/v2\/categories?post=63336"},{"taxonomy":"post_tag","embeddable":true,"href":"https:\/\/www.deberes.net\/tesis\/wp-json\/wp\/v2\/tags?post=63336"}],"curies":[{"name":"wp","href":"https:\/\/api.w.org\/{rel}","templated":true}]}}