{"id":63350,"date":"2008-07-03T00:00:00","date_gmt":"2008-07-03T00:00:00","guid":{"rendered":"https:\/\/www.deberes.net\/tesis\/sin-categoria\/biomonitorizacion-de-pacientes-oncologicos-sometidos-a-quimioterapia\/"},"modified":"2008-07-03T00:00:00","modified_gmt":"2008-07-03T00:00:00","slug":"biomonitorizacion-de-pacientes-oncologicos-sometidos-a-quimioterapia","status":"publish","type":"post","link":"https:\/\/www.deberes.net\/tesis\/oncologia\/biomonitorizacion-de-pacientes-oncologicos-sometidos-a-quimioterapia\/","title":{"rendered":"Biomonitorizacion de pacientes oncologicos sometidos a quimioterapia"},"content":{"rendered":"<h2>Tesis doctoral de <strong> Esther Uriol Egido <\/strong><\/h2>\n<p>En eta tesis se ha analizado si en tres poblaciones de pacientes de con tumores de mama, de sistema nervioso central o sarcomas, el tratamiento de quimioterapia al que est\u00e1n sometidos los pacientes provoca da\u00f1os en el adn de sus c\u00e9lulas sanas. Esta biomoniotrizaci\u00f3n se ha llevado a cabo mediante el ensayo del cometa, una potente herramienta en la detecci\u00f3n de roturas de adn. Los resultados muetran que, de manera general, los pacientes se pueden clasificar en dos grandes grupos en funci\u00f3n de la detecci\u00f3n de roturas mediante el ensayo del cometa. Adem\u00e1s, en las tres poblaciones se han encontrado relaciones entre estas roturas y diversos par\u00e1metros cl\u00ednicos analizados, como las toxicidades hematol\u00f3gica y hep\u00e1tica o algunos factores pron\u00f3stico y predictivos de la enfermedad. Por otro lado, los ensayos del cometa y de mutaci\u00f3n som\u00e1tica y recombinaci\u00f3n en drosophila melanogaster permitieron determinar la acci\u00f3n clastog\u00e9ncia y\/o recombinog\u00e9nica de algunos de los agentes utilizados en los tratamientos quimioterap\u00e9uticos in vivo. Por \u00faltimo, la combinaci\u00f3n de los resultados del cometa en pacientes oncol\u00f3gicos tratados con gemcitabina con los datos de la farmacocin\u00e9tica de este agente demostr\u00f3 la gran utilidad de este tipo de estudios.<\/p>\n<p>&nbsp;<\/p>\n<h3>Datos acad\u00e9micos de la tesis doctoral \u00ab<strong>Biomonitorizacion de pacientes oncologicos sometidos a quimioterapia<\/strong>\u00ab<\/h3>\n<ul>\n<li><strong>T\u00edtulo de la tesis:<\/strong>\u00a0 Biomonitorizacion de pacientes oncologicos sometidos a quimioterapia <\/li>\n<li><strong>Autor:<\/strong>\u00a0 Esther Uriol Egido <\/li>\n<li><strong>Universidad:<\/strong>\u00a0 Oviedo<\/li>\n<li><strong>Fecha de lectura de la tesis:<\/strong>\u00a0 07\/03\/2008<\/li>\n<\/ul>\n<p>&nbsp;<\/p>\n<h3>Direcci\u00f3n y tribunal<\/h3>\n<ul>\n<li><strong>Director de la tesis<\/strong>\n<ul>\n<li> Comendador Garcia Miguel Angel<\/li>\n<\/ul>\n<\/li>\n<li><strong>Tribunal<\/strong>\n<ul>\n<li>Presidente del tribunal:  Giraldez ceballos escalera ramon <\/li>\n<li>eduardo De la pe\u00f1a torres (vocal)<\/li>\n<li>angel Jimenez lacave (vocal)<\/li>\n<li>amadeu Creus capdevila (vocal)<\/li>\n<\/ul>\n<\/li>\n<\/ul>\n<p>&nbsp;<\/p>\n","protected":false},"excerpt":{"rendered":"<p>Tesis doctoral de Esther Uriol Egido En eta tesis se ha analizado si en tres poblaciones de pacientes de con [&hellip;]<\/p>\n","protected":false},"author":1,"featured_media":0,"comment_status":"open","ping_status":"open","sticky":false,"template":"","format":"standard","meta":{"site-sidebar-layout":"default","site-content-layout":"","ast-site-content-layout":"","site-content-style":"default","site-sidebar-style":"default","ast-global-header-display":"","ast-banner-title-visibility":"","ast-main-header-display":"","ast-hfb-above-header-display":"","ast-hfb-below-header-display":"","ast-hfb-mobile-header-display":"","site-post-title":"","ast-breadcrumbs-content":"","ast-featured-img":"","footer-sml-layout":"","theme-transparent-header-meta":"","adv-header-id-meta":"","stick-header-meta":"","header-above-stick-meta":"","header-main-stick-meta":"","header-below-stick-meta":"","astra-migrate-meta-layouts":"default","ast-page-background-enabled":"default","ast-page-background-meta":{"desktop":{"background-color":"var(--ast-global-color-4)","background-image":"","background-repeat":"repeat","background-position":"center center","background-size":"auto","background-attachment":"scroll","background-type":"","background-media":"","overlay-type":"","overlay-color":"","overlay-gradient":""},"tablet":{"background-color":"","background-image":"","background-repeat":"repeat","background-position":"center center","background-size":"auto","background-attachment":"scroll","background-type":"","background-media":"","overlay-type":"","overlay-color":"","overlay-gradient":""},"mobile":{"background-color":"","background-image":"","background-repeat":"repeat","background-position":"center center","background-size":"auto","background-attachment":"scroll","background-type":"","background-media":"","overlay-type":"","overlay-color":"","overlay-gradient":""}},"ast-content-background-meta":{"desktop":{"background-color":"var(--ast-global-color-5)","background-image":"","background-repeat":"repeat","background-position":"center center","background-size":"auto","background-attachment":"scroll","background-type":"","background-media":"","overlay-type":"","overlay-color":"","overlay-gradient":""},"tablet":{"background-color":"var(--ast-global-color-5)","background-image":"","background-repeat":"repeat","background-position":"center center","background-size":"auto","background-attachment":"scroll","background-type":"","background-media":"","overlay-type":"","overlay-color":"","overlay-gradient":""},"mobile":{"background-color":"var(--ast-global-color-5)","background-image":"","background-repeat":"repeat","background-position":"center center","background-size":"auto","background-attachment":"scroll","background-type":"","background-media":"","overlay-type":"","overlay-color":"","overlay-gradient":""}},"footnotes":""},"categories":[1027,8846],"tags":[13694,9011,8908,8911,139869,8863],"class_list":["post-63350","post","type-post","status-publish","format-standard","hentry","category-oncologia","category-oviedo","tag-amadeu-creus-capdevila","tag-angel-jimenez-lacave","tag-comendador-garcia-miguel-angel","tag-eduardo-de-la-pena-torres","tag-esther-uriol-egido","tag-giraldez-ceballos-escalera-ramon"],"_links":{"self":[{"href":"https:\/\/www.deberes.net\/tesis\/wp-json\/wp\/v2\/posts\/63350","targetHints":{"allow":["GET"]}}],"collection":[{"href":"https:\/\/www.deberes.net\/tesis\/wp-json\/wp\/v2\/posts"}],"about":[{"href":"https:\/\/www.deberes.net\/tesis\/wp-json\/wp\/v2\/types\/post"}],"author":[{"embeddable":true,"href":"https:\/\/www.deberes.net\/tesis\/wp-json\/wp\/v2\/users\/1"}],"replies":[{"embeddable":true,"href":"https:\/\/www.deberes.net\/tesis\/wp-json\/wp\/v2\/comments?post=63350"}],"version-history":[{"count":0,"href":"https:\/\/www.deberes.net\/tesis\/wp-json\/wp\/v2\/posts\/63350\/revisions"}],"wp:attachment":[{"href":"https:\/\/www.deberes.net\/tesis\/wp-json\/wp\/v2\/media?parent=63350"}],"wp:term":[{"taxonomy":"category","embeddable":true,"href":"https:\/\/www.deberes.net\/tesis\/wp-json\/wp\/v2\/categories?post=63350"},{"taxonomy":"post_tag","embeddable":true,"href":"https:\/\/www.deberes.net\/tesis\/wp-json\/wp\/v2\/tags?post=63350"}],"curies":[{"name":"wp","href":"https:\/\/api.w.org\/{rel}","templated":true}]}}